{"id":25210,"date":"2025-04-30T14:16:12","date_gmt":"2025-04-30T18:16:12","guid":{"rendered":"https:\/\/noticiasveraces.com\/?p=25210"},"modified":"2025-04-30T14:16:12","modified_gmt":"2025-04-30T18:16:12","slug":"igualdad-estudia-una-reforma-del-codigo-penal-para-proteger-a-las-victimas-de-violencia-vicaria-ante-casos-como-el-del-libro-el-odio-sobre-jose-breton-sociedad","status":"publish","type":"post","link":"https:\/\/noticiasveraces.com\/?p=25210","title":{"rendered":"Igualdad estudia una reforma del C\u00f3digo Penal para proteger a las v\u00edctimas de violencia vicaria ante casos como el del libro \u2018El odio\u2019, sobre Jos\u00e9 Bret\u00f3n | Sociedad"},"content":{"rendered":"<p> \n<br \/><img decoding=\"async\" src=\"https:\/\/imagenes.elpais.com\/resizer\/v2\/JXXCPK2KL3BYESAMGABT3AYFCQ.jpg?auth=b9851e9c5cc85ffaa5189e048456441b709b36dbc92247c977a82ef5beba092d\" \/><\/p>\n<div data-dtm-region=\"articulo_cuerpo\">\n<p class=\"\">El Ministerio de Igualdad estudia promover una reforma del C\u00f3digo Penal para prohibir que los agresores vicarios difundan p\u00fablicamente detalles de sus cr\u00edmenes, provocando mayor da\u00f1o a\u00fan para las v\u00edctimas, y evitar que se repita lo sucedido con Jos\u00e9 Bret\u00f3n y el libro <i>El odio<\/i>.<\/p>\n<p class=\"\">Fuentes de Igualdad han explicado que se tratar\u00eda de modificar los art\u00edculos 39 y 48 del C\u00f3digo Penal, relativos a penas privativas de derechos, para incluir en la prohibici\u00f3n de comunicaci\u00f3n con la v\u00edctima el veto a la difusi\u00f3n y la comunicaci\u00f3n p\u00fablica de cuestiones relativas al crimen.<\/p>\n<p class=\"\">El objetivo, detallan desde el ministerio, es impedir que el agresor pueda pasearse por medios de comunicaci\u00f3n y hacer entrevistas y declaraciones que produzcan situaciones de revictimizaci\u00f3n y lesionar a\u00fan m\u00e1s los derechos de las personas afectadas. Ser\u00e1 un juez el que deba dictar esta medida, cuando estime que la difusi\u00f3n p\u00fablica de estos contenidos tenga como prop\u00f3sito o efecto el da\u00f1o a las v\u00edctimas. <\/p>\n<p class=\"\">En el art\u00edculo 39 del C\u00f3digo Penal se establecen penas como la prohibici\u00f3n de aproximaci\u00f3n, la privaci\u00f3n del derecho a tener armas, la retirada de la patria potestad o la suspensi\u00f3n de cargo p\u00fablico. En el 48, se detallan algunas de estas medidas y se establece que pueda acordarse su vigilancia mediante dispositivos de control telem\u00e1tico.<\/p>\n<p class=\"\">De prosperar esta modificaci\u00f3n del C\u00f3digo Penal, se evitar\u00eda que volviera a repetirse lo sucedido con Jos\u00e9 Bret\u00f3n, que asesin\u00f3 a sus hijos y posteriormente se entrevist\u00f3 con el escritor Luisg\u00e9 Mart\u00edn que estaba trabajando en la escritura del libro <i>El odio<\/i>cuya publicaci\u00f3n termin\u00f3 siendo cancelada por la editorial Anagrama tras la presi\u00f3n social generada despu\u00e9s de que Ruth Ortiz, madre de los menores, recurriera a la justicia para paralizar su distribuci\u00f3n.<\/p>\n<p class=\"\">Desde Igualdad indican que hay dos v\u00edas para canalizar esta reforma: impulsarla de forma aislada o esperar a incluirla en un paquete de medidas sobre violencia vicaria que se consens\u00fae en el Congreso con los distintos grupos parlamentarios, en el marco del Pacto de Estado contra la Violencia de G\u00e9nero.<\/p>\n<p class=\"\">El nuevo dictamen del Pacto, aprobado hace unas semanas, incluye diversas medidas relativas a la violencia que se ejerce directamente contra los ni\u00f1os y ni\u00f1as de las mujeres v\u00edctimas de violencia de g\u00e9nero.<\/p>\n<p class=\"\">Desde Igualdad consideran que la legislaci\u00f3n espa\u00f1ola deber\u00eda contar asimismo con una definici\u00f3n de violencia vicaria que abarque las distintas situaciones con las que los agresores quieren hacer da\u00f1o a sus parejas o exparejas atacando a sus hijos. <\/p>\n<p class=\"\">En lo que va de a\u00f1o, 11<b> <\/b>mujeres han sido asesinadas por sus parejas o exparejas. Desde que arranc\u00f3 la estad\u00edstica oficial, en 2003, son 1.305<b> <\/b>mujeres; y desde 2013 son 63 los menores asesinados por sus padres o las parejas de sus madres.<\/p>\n<p class=\"\"><i>El tel\u00e9fono 016 atiende a las v\u00edctimas de violencia machista, a sus familias y a su entorno las 24 horas del d\u00eda, todos los d\u00edas del a\u00f1o, en 53 idiomas diferentes. El n\u00famero no queda registrado en la factura telef\u00f3nica, pero hay que borrar la llamada del dispositivo. Tambi\u00e9n se puede contactar a trav\u00e9s del correo electr\u00f3nico <\/i><i>016-online@igualdad.gob.es<\/i><i>  y por WhatsApp en el n\u00famero 600 000 016. Los menores pueden dirigirse al tel\u00e9fono de la Fundaci\u00f3n ANAR 900 20 20 10. Si es una situaci\u00f3n de emergencia, se puede llamar al 112 o a los tel\u00e9fonos de la Polic\u00eda Nacional (091) y de la Guardia Civil (062). Y en caso de no poder llamar, se puede recurrir a la aplicaci\u00f3n ALERTCOPS, desde la que se env\u00eda una se\u00f1al de alerta a la Polic\u00eda con geolocalizaci\u00f3n.<\/i><\/p>\n<\/div>\n\n","protected":false},"excerpt":{"rendered":"<p>El Ministerio de Igualdad estudia promover una reforma del C\u00f3digo Penal para prohibir que los agresores vicarios difundan p\u00fablicamente detalles de sus cr\u00edmenes, provocando mayor da\u00f1o a\u00fan para las v\u00edctimas, y evitar que se repita lo sucedido con Jos\u00e9 Bret\u00f3n y el libro El odio. Fuentes de Igualdad han explicado que se tratar\u00eda de modificar &hellip;<\/p>\n","protected":false},"author":1,"featured_media":25212,"comment_status":"open","ping_status":"open","sticky":false,"template":"","format":"standard","meta":{"fifu_image_url":"https:\/\/imagenes.elpais.com\/resizer\/v2\/JXXCPK2KL3BYESAMGABT3AYFCQ.jpg?auth=b9851e9c5cc85ffaa5189e048456441b709b36dbc92247c977a82ef5beba092d&width=1200","fifu_image_alt":"","footnotes":""},"categories":[11],"tags":[],"class_list":["post-25210","post","type-post","status-publish","format-standard","has-post-thumbnail","","category-viaje"],"_links":{"self":[{"href":"https:\/\/noticiasveraces.com\/index.php?rest_route=\/wp\/v2\/posts\/25210","targetHints":{"allow":["GET"]}}],"collection":[{"href":"https:\/\/noticiasveraces.com\/index.php?rest_route=\/wp\/v2\/posts"}],"about":[{"href":"https:\/\/noticiasveraces.com\/index.php?rest_route=\/wp\/v2\/types\/post"}],"author":[{"embeddable":true,"href":"https:\/\/noticiasveraces.com\/index.php?rest_route=\/wp\/v2\/users\/1"}],"replies":[{"embeddable":true,"href":"https:\/\/noticiasveraces.com\/index.php?rest_route=%2Fwp%2Fv2%2Fcomments&post=25210"}],"version-history":[{"count":0,"href":"https:\/\/noticiasveraces.com\/index.php?rest_route=\/wp\/v2\/posts\/25210\/revisions"}],"wp:featuredmedia":[{"embeddable":true,"href":"https:\/\/noticiasveraces.com\/index.php?rest_route=\/wp\/v2\/media\/25212"}],"wp:attachment":[{"href":"https:\/\/noticiasveraces.com\/index.php?rest_route=%2Fwp%2Fv2%2Fmedia&parent=25210"}],"wp:term":[{"taxonomy":"category","embeddable":true,"href":"https:\/\/noticiasveraces.com\/index.php?rest_route=%2Fwp%2Fv2%2Fcategories&post=25210"},{"taxonomy":"post_tag","embeddable":true,"href":"https:\/\/noticiasveraces.com\/index.php?rest_route=%2Fwp%2Fv2%2Ftags&post=25210"}],"curies":[{"name":"wp","href":"https:\/\/api.w.org\/{rel}","templated":true}]}}