{"id":25184,"date":"2025-04-30T08:39:36","date_gmt":"2025-04-30T12:39:36","guid":{"rendered":"https:\/\/noticiasveraces.com\/?p=25184"},"modified":"2025-04-30T08:39:36","modified_gmt":"2025-04-30T12:39:36","slug":"friedrich-merz-liderara-a-alemania-como-cdu-forms-coalition-con-spd-excluyendo-afd","status":"publish","type":"post","link":"https:\/\/noticiasveraces.com\/?p=25184","title":{"rendered":"Friedrich Merz liderar\u00e1 a Alemania como CDU Forms Coalition con SPD, excluyendo AfD"},"content":{"rendered":"<p> \n<\/p>\n<div>\n<div class=\"article-gating gated-overlay show-gate\">\n<div class=\"article-gating-wrapper\">\n<p>\u00danase a Fox News para acceder a este contenido<\/p>\n<p>Has alcanzado su n\u00famero m\u00e1ximo de art\u00edculos. Inicie sesi\u00f3n o cree una cuenta de forma gratuita para continuar leyendo.<\/p>\n<div class=\"article-gating-legal tablet-desktop\">Al ingresar su correo electr\u00f3nico y presionar continuar, usted acepta los t\u00e9rminos de uso y la pol\u00edtica de privacidad de Fox News, que incluye nuestro aviso de incentivo financiero.\n    <\/div>\n<p><span>Por favor, introduce una direcci\u00f3n de correo electr\u00f3nico v\u00e1lida.<\/span><\/p>\n<footer class=\"article-gating-footer\">\u00bfTiene problemas? Haga clic aqu\u00ed.<\/footer>\n<\/div>\n<\/div>\n<p class=\"speakable\">Un acuerdo de coalici\u00f3n en Alemania ha allanado el camino para que el l\u00edder conservador Friedrich Merz se convierta en el d\u00e9cimo canciller del pa\u00eds desde la Segunda Guerra Mundial. Como parte del acuerdo, el partido saliente del canciller Olaf Scholz, los socialdem\u00f3cratas (SPD), se unir\u00e1 a la Uni\u00f3n Democr\u00e1tica Cristiana de Merz (CDU).<\/p>\n<p class=\"speakable\">Ambas partes en el acuerdo han descartado el gobierno con la alternativa de la parte de extrema derecha para Alemania (AFD).<\/p>\n<div class=\"image-ct inline\">\n<div class=\"m\"><picture><source media=\"(max-width: 767px)\" srcset=\"https:\/\/a57.foxnews.com\/static.foxnews.com\/foxnews.com\/content\/uploads\/2025\/04\/343\/192\/friedrich-merz-german-leader.jpg?ve=1&amp;tl=1, https:\/\/a57.foxnews.com\/static.foxnews.com\/foxnews.com\/content\/uploads\/2025\/04\/686\/384\/friedrich-merz-german-leader.jpg?ve=1&amp;tl=1 2x\" height=\"192\" width=\"343\"><source media=\"(min-width: 768px) and (max-width: 1023px)\" srcset=\"https:\/\/a57.foxnews.com\/static.foxnews.com\/foxnews.com\/content\/uploads\/2025\/04\/672\/378\/friedrich-merz-german-leader.jpg?ve=1&amp;tl=1, https:\/\/a57.foxnews.com\/static.foxnews.com\/foxnews.com\/content\/uploads\/2025\/04\/1344\/756\/friedrich-merz-german-leader.jpg?ve=1&amp;tl=1 2x\" height=\"378\" width=\"672\"><source media=\"(min-width: 1024px) and (max-width: 1279px)\" srcset=\"https:\/\/a57.foxnews.com\/static.foxnews.com\/foxnews.com\/content\/uploads\/2025\/04\/931\/523\/friedrich-merz-german-leader.jpg?ve=1&amp;tl=1, https:\/\/a57.foxnews.com\/static.foxnews.com\/foxnews.com\/content\/uploads\/2025\/04\/1862\/1046\/friedrich-merz-german-leader.jpg?ve=1&amp;tl=1 2x\" height=\"523\" width=\"931\"><source media=\"(min-width: 1280px)\" srcset=\"https:\/\/a57.foxnews.com\/static.foxnews.com\/foxnews.com\/content\/uploads\/2025\/04\/720\/405\/friedrich-merz-german-leader.jpg?ve=1&amp;tl=1, https:\/\/a57.foxnews.com\/static.foxnews.com\/foxnews.com\/content\/uploads\/2025\/04\/1440\/810\/friedrich-merz-german-leader.jpg?ve=1&amp;tl=1 2x\" height=\"405\" width=\"720\"><img loading=\"lazy\" decoding=\"async\" src=\"https:\/\/a57.foxnews.com\/static.foxnews.com\/foxnews.com\/content\/uploads\/2025\/04\/1200\/675\/friedrich-merz-german-leader.jpg?ve=1&amp;tl=1\" alt=\"Friedrich Merz\" width=\"1200\" height=\"675\"\/><\/source><\/source><\/source><\/source><\/picture><\/div>\n<div class=\"info\">\n<div class=\"caption\">\n<p><span>Se espera que Friedrich Merz se convierta en el pr\u00f3ximo l\u00edder de Alemania despu\u00e9s de la Uni\u00f3n Democr\u00e1tica Cristiana de Centro de Definici\u00f3n y los Socialdem\u00f3cratas del Centro de izquierda a la izquierda llegaron a un acuerdo para formar un nuevo gobierno alem\u00e1n.<\/span> <span>(Michael Kappeler\/DPA a trav\u00e9s de AP)<\/span><\/p>\n<\/div>\n<\/div>\n<\/div>\n<p><strong>Trump celebra la victoria del Partido Conservador en Alemania<\/strong><\/p>\n<p>CDU, junto con su Partido Hermana B\u00e1vara, la Uni\u00f3n Social Cristiana (CSU), gan\u00f3 las elecciones de Alemania en febrero despu\u00e9s de obtener el 28.6% de los votos, seg\u00fan la emisora \u200b\u200binternacional de Alemania Deutsche Welle (DW). <\/p>\n<p>La AFD obtuvo el 20.8% de los votos. Mientras tanto, el SPD de Scholz gan\u00f3 solo el 16,4% de los votos, su peor resultado desde la Segunda Guerra Mundial, seg\u00fan Associated Press (AP).<\/p>\n<p>El acuerdo de la coalici\u00f3n se vot\u00f3 entre los m\u00e1s de 358,000 miembros del SPD a trav\u00e9s de una votaci\u00f3n en l\u00ednea. M\u00e1s de la mitad, el 56% de los miembros del partido votaron en el acuerdo, y de los que emitieron su voto, el 84.6% estaban a favor, inform\u00f3 la AP.<\/p>\n<div class=\"image-ct inline\">\n<div class=\"m\"><picture><source media=\"(max-width: 767px)\" srcset=\"https:\/\/a57.foxnews.com\/static.foxnews.com\/foxnews.com\/content\/uploads\/2025\/02\/343\/192\/germany-election-conservative-victory.jpg?ve=1&amp;tl=1, https:\/\/a57.foxnews.com\/static.foxnews.com\/foxnews.com\/content\/uploads\/2025\/02\/686\/384\/germany-election-conservative-victory.jpg?ve=1&amp;tl=1 2x\" height=\"192\" width=\"343\"><source media=\"(min-width: 768px) and (max-width: 1023px)\" srcset=\"https:\/\/a57.foxnews.com\/static.foxnews.com\/foxnews.com\/content\/uploads\/2025\/02\/672\/378\/germany-election-conservative-victory.jpg?ve=1&amp;tl=1, https:\/\/a57.foxnews.com\/static.foxnews.com\/foxnews.com\/content\/uploads\/2025\/02\/1344\/756\/germany-election-conservative-victory.jpg?ve=1&amp;tl=1 2x\" height=\"378\" width=\"672\"><source media=\"(min-width: 1024px) and (max-width: 1279px)\" srcset=\"https:\/\/a57.foxnews.com\/static.foxnews.com\/foxnews.com\/content\/uploads\/2025\/02\/931\/523\/germany-election-conservative-victory.jpg?ve=1&amp;tl=1, https:\/\/a57.foxnews.com\/static.foxnews.com\/foxnews.com\/content\/uploads\/2025\/02\/1862\/1046\/germany-election-conservative-victory.jpg?ve=1&amp;tl=1 2x\" height=\"523\" width=\"931\"><source media=\"(min-width: 1280px)\" srcset=\"https:\/\/a57.foxnews.com\/static.foxnews.com\/foxnews.com\/content\/uploads\/2025\/02\/720\/405\/germany-election-conservative-victory.jpg?ve=1&amp;tl=1, https:\/\/a57.foxnews.com\/static.foxnews.com\/foxnews.com\/content\/uploads\/2025\/02\/1440\/810\/germany-election-conservative-victory.jpg?ve=1&amp;tl=1 2x\" height=\"405\" width=\"720\"><img loading=\"lazy\" decoding=\"async\" src=\"https:\/\/a57.foxnews.com\/static.foxnews.com\/foxnews.com\/content\/uploads\/2025\/02\/1200\/675\/germany-election-conservative-victory.jpg?ve=1&amp;tl=1\" alt=\"Las encuestas de salida alemanas muestran a los conservadores del l\u00edder de la oposici\u00f3n Friedrich Merz que lideran en las elecciones.\" width=\"1200\" height=\"675\"\/><\/source><\/source><\/source><\/source><\/picture><\/div>\n<div class=\"info\">\n<div class=\"caption\">\n<p><span>Un residente emite un voto en una estaci\u00f3n de votaci\u00f3n en Berl\u00edn, Alemania, el 23 de febrero de 2025, durante las elecciones nacionales alemanas.<\/span> <span>(AP Photo\/Michael Probst)<\/span><\/p>\n<\/div>\n<\/div>\n<\/div>\n<p><strong>El nuevo l\u00edder de Alemania busca distanciarse de Europa desde Trump<\/strong><\/p>\n<p>CDU\/CSU y SPD est\u00e1n buscando invertir en la infraestructura de Alemania, aumentar el salario m\u00ednimo a $ 17.01 por hora y limitar los alquileres, seg\u00fan Reuters, que cit\u00f3 el contrato de coalici\u00f3n.<\/p>\n<p>El acuerdo de la coalici\u00f3n le da a SPD varias posiciones principales, incluidas las finanzas, la justicia y los ministerios de defensa, seg\u00fan la AP. En total, SPD pudo asegurar siete puestos del ministerio, inform\u00f3 DW. <\/p>\n<div class=\"image-ct inline\">\n<div class=\"m\"><picture><source media=\"(max-width: 767px)\" srcset=\"https:\/\/a57.foxnews.com\/static.foxnews.com\/foxnews.com\/content\/uploads\/2025\/04\/343\/192\/german-deal-1.jpg?ve=1&amp;tl=1, https:\/\/a57.foxnews.com\/static.foxnews.com\/foxnews.com\/content\/uploads\/2025\/04\/686\/384\/german-deal-1.jpg?ve=1&amp;tl=1 2x\" height=\"192\" width=\"343\"><source media=\"(min-width: 768px) and (max-width: 1023px)\" srcset=\"https:\/\/a57.foxnews.com\/static.foxnews.com\/foxnews.com\/content\/uploads\/2025\/04\/672\/378\/german-deal-1.jpg?ve=1&amp;tl=1, https:\/\/a57.foxnews.com\/static.foxnews.com\/foxnews.com\/content\/uploads\/2025\/04\/1344\/756\/german-deal-1.jpg?ve=1&amp;tl=1 2x\" height=\"378\" width=\"672\"><source media=\"(min-width: 1024px) and (max-width: 1279px)\" srcset=\"https:\/\/a57.foxnews.com\/static.foxnews.com\/foxnews.com\/content\/uploads\/2025\/04\/931\/523\/german-deal-1.jpg?ve=1&amp;tl=1, https:\/\/a57.foxnews.com\/static.foxnews.com\/foxnews.com\/content\/uploads\/2025\/04\/1862\/1046\/german-deal-1.jpg?ve=1&amp;tl=1 2x\" height=\"523\" width=\"931\"><source media=\"(min-width: 1280px)\" srcset=\"https:\/\/a57.foxnews.com\/static.foxnews.com\/foxnews.com\/content\/uploads\/2025\/04\/720\/405\/german-deal-1.jpg?ve=1&amp;tl=1, https:\/\/a57.foxnews.com\/static.foxnews.com\/foxnews.com\/content\/uploads\/2025\/04\/1440\/810\/german-deal-1.jpg?ve=1&amp;tl=1 2x\" height=\"405\" width=\"720\"><img loading=\"lazy\" decoding=\"async\" src=\"https:\/\/a57.foxnews.com\/static.foxnews.com\/foxnews.com\/content\/uploads\/2025\/04\/1200\/675\/german-deal-1.jpg?ve=1&amp;tl=1\" alt=\"Friedrich Merz de CDU y Lars Klingbeil de SPD\" width=\"1200\" height=\"675\"\/><\/source><\/source><\/source><\/source><\/picture><\/div>\n<div class=\"info\">\n<div class=\"caption\">\n<p><span>El canciller de Alemania en espera y el l\u00edder del Partido de la Uni\u00f3n Democr\u00e1tica Cristiana (CDU) Friedrich Merz y el co-l\u00edder del Partido Socialdem\u00f3crata (SPD) Lars Klingbeil asisten a una conferencia de prensa despu\u00e9s de llegar a un acuerdo sobre su gobierno de coalici\u00f3n en Berl\u00edn, Alemania, 9 de abril de 2025. <\/span> <span>(Reuters\/Annegret Saludos)<\/span><\/p>\n<\/div>\n<\/div>\n<\/div>\n<p><strong><u>Haga clic aqu\u00ed para obtener la aplicaci\u00f3n Fox News<\/u><\/strong><strong> <\/strong><\/p>\n<p>Adem\u00e1s, el l\u00edder de SPD, Lars Klingbeil, se convertir\u00e1 en Vicecanciller y Ministro de Finanzas, una posici\u00f3n clave a medida que el pa\u00eds trata las ramificaciones de las tarifas del presidente Donald Trump.<\/p>\n<p>\u00abEn estos tiempos muy dif\u00edciles en la pol\u00edtica global, asumimos la responsabilidad de nuestra seguridad, por el crecimiento econ\u00f3mico, los empleos seguros y la igualdad de oportunidades\u00bb, dijo el secretario general de SPD, Matthias Miersch, seg\u00fan Reuters.<\/p>\n<p>Merz celebr\u00f3 la aprobaci\u00f3n de SPD del acuerdo en una publicaci\u00f3n sobre X, que fue traducida por Reuters.<\/p>\n<p>\u00abLa amplia aprobaci\u00f3n de nuestro acuerdo de coalici\u00f3n muestra que el centro pol\u00edtico es capaz de tomar medidas y asumir la responsabilidad. Esto despeja el camino para un gobierno fuerte que finalmente resolver\u00e1 los problemas de nuestro pa\u00eds\u00bb, escribi\u00f3 Merz, seg\u00fan una traducci\u00f3n de Reuters. <\/p>\n<\/div>\n\n","protected":false},"excerpt":{"rendered":"<p>\u00danase a Fox News para acceder a este contenido Has alcanzado su n\u00famero m\u00e1ximo de art\u00edculos. Inicie sesi\u00f3n o cree una cuenta de forma gratuita para continuar leyendo. Al ingresar su correo electr\u00f3nico y presionar continuar, usted acepta los t\u00e9rminos de uso y la pol\u00edtica de privacidad de Fox News, que incluye nuestro aviso de &hellip;<\/p>\n","protected":false},"author":1,"featured_media":25186,"comment_status":"open","ping_status":"open","sticky":false,"template":"","format":"standard","meta":{"fifu_image_url":"https:\/\/static.foxnews.com\/foxnews.com\/content\/uploads\/2025\/04\/friedrich-merz-german-leader.jpg","fifu_image_alt":"","footnotes":""},"categories":[13],"tags":[],"class_list":["post-25184","post","type-post","status-publish","format-standard","has-post-thumbnail","","category-mundo"],"_links":{"self":[{"href":"https:\/\/noticiasveraces.com\/index.php?rest_route=\/wp\/v2\/posts\/25184","targetHints":{"allow":["GET"]}}],"collection":[{"href":"https:\/\/noticiasveraces.com\/index.php?rest_route=\/wp\/v2\/posts"}],"about":[{"href":"https:\/\/noticiasveraces.com\/index.php?rest_route=\/wp\/v2\/types\/post"}],"author":[{"embeddable":true,"href":"https:\/\/noticiasveraces.com\/index.php?rest_route=\/wp\/v2\/users\/1"}],"replies":[{"embeddable":true,"href":"https:\/\/noticiasveraces.com\/index.php?rest_route=%2Fwp%2Fv2%2Fcomments&post=25184"}],"version-history":[{"count":0,"href":"https:\/\/noticiasveraces.com\/index.php?rest_route=\/wp\/v2\/posts\/25184\/revisions"}],"wp:featuredmedia":[{"embeddable":true,"href":"https:\/\/noticiasveraces.com\/index.php?rest_route=\/wp\/v2\/media\/25186"}],"wp:attachment":[{"href":"https:\/\/noticiasveraces.com\/index.php?rest_route=%2Fwp%2Fv2%2Fmedia&parent=25184"}],"wp:term":[{"taxonomy":"category","embeddable":true,"href":"https:\/\/noticiasveraces.com\/index.php?rest_route=%2Fwp%2Fv2%2Fcategories&post=25184"},{"taxonomy":"post_tag","embeddable":true,"href":"https:\/\/noticiasveraces.com\/index.php?rest_route=%2Fwp%2Fv2%2Ftags&post=25184"}],"curies":[{"name":"wp","href":"https:\/\/api.w.org\/{rel}","templated":true}]}}