{"id":25176,"date":"2025-04-30T07:38:43","date_gmt":"2025-04-30T11:38:43","guid":{"rendered":"https:\/\/noticiasveraces.com\/?p=25176"},"modified":"2025-04-30T07:38:43","modified_gmt":"2025-04-30T11:38:43","slug":"rusia-aumenta-los-ataques-contra-ucrania-en-la-semana-critica-para-las-conversaciones-de-paz","status":"publish","type":"post","link":"https:\/\/noticiasveraces.com\/?p=25176","title":{"rendered":"Rusia aumenta los ataques contra Ucrania en la semana &#8216;cr\u00edtica&#8217; para las conversaciones de paz"},"content":{"rendered":"<p> \n<\/p>\n<div>\n<p class=\"speakable\">El ej\u00e9rcito de Ucrania dijo que Rusia \u00abaument\u00f3 la intensidad\u00bb de sus combates durante lo que el Secretario de Estado Marco Rubio llam\u00f3 \u00abuna semana muy cr\u00edtica\u00bb para las conversaciones de paz. <\/p>\n<p class=\"speakable\">El personal general de las Fuerzas Armadas de Ucrania inform\u00f3 que ha habido 177 enfrentamientos de combate en el \u00faltimo d\u00eda, incluidos 91 ataques a\u00e9reos \u00aben las posiciones de las unidades y asentamientos ucranianos\u00bb. La lucha se produce a pesar de que el presidente ruso, Vladimir Putin, anunci\u00f3 recientemente un alto el fuego de tres d\u00edas el pr\u00f3ximo mes para conmemorar el 80 aniversario del D\u00eda de la Victoria de la Segunda Guerra Mundial. <\/p>\n<p>\u00abA pesar de las fuertes declaraciones de preparaci\u00f3n para el fuego para las vacaciones de mayo, los ocupantes han aumentado significativamente la intensidad de los combates\u00bb, dijo en un comunicado el general Oleksandr Syrskyi, jefe del ej\u00e9rcito de Ucrania, en un comunicado el mi\u00e9rcoles. <\/p>\n<p>Durante una aparici\u00f3n del domingo por la ma\u00f1ana en \u00abMeet the Press\u00bb de NBC, Rubio dijo que un acuerdo de paz entre Ucrania y Rusia \u00abtodav\u00eda no est\u00e1 all\u00ed\u00bb, pero se\u00f1al\u00f3 que \u00abuna semana muy cr\u00edtica\u00bb se adelanta en ese esfuerzo. <\/p>\n<p><strong>Rubio toma el tono sombr\u00edo en el acuerdo de paz de Rusia-Ukraine: \u00abCerrar pero no suficiente\u00bb<\/strong><strong> <\/strong><\/p>\n<div class=\"image-ct inline\">\n<div class=\"m\"><picture><source media=\"(max-width: 767px)\" srcset=\"https:\/\/a57.foxnews.com\/static.foxnews.com\/foxnews.com\/content\/uploads\/2025\/04\/343\/192\/russian-airstrike-in-ukraine.jpg?ve=1&amp;tl=1, https:\/\/a57.foxnews.com\/static.foxnews.com\/foxnews.com\/content\/uploads\/2025\/04\/686\/384\/russian-airstrike-in-ukraine.jpg?ve=1&amp;tl=1 2x\" height=\"192\" width=\"343\"><source media=\"(min-width: 768px) and (max-width: 1023px)\" srcset=\"https:\/\/a57.foxnews.com\/static.foxnews.com\/foxnews.com\/content\/uploads\/2025\/04\/672\/378\/russian-airstrike-in-ukraine.jpg?ve=1&amp;tl=1, https:\/\/a57.foxnews.com\/static.foxnews.com\/foxnews.com\/content\/uploads\/2025\/04\/1344\/756\/russian-airstrike-in-ukraine.jpg?ve=1&amp;tl=1 2x\" height=\"378\" width=\"672\"><source media=\"(min-width: 1024px) and (max-width: 1279px)\" srcset=\"https:\/\/a57.foxnews.com\/static.foxnews.com\/foxnews.com\/content\/uploads\/2025\/04\/931\/523\/russian-airstrike-in-ukraine.jpg?ve=1&amp;tl=1, https:\/\/a57.foxnews.com\/static.foxnews.com\/foxnews.com\/content\/uploads\/2025\/04\/1862\/1046\/russian-airstrike-in-ukraine.jpg?ve=1&amp;tl=1 2x\" height=\"523\" width=\"931\"><source media=\"(min-width: 1280px)\" srcset=\"https:\/\/a57.foxnews.com\/static.foxnews.com\/foxnews.com\/content\/uploads\/2025\/04\/720\/405\/russian-airstrike-in-ukraine.jpg?ve=1&amp;tl=1, https:\/\/a57.foxnews.com\/static.foxnews.com\/foxnews.com\/content\/uploads\/2025\/04\/1440\/810\/russian-airstrike-in-ukraine.jpg?ve=1&amp;tl=1 2x\" height=\"405\" width=\"720\"><img loading=\"lazy\" decoding=\"async\" src=\"https:\/\/a57.foxnews.com\/static.foxnews.com\/foxnews.com\/content\/uploads\/2025\/04\/1200\/675\/russian-airstrike-in-ukraine.jpg?ve=1&amp;tl=1\" alt=\"Da\u00f1o de huelga de drones rusos en Ucrania\" width=\"1200\" height=\"675\"\/><\/source><\/source><\/source><\/source><\/picture><\/div>\n<div class=\"info\">\n<div class=\"caption\">\n<p><span>Un rescatador trabaja en un sitio de una huelga de aviones no tripulados rusos en Dnipro, Ucrania, en una foto publicada el mi\u00e9rcoles 30 de abril.<\/span> <span>(Gobernador de Dnipropetrovsk Administraci\u00f3n Civil Militar Regional Serhiy Lysak a trav\u00e9s de Telegram\/FollEd a trav\u00e9s de Reuters)<\/span><\/p>\n<\/div>\n<\/div>\n<\/div>\n<p>\u00abLa \u00faltima semana se ha tratado de averiguar qu\u00e9 tan cerca est\u00e1n realmente estos lados, y est\u00e1n lo suficientemente cerca como para que esto merezca una inversi\u00f3n continua de nuestro tiempo como mediador a este respecto\u00bb, dijo Rubio.  <\/p>\n<p>\u00abEsta semana ser\u00e1 una semana muy importante en la que debemos determinar si este es un esfuerzo en el que queremos continuar participando, o si es hora de centrarnos en otros temas que son igualmente, si no m\u00e1s, en algunos casos\u00bb, continu\u00f3. <\/p>\n<p>\u00abHemos hecho un progreso real, pero los \u00faltimos dos pasos de este viaje siempre ser\u00edan los m\u00e1s dif\u00edciles\u00bb, dijo Rubio tambi\u00e9n. \u00abDebe suceder pronto. No podemos continuar, como dije, para dedicar tiempo y recursos a este tema si no va a concretarse\u00bb. <\/p>\n<p><strong>Rusia declara el alto el fuego de 3 d\u00edas en Ucrania para el D\u00eda de la Victoria de la Segunda Guerra Mundial<\/strong><strong> <\/strong><\/p>\n<div class=\"image-ct inline\">\n<div class=\"m\"><picture><source media=\"(max-width: 767px)\" srcset=\"https:\/\/a57.foxnews.com\/static.foxnews.com\/foxnews.com\/content\/uploads\/2025\/04\/343\/192\/trump-zelenskyy.jpg?ve=1&amp;tl=1, https:\/\/a57.foxnews.com\/static.foxnews.com\/foxnews.com\/content\/uploads\/2025\/04\/686\/384\/trump-zelenskyy.jpg?ve=1&amp;tl=1 2x\" height=\"192\" width=\"343\"><source media=\"(min-width: 768px) and (max-width: 1023px)\" srcset=\"https:\/\/a57.foxnews.com\/static.foxnews.com\/foxnews.com\/content\/uploads\/2025\/04\/672\/378\/trump-zelenskyy.jpg?ve=1&amp;tl=1, https:\/\/a57.foxnews.com\/static.foxnews.com\/foxnews.com\/content\/uploads\/2025\/04\/1344\/756\/trump-zelenskyy.jpg?ve=1&amp;tl=1 2x\" height=\"378\" width=\"672\"><source media=\"(min-width: 1024px) and (max-width: 1279px)\" srcset=\"https:\/\/a57.foxnews.com\/static.foxnews.com\/foxnews.com\/content\/uploads\/2025\/04\/931\/523\/trump-zelenskyy.jpg?ve=1&amp;tl=1, https:\/\/a57.foxnews.com\/static.foxnews.com\/foxnews.com\/content\/uploads\/2025\/04\/1862\/1046\/trump-zelenskyy.jpg?ve=1&amp;tl=1 2x\" height=\"523\" width=\"931\"><source media=\"(min-width: 1280px)\" srcset=\"https:\/\/a57.foxnews.com\/static.foxnews.com\/foxnews.com\/content\/uploads\/2025\/04\/720\/405\/trump-zelenskyy.jpg?ve=1&amp;tl=1, https:\/\/a57.foxnews.com\/static.foxnews.com\/foxnews.com\/content\/uploads\/2025\/04\/1440\/810\/trump-zelenskyy.jpg?ve=1&amp;tl=1 2x\" height=\"405\" width=\"720\"><img loading=\"lazy\" decoding=\"async\" src=\"https:\/\/a57.foxnews.com\/static.foxnews.com\/foxnews.com\/content\/uploads\/2025\/04\/1200\/675\/trump-zelenskyy.jpg?ve=1&amp;tl=1\" alt=\"El presidente Donald Trump y el presidente ucraniano Volodymyr Zlenksyy\" width=\"1200\" height=\"675\"\/><\/source><\/source><\/source><\/source><\/picture><\/div>\n<div class=\"info\">\n<div class=\"caption\">\n<p><span>El presidente Donald Trump se re\u00fane cara a cara con el presidente ucraniano, Volodymyr Zelenskyy, el s\u00e1bado 26 de abril por primera vez desde su escupida de la Oficina Oval en febrero.<\/span> <span>(Vaticano y Ucrania Embajador en Santa Sede)<\/span><\/p>\n<\/div>\n<\/div>\n<\/div>\n<p>La Casa Blanca revel\u00f3 el lunes que el presidente Donald Trump quiere hacer \u00ablo que sea necesario\u00bb para traer a Putin a la mesa para las conversaciones de paz con Ucrania, incluida la abofetear a Rusia con sanciones adicionales. <\/p>\n<p>Durante el fin de semana, Trump escribi\u00f3 en Truth Social: \u00abEsta es la guerra de Sleepy Joe Biden, no la m\u00eda\u00bb. <\/p>\n<div class=\"image-ct inline\">\n<div class=\"m\"><picture><source media=\"(max-width: 767px)\" srcset=\"https:\/\/a57.foxnews.com\/static.foxnews.com\/foxnews.com\/content\/uploads\/2025\/04\/343\/192\/vladimir-putin.png?ve=1&amp;tl=1, https:\/\/a57.foxnews.com\/static.foxnews.com\/foxnews.com\/content\/uploads\/2025\/04\/686\/384\/vladimir-putin.png?ve=1&amp;tl=1 2x\" height=\"192\" width=\"343\"><source media=\"(min-width: 768px) and (max-width: 1023px)\" srcset=\"https:\/\/a57.foxnews.com\/static.foxnews.com\/foxnews.com\/content\/uploads\/2025\/04\/672\/378\/vladimir-putin.png?ve=1&amp;tl=1, https:\/\/a57.foxnews.com\/static.foxnews.com\/foxnews.com\/content\/uploads\/2025\/04\/1344\/756\/vladimir-putin.png?ve=1&amp;tl=1 2x\" height=\"378\" width=\"672\"><source media=\"(min-width: 1024px) and (max-width: 1279px)\" srcset=\"https:\/\/a57.foxnews.com\/static.foxnews.com\/foxnews.com\/content\/uploads\/2025\/04\/931\/523\/vladimir-putin.png?ve=1&amp;tl=1, https:\/\/a57.foxnews.com\/static.foxnews.com\/foxnews.com\/content\/uploads\/2025\/04\/1862\/1046\/vladimir-putin.png?ve=1&amp;tl=1 2x\" height=\"523\" width=\"931\"><source media=\"(min-width: 1280px)\" srcset=\"https:\/\/a57.foxnews.com\/static.foxnews.com\/foxnews.com\/content\/uploads\/2025\/04\/720\/405\/vladimir-putin.png?ve=1&amp;tl=1, https:\/\/a57.foxnews.com\/static.foxnews.com\/foxnews.com\/content\/uploads\/2025\/04\/1440\/810\/vladimir-putin.png?ve=1&amp;tl=1 2x\" height=\"405\" width=\"720\"><img loading=\"lazy\" decoding=\"async\" src=\"https:\/\/a57.foxnews.com\/static.foxnews.com\/foxnews.com\/content\/uploads\/2025\/04\/1200\/675\/vladimir-putin.png?ve=1&amp;tl=1\" alt=\"Vladimir Putin\" width=\"1200\" height=\"675\"\/><\/source><\/source><\/source><\/source><\/picture><\/div>\n<div class=\"info\">\n<div class=\"caption\">\n<p><span>El presidente de Rusia, Vladimir Putin, preside una reuni\u00f3n del Consejo de Seguridad en el Kremlin en Mosc\u00fa el 28 de marzo.<\/span> <span>(Sergei Ilyin\/AFP a trav\u00e9s de Getty Images)<\/span><\/p>\n<\/div>\n<\/div>\n<\/div>\n<p><strong>Haga clic aqu\u00ed para obtener la aplicaci\u00f3n Fox News<\/strong><strong> <\/strong><\/p>\n<p>\u00abFue un perdedor desde el primer d\u00eda, y nunca deber\u00eda haber sucedido, y no hubiera sucedido si fuera presidente en ese momento. Solo estoy tratando de limpiar el desastre que me dej\u00f3 Obama y Biden, y qu\u00e9 desastre es. Con todo esto, no hab\u00eda raz\u00f3n para que Putin disparara misiles en \u00e1reas civiles, ciudades y ciudades, en los \u00faltimos d\u00edas\u00bb, escribi\u00f3 Trump. \u00abMe hace pensar que tal vez no quiere detener la guerra, solo me est\u00e1 aprovechando y tiene que ser tratado de manera diferente, a trav\u00e9s de &#8216;banca&#8217; o &#8216;sanciones secundarias&#8217;? \u00a1Demasiada gente est\u00e1 muriendo! \u00bb <\/p>\n<p><i>Anders Hagstrom y Stephen Sorace de Fox News Digital contribuyeron a este informe. <\/i><\/p>\n<p> <!----> <\/p>\n<div class=\"article-meta\">\n<div class=\"author-bio\">\n<p>Greg Norman es reportero de Fox News Digital.<\/p>\n<\/div>\n<\/div>\n<\/div>\n\n","protected":false},"excerpt":{"rendered":"<p>El ej\u00e9rcito de Ucrania dijo que Rusia \u00abaument\u00f3 la intensidad\u00bb de sus combates durante lo que el Secretario de Estado Marco Rubio llam\u00f3 \u00abuna semana muy cr\u00edtica\u00bb para las conversaciones de paz. El personal general de las Fuerzas Armadas de Ucrania inform\u00f3 que ha habido 177 enfrentamientos de combate en el \u00faltimo d\u00eda, incluidos 91 &hellip;<\/p>\n","protected":false},"author":1,"featured_media":25178,"comment_status":"open","ping_status":"open","sticky":false,"template":"","format":"standard","meta":{"fifu_image_url":"https:\/\/static.foxnews.com\/foxnews.com\/content\/uploads\/2025\/04\/russian-airstrike-in-ukraine.jpg","fifu_image_alt":"","footnotes":""},"categories":[13],"tags":[],"class_list":["post-25176","post","type-post","status-publish","format-standard","has-post-thumbnail","","category-mundo"],"_links":{"self":[{"href":"https:\/\/noticiasveraces.com\/index.php?rest_route=\/wp\/v2\/posts\/25176","targetHints":{"allow":["GET"]}}],"collection":[{"href":"https:\/\/noticiasveraces.com\/index.php?rest_route=\/wp\/v2\/posts"}],"about":[{"href":"https:\/\/noticiasveraces.com\/index.php?rest_route=\/wp\/v2\/types\/post"}],"author":[{"embeddable":true,"href":"https:\/\/noticiasveraces.com\/index.php?rest_route=\/wp\/v2\/users\/1"}],"replies":[{"embeddable":true,"href":"https:\/\/noticiasveraces.com\/index.php?rest_route=%2Fwp%2Fv2%2Fcomments&post=25176"}],"version-history":[{"count":0,"href":"https:\/\/noticiasveraces.com\/index.php?rest_route=\/wp\/v2\/posts\/25176\/revisions"}],"wp:featuredmedia":[{"embeddable":true,"href":"https:\/\/noticiasveraces.com\/index.php?rest_route=\/wp\/v2\/media\/25178"}],"wp:attachment":[{"href":"https:\/\/noticiasveraces.com\/index.php?rest_route=%2Fwp%2Fv2%2Fmedia&parent=25176"}],"wp:term":[{"taxonomy":"category","embeddable":true,"href":"https:\/\/noticiasveraces.com\/index.php?rest_route=%2Fwp%2Fv2%2Fcategories&post=25176"},{"taxonomy":"post_tag","embeddable":true,"href":"https:\/\/noticiasveraces.com\/index.php?rest_route=%2Fwp%2Fv2%2Ftags&post=25176"}],"curies":[{"name":"wp","href":"https:\/\/api.w.org\/{rel}","templated":true}]}}