{"id":25171,"date":"2025-04-30T07:16:17","date_gmt":"2025-04-30T11:16:17","guid":{"rendered":"https:\/\/noticiasveraces.com\/?p=25171"},"modified":"2025-04-30T07:16:17","modified_gmt":"2025-04-30T11:16:17","slug":"ubs-q1-ganantes-2025","status":"publish","type":"post","link":"https:\/\/noticiasveraces.com\/?p=25171","title":{"rendered":"UBS Q1 GANANTES 2025"},"content":{"rendered":"<p> \n<\/p>\n<div id=\"RegularArticle-ArticleBody-5\" data-module=\"ArticleBody\" data-test=\"articleBody-2\" data-analytics=\"RegularArticle-articleBody-5-2\"><span class=\"HighlightShare-hidden\" style=\"top:0;left:0\"\/><\/p>\n<div class=\"InlineImage-imageEmbed\" id=\"ArticleBody-InlineImage-107211554\" data-test=\"InlineImage\">\n<div class=\"InlineImage-wrapper\">\n<div>\n<p>El logotipo USB de los Tres Keys se ve fuera de la oficina de Londres de Swiss Bank UBS en el centro de Londres, el 20 de marzo de 2023.<\/p>\n<p>Daniel Leal | AFP | Getty Images<\/p>\n<\/div>\n<\/div>\n<\/div>\n<div class=\"group\">\n<p>Wiss gigante <span class=\"QuoteInBody-quoteNameContainer\" data-test=\"QuoteInBody\" id=\"RegularArticle-QuoteInBody-1\">UBS<span class=\"QuoteInBody-inlineButton\"><span class=\"AddToWatchlistButton-watchlistContainer\" id=\"-WatchlistDropdown\" data-analytics-id=\"-WatchlistDropdown\"><button class=\"AddToWatchlistButton-watchlistButton\" aria-label=\"Add To Watchlist\" data-testid=\"dropdown-btn\"><span class=\"AddToWatchlistButton-addWatchListFromTag\"\/><\/button><\/span><\/span><\/span>  El mi\u00e9rcoles super\u00f3 las expectativas de fondo en medio de fuertes rendimientos en la banca de inversi\u00f3n mientras se advierte<strong> <\/strong>Del impacto comercial mundial de barrer las tarifas estadounidenses, ya que busca controlar la fuerte disminuci\u00f3n de las acciones.<\/p>\n<p>La ganancia neta atribuible a los accionistas alcanz\u00f3 los $ 1.692 mil millones en el primer trimestre, en comparaci\u00f3n con un pron\u00f3stico medio de $ 1.359 mil millones en una encuesta de analistas de LSEG. Los ingresos grupales sobre el tramo se situaron en $ 12.557 mil millones, versus expectativas de analistas de $ 12.99 mil millones.<\/p>\n<p><strong>Otros aspectos destacados del primer trimestre incluyen:<\/strong><\/p>\n<ul>\n<li>El retorno de la equidad tangible alcanz\u00f3 el 8,5%, versus 3.9% en el cuarto trimestre.<\/li>\n<li>La relaci\u00f3n de capital CET 1, una medida de solvencia bancaria, fue del 14.3%, sin cambios desde el trimestre de diciembre.<\/li>\n<\/ul>\n<p>El prestamista dijo que entreg\u00f3 un aumento interanual del 32% en los ingresos de la unidad de mercados globales de su brazo de banca de inversi\u00f3n, impulsada en gran medida por \u00abmayor actividad del cliente en acciones y FX con ganancias en todas las regiones\u00bb. Tambi\u00e9n logr\u00f3 un aumento del 15% en el aumento de las transacciones en los ingresos en su unidad clave de gesti\u00f3n de patrimonio global.<\/p>\n<p>En declaraciones a Carolin Roth de CNBC el mi\u00e9rcoles, el CEO de UBS, Sergio Ermotti, reconoci\u00f3 un \u00abentorno desafiante\u00bb en el primer trimestre, con una serie de primeras semanas \u00abdefinitivamente extremadamente vol\u00e1tiles\u00bb en abril que respaldaron los picos en el volumen de transacciones que a veces excedieron los niveles de Covid-19 en un 30%.<\/p>\n<\/div>\n<div role=\"region\" aria-labelledby=\"Placeholder-ArticleBody-Video-108138466\">\n<div role=\"button\" tabindex=\"0\" id=\"Placeholder-ArticleBody-Video-108138466\" class=\"PlaceHolder-wrapper\" data-vilynx-id=\"7000374380\" data-test=\"VideoPlaceHolder\">\n<div class=\"InlineVideo-videoEmbed\" id=\"InlineVideo-0\" data-test=\"InlineVideo\">\n<div class=\"InlineVideo-wrapper\">\n<div class=\"InlineVideo-inlineThumbnailContainer\"><img decoding=\"async\" class=\"InlineVideo-videoThumbnail\" src=\"https:\/\/image.cnbcfm.com\/api\/v1\/image\/108138505-Ermotti_SS.png?v=1746008661&amp;w=750&amp;h=422&amp;vtcrop=y\" alt=\"Se espera m\u00e1s volatilidad del mercado, dice el CEO de UBS Ermotti\"\/><span class=\"InlineVideo-videoButton\"\/><span\/><\/div>\n<\/div>\n<\/div>\n<\/div>\n<\/div>\n<div class=\"group\">\n<p>Cr\u00edticamente, el prestamista registr\u00f3 $ 1.629 mil millones en sus ingresos por intereses netos (NII), la diferencia entre las ganancias de los pr\u00e9stamos y las inversiones y los pagos de dep\u00f3sitos, un 16% m\u00e1s interanual y 11% desde el cuarto trimestre, guiando m\u00e1s disminuciones en el trimestre de junio.<\/p>\n<p>\u00abEn el segundo trimestre, esperamos que los ingresos por intereses netos (NII) en la gesti\u00f3n de patrimonio global disminuyan secuencialmente por un bajo porcentaje de un solo d\u00edgito, y vemos una disminuci\u00f3n similar en la NII de la Banca Personal y Corporativa en Frances suizos.<\/p>\n<p>Los inversores est\u00e1n observando con entusiasmo estas m\u00e9tricas a medida que los bancos europeos hacen la transici\u00f3n a un entorno de flexibilizaci\u00f3n monetaria, particularmente en Suiza, que ha estado combatiendo un fuerte franco y una inflaci\u00f3n deprimida con tasas de inter\u00e9s tan bajas como 0.25%.<\/p>\n<p>Ermotti dijo que \u00abno est\u00e1 demasiado preocupado\u00bb por los movimientos de tasas de inter\u00e9s.<\/p>\n<p>\u00abCreo que ahora estamos en una situaci\u00f3n en la que es casi como una zona neutral y bastante aburrida\u00bb, se\u00f1al\u00f3. \u00abSi las tarifas suben o bajan desde aqu\u00ed en los francos suizos, entonces veremos una posible recogida en NII. Pero es prematuro hablar sobre si esto se materializar\u00e1\u00bb.<\/p>\n<p>Por separado, UBS confirm\u00f3 el mi\u00e9rcoles que hab\u00eda completado $ 500 millones en recompras de acciones y ten\u00eda la intenci\u00f3n de seguir adelante con un plan de recompra de $ 2.5 mil millones para el resto de 2025.<\/p>\n<p>\u00abEn general, un conjunto decente de resultados, aunque impulsado por ganancias no b\u00e1sicas y una mayor actividad comercial en IB y GWM, todos los cuales pueden no ser sostenibles, mientras que NII ha perdido las expectativas nuevamente\u00bb, dijeron los analistas de Citi en una nota del mi\u00e9rcoles despu\u00e9s de que UBS inform\u00f3.<\/p>\n<p>Las acciones del prestamista aumentaron un 1,64% a las 08:30 a.m., hora de Londres.<\/p>\n<\/div>\n<h2 class=\"ArticleBody-subtitle\">Perspectiva arancelaria<\/h2>\n<div class=\"group\">\n<p>Depuesto este mes como el banco m\u00e1s grande de Europa continental por capitalizaci\u00f3n de mercado por Banco Santander, UBS ha sufrido una disminuci\u00f3n de las acciones de aproximadamente el 10% en el a\u00f1o hasta la fecha, con la peor parte de las p\u00e9rdidas registradas despu\u00e9s de la imposici\u00f3n de aranceles de la Casa Blanca a los socios comerciales globales el 2 de abril.<\/p>\n<p>Suiza enfrenta un deber del 31% si no est\u00e1 de acuerdo en un acuerdo comercial m\u00e1s conciliatorio al final del respiro de 90 d\u00edas de Washington a principios de julio. Comparativamente, la Uni\u00f3n Europea fue alcanzada con el 20% en los grav\u00e1menes estadounidenses.<\/p>\n<p>Las tensiones con Washington y una perspectiva potencial de recesi\u00f3n para la econom\u00eda m\u00e1s grande del mundo hechizan problemas para el gigante bancario suizo y su divisi\u00f3n de gesti\u00f3n de patrimonio global que gira dinero, con alrededor de la mitad de los activos invertidos de UBS concentrados en la regi\u00f3n m\u00e1s amplia de las Am\u00e9ricas el a\u00f1o pasado.<\/p>\n<\/div>\n<div role=\"region\" aria-labelledby=\"Placeholder-ArticleBody-Video-108138514\">\n<div role=\"button\" tabindex=\"0\" id=\"Placeholder-ArticleBody-Video-108138514\" class=\"PlaceHolder-wrapper\" data-vilynx-id=\"7000374393\" data-test=\"VideoPlaceHolder\">\n<div class=\"InlineVideo-videoEmbed\" id=\"InlineVideo-0\" data-test=\"InlineVideo\">\n<div class=\"InlineVideo-wrapper\">\n<div class=\"InlineVideo-inlineThumbnailContainer\"><img decoding=\"async\" class=\"InlineVideo-videoThumbnail\" src=\"https:\/\/image.cnbcfm.com\/api\/v1\/image\/108138515-17460091891746009187-39590460406-1080pnbcnews.jpg?v=1746009188&amp;w=750&amp;h=422&amp;vtcrop=y\" alt=\"Los bancos han realizado solo unos pocos cambios en la orientaci\u00f3n en medio de la incertidumbre global, dice el analista\"\/><span class=\"InlineVideo-videoButton\"\/><span\/><\/div>\n<\/div>\n<\/div>\n<\/div>\n<\/div>\n<div class=\"group\">\n<p>\u00abLos cambios r\u00e1pidos y significativos en los aranceles comerciales, el mayor riesgo de escalada y un aumento significativo de la incertidumbre macroecon\u00f3mica condujeron a una gran volatilidad del mercado en las primeras semanas de abril\u00bb, dijo UBS el mi\u00e9rcoles. \u00abCon una amplia gama de posibles resultados, el camino econ\u00f3mico es particularmente impredecible. La perspectiva de mayores aranceles sobre el comercio global presenta un riesgo material para el crecimiento y la inflaci\u00f3n global, nublando las perspectivas de tasas de inter\u00e9s\u00bb.<\/p>\n<p>Marc\u00f3 la posibilidad de \u00abnuevas picos en volatilidad\u00bb, ya que los mercados siguen siendo sensibles a los nuevos desarrollos liderados por aranceles, se\u00f1alando que \u00abla incertidumbre prolongada afectar\u00eda el sentimiento y har\u00eda que las empresas e inversores retrasen las decisiones importantes sobre la estrategia, la asignaci\u00f3n de capital e inversiones\u00bb.<\/p>\n<p>\u00abMiras los \u00faltimos 10 d\u00edas m\u00e1s o menos, creo que hay un poco de fatiga. \u00abPero espero que los picos de volatilidad vuelvan a desarrollar noticias positivas o negativas\u00bb.<\/p>\n<p>La imagen de la rentabilidad a largo plazo de UBS sigue siendo oscura por las preguntas sobre posibles requisitos de capital posibles, y m\u00e1s draconianos, de las autoridades suizas, que han cuestionado el estado de \u00abdemasiado grande\u00bb del tit\u00e1n suizo desde su absorci\u00f3n de suisse crediticia nacional colapsada. La transacci\u00f3n, que un pol\u00edtico en ese momento denom\u00f3 el \u00abacuerdo del siglo\u00bb, ha impulsado el camino de la m\u00e1xima resistencia contra mayores restricciones, lo que argumenta socavar\u00eda su competitividad como una entidad ya adecuadamente capitalizada.<\/p>\n<\/div>\n<div data-test=\"WildCardEmbed\">\n<div class=\"WildcardEmbed-wrapper\">\n<style><![CDATA[\n\tdiv {\n\t\tbox-sizing: border-box;\n\t}\n\t.noselect {\n\t  -webkit-touch-callout: none; \/* iOS Safari *\/\n\t\t-webkit-user-select: none; \/* Safari *\/\n\t\t -khtml-user-select: none; \/* Konqueror HTML *\/\n\t\t   -moz-user-select: none; \/* Old versions of Firefox *\/\n\t\t\t-ms-user-select: none; \/* Internet Explorer\/Edge *\/\n\t\t\t\tuser-select: none; \/* Non-prefixed version, currently\n\t\t\t\t\t\t\t\t\t  supported by Chrome, Edge, Opera and Firefox *\/\n\t}\n\t\n\t.DO-widget-wrapper {\n\t\twidth: 100%; \n\t\tmax-width: 620px;\n\t\tbackground-color: #fff;\n\t}\n\t\n\t.DO-logo-row {\n\t\tmargin-bottom: 4px;\n\t\t\n\t}\n\t\n\t.DO-body {\n\t\tborder-top: 2px #289dcf solid;\n\t\tborder-bottom: 2px #289dcf solid;\n\t\tpadding: 12px 0 12px 0;\n\t\tmargin-bottom: 20px;\n\t\t\n\t}\n\t\n\t.DO-bodycopy .DO-button {\n\t\tfont-family: Proxima Nova,Helvetica,Arial,sans-serif;\n\t}\n\t\n\t.DO-bodycopy {color: #424858; font-size: 18px; line-height: 31px; margin-bottom: 12px;}\n\t\n\t.DO-button {\n\t\tcolor: #fff; \n\t\tfont-size: 16px;\n\t\tfont-weight: 600;\n\t\twidth: 120px;\t\n\t\theight: 30px;\n\t\tbackground-color: #0071bc;\n\t\tborder-radius: 6px;\n\t\ttext-transform: uppercase;\n\t\tpadding: 4px;\n\t\ttext-align: center;\t\n\t\tcursor: pointer;\n\t\tmargin-bottom: 4px;\n\t\ttext-decoration: none !important;\n\t}\n\t\n\t.DO-button:hover {\n\t\tbackground-color: #0a94e0;\n\t\ttext-decoration: none !important;\n\t}\n\t\n\t@media \n\t\t\t\n\n]]><\/style>\n<\/div>\n<\/div>\n<div class=\"group\">\n<p>\u00abEl cabildeo de UBS es visible e inconfundible. Est\u00e1 claramente resuena en varios lugares. Pero una vez m\u00e1s: el Consejo Federal no puede ser intimidado por el cabildeo, pero tambi\u00e9n debe representar los intereses de los contribuyentes\u00bb, dijo el presidente suizo Karin Keller-Sutter a la emisora \u200b\u200bSRF el mes pasado, seg\u00fan una traducci\u00f3n de Google.<\/p>\n<p>\u00abEl Consejo Federal tiene un objetivo: que en caso de una crisis, un UBS que es sist\u00e9micamente importante es resolutable. Esto significa que las partes sist\u00e9micamente importantes del banco pueden separarse en Suiza. Ese debe ser el objetivo del Consejo Federal y la nueva legislaci\u00f3n\u00bb.<\/p>\n<p>Se espera que UBS se involucre con el Consejo Federal Suizo sobre cualquier cambio de requisito de capital propuesto en junio.<\/p>\n<p>Hablando sobre las probabilidades de competitividad de UBS en el entorno regulatorio suizo m\u00e1s amplio, Ermotti dijo: \u00abNo somos magos. No vamos a ser competitivos y proporcionar y ser un motor de crecimiento para el centro financiero, sino tambi\u00e9n para la econom\u00eda, si el marco regulatorio no es competitivo\u00bb.<\/p>\n<\/div>\n<div role=\"region\" aria-labelledby=\"Placeholder-ArticleBody-Video-108138506\">\n<div role=\"button\" tabindex=\"0\" id=\"Placeholder-ArticleBody-Video-108138506\" class=\"PlaceHolder-wrapper\" data-vilynx-id=\"7000374390\" data-test=\"VideoPlaceHolder\">\n<div class=\"InlineVideo-videoEmbed\" id=\"InlineVideo-0\" data-test=\"InlineVideo\">\n<div class=\"InlineVideo-wrapper\">\n<div class=\"InlineVideo-inlineThumbnailContainer\"><img decoding=\"async\" class=\"InlineVideo-videoThumbnail\" src=\"https:\/\/image.cnbcfm.com\/api\/v1\/image\/108138509-Ermotti_SS.png?v=1746008978&amp;w=750&amp;h=422&amp;vtcrop=y\" alt=\"'No somos magos': CEO de UBS sobre competitividad a medida que los requisitos de capital m\u00e1s estrictos pesan pesados\"\/><span class=\"InlineVideo-videoButton\"\/><span\/><\/div>\n<\/div>\n<\/div>\n<\/div>\n<\/div>\n<\/div>\n\n","protected":false},"excerpt":{"rendered":"<p>El logotipo USB de los Tres Keys se ve fuera de la oficina de Londres de Swiss Bank UBS en el centro de Londres, el 20 de marzo de 2023. Daniel Leal | AFP | Getty Images Wiss gigante UBS El mi\u00e9rcoles super\u00f3 las expectativas de fondo en medio de fuertes rendimientos en la banca &hellip;<\/p>\n","protected":false},"author":1,"featured_media":25173,"comment_status":"open","ping_status":"open","sticky":false,"template":"","format":"standard","meta":{"fifu_image_url":"https:\/\/image.cnbcfm.com\/api\/v1\/image\/107211554-1679323065352-gettyimages-1248858788-AFP_33BP6XQ.jpeg?v=1745837813&w=1920&h=1080","fifu_image_alt":"","footnotes":""},"categories":[3],"tags":[],"class_list":["post-25171","post","type-post","status-publish","format-standard","has-post-thumbnail","","category-negocio"],"_links":{"self":[{"href":"https:\/\/noticiasveraces.com\/index.php?rest_route=\/wp\/v2\/posts\/25171","targetHints":{"allow":["GET"]}}],"collection":[{"href":"https:\/\/noticiasveraces.com\/index.php?rest_route=\/wp\/v2\/posts"}],"about":[{"href":"https:\/\/noticiasveraces.com\/index.php?rest_route=\/wp\/v2\/types\/post"}],"author":[{"embeddable":true,"href":"https:\/\/noticiasveraces.com\/index.php?rest_route=\/wp\/v2\/users\/1"}],"replies":[{"embeddable":true,"href":"https:\/\/noticiasveraces.com\/index.php?rest_route=%2Fwp%2Fv2%2Fcomments&post=25171"}],"version-history":[{"count":0,"href":"https:\/\/noticiasveraces.com\/index.php?rest_route=\/wp\/v2\/posts\/25171\/revisions"}],"wp:featuredmedia":[{"embeddable":true,"href":"https:\/\/noticiasveraces.com\/index.php?rest_route=\/wp\/v2\/media\/25173"}],"wp:attachment":[{"href":"https:\/\/noticiasveraces.com\/index.php?rest_route=%2Fwp%2Fv2%2Fmedia&parent=25171"}],"wp:term":[{"taxonomy":"category","embeddable":true,"href":"https:\/\/noticiasveraces.com\/index.php?rest_route=%2Fwp%2Fv2%2Fcategories&post=25171"},{"taxonomy":"post_tag","embeddable":true,"href":"https:\/\/noticiasveraces.com\/index.php?rest_route=%2Fwp%2Fv2%2Ftags&post=25171"}],"curies":[{"name":"wp","href":"https:\/\/api.w.org\/{rel}","templated":true}]}}