{"id":25159,"date":"2025-04-30T05:36:12","date_gmt":"2025-04-30T09:36:12","guid":{"rendered":"https:\/\/noticiasveraces.com\/?p=25159"},"modified":"2025-04-30T05:36:12","modified_gmt":"2025-04-30T09:36:12","slug":"klingbeil-sera-vicecanciller-dw-30-04-2025","status":"publish","type":"post","link":"https:\/\/noticiasveraces.com\/?p=25159","title":{"rendered":"Klingbeil ser\u00e1 vicecanciller \u2013 DW \u2013 30\/04\/2025"},"content":{"rendered":"<p> \n<\/p>\n<div>\n<p>La direcci\u00f3n del Partido Socialdem\u00f3crata de Alemania (SPD) ha encargado al col\u00edder Lars Klingbeil que asuma el cargo de vicecanciller y ministro de Finanzas en el pr\u00f3ximo Gobierno de coalici\u00f3n con los conservadores en Alemania. As\u00ed lo anunci\u00f3 el mi\u00e9rcoles (30.4.2025) en una conferencia de prensa\u00a0el secretario general de la formaci\u00f3n, Matthias Miersch.<\/p>\n<p>Adem\u00e1s, Miersch inform\u00f3\u00a0que las bases del partido han ratificado el acuerdo de coalici\u00f3n con los democristianos, quienes ganaron las elecciones del pasado 23 de febrero.<\/p>\n<p>Los afiliados del SPD aceptaron en un 84,6 por ciento el acuerdo entre ambas formaciones. De esta manera, el camino para que el l\u00edder de esa formaci\u00f3n, Friedrich Merz, sea investido canciller el 6 de mayo queda despejado.<\/p>\n<p>MS (DPA\/EFE)<\/p>\n<\/p>\n<\/div>\n\n","protected":false},"excerpt":{"rendered":"<p>La direcci\u00f3n del Partido Socialdem\u00f3crata de Alemania (SPD) ha encargado al col\u00edder Lars Klingbeil que asuma el cargo de vicecanciller y ministro de Finanzas en el pr\u00f3ximo Gobierno de coalici\u00f3n con los conservadores en Alemania. As\u00ed lo anunci\u00f3 el mi\u00e9rcoles (30.4.2025) en una conferencia de prensa\u00a0el secretario general de la formaci\u00f3n, Matthias Miersch. Adem\u00e1s, Miersch &hellip;<\/p>\n","protected":false},"author":1,"featured_media":25160,"comment_status":"open","ping_status":"open","sticky":false,"template":"","format":"standard","meta":{"fifu_image_url":"https:\/\/static.dw.com\/image\/72248547_6.jpg","fifu_image_alt":"","footnotes":""},"categories":[13],"tags":[],"class_list":["post-25159","post","type-post","status-publish","format-standard","has-post-thumbnail","","category-mundo"],"_links":{"self":[{"href":"https:\/\/noticiasveraces.com\/index.php?rest_route=\/wp\/v2\/posts\/25159","targetHints":{"allow":["GET"]}}],"collection":[{"href":"https:\/\/noticiasveraces.com\/index.php?rest_route=\/wp\/v2\/posts"}],"about":[{"href":"https:\/\/noticiasveraces.com\/index.php?rest_route=\/wp\/v2\/types\/post"}],"author":[{"embeddable":true,"href":"https:\/\/noticiasveraces.com\/index.php?rest_route=\/wp\/v2\/users\/1"}],"replies":[{"embeddable":true,"href":"https:\/\/noticiasveraces.com\/index.php?rest_route=%2Fwp%2Fv2%2Fcomments&post=25159"}],"version-history":[{"count":0,"href":"https:\/\/noticiasveraces.com\/index.php?rest_route=\/wp\/v2\/posts\/25159\/revisions"}],"wp:featuredmedia":[{"embeddable":true,"href":"https:\/\/noticiasveraces.com\/index.php?rest_route=\/wp\/v2\/media\/25160"}],"wp:attachment":[{"href":"https:\/\/noticiasveraces.com\/index.php?rest_route=%2Fwp%2Fv2%2Fmedia&parent=25159"}],"wp:term":[{"taxonomy":"category","embeddable":true,"href":"https:\/\/noticiasveraces.com\/index.php?rest_route=%2Fwp%2Fv2%2Fcategories&post=25159"},{"taxonomy":"post_tag","embeddable":true,"href":"https:\/\/noticiasveraces.com\/index.php?rest_route=%2Fwp%2Fv2%2Ftags&post=25159"}],"curies":[{"name":"wp","href":"https:\/\/api.w.org\/{rel}","templated":true}]}}