{"id":25157,"date":"2025-04-30T04:35:08","date_gmt":"2025-04-30T08:35:08","guid":{"rendered":"https:\/\/noticiasveraces.com\/?p=25157"},"modified":"2025-04-30T04:35:08","modified_gmt":"2025-04-30T08:35:08","slug":"vietnam-celebra-los-50-anos-de-la-toma-de-saigon-dw-30-04-2025","status":"publish","type":"post","link":"https:\/\/noticiasveraces.com\/?p=25157","title":{"rendered":"Vietnam celebra los 50 a\u00f1os de la toma de Saig\u00f3n \u2013 DW \u2013 30\/04\/2025"},"content":{"rendered":"<p> \n<\/p>\n<div>\n<p>Entre otros eventos festivos, Vietnam ha organizado un gran desfile militar por las calles de Ho Chi Minh (antigua Saig\u00f3n) para conmemorar que se cumple medio siglo de la \u00abliberaci\u00f3n de Saig\u00f3n\u00bb.<\/p>\n<p> El 30 de abril de 1975, las tropas comunistas del Norte entraron en el palacio presidencial de Vietnam del Sur y pusieron fin a la guerra. Dos a\u00f1os antes de la derrota final, la retirada de las tropas estadounidenses de Vietnam conden\u00f3 al Ej\u00e9rcito del sur a una derrota segura contra el norte comunista.<\/p>\n<h2>Pa\u00eds arrasado<\/h2>\n<p>Cuando en 1975 los tanques del Frente Nacional de Liberaci\u00f3n de Vietnam, el Vietcong, cruzaron las calles de Saig\u00f3n y se adentraron en el palacio presidencial, derrotaron definitivamente al Gobierno de Vietnam del Sur y asestaron un duro golpe moral y militar a Estados Unidos.  <\/p>\n<p>La guerra arras\u00f3 Vietnam, mat\u00f3 a millones de sus habitantes y cost\u00f3 la vida a 58.000 soldados estadounidenses. La victoria del Norte expandi\u00f3 el poder comunista a todo el pa\u00eds. Miles de vietnamitas que trabajaban para el Gobierno del Sur huyeron. Entre quienes se quedaron, muchos terminaron en campos de reeducaci\u00f3n.<\/p>\n<figure class=\"placeholder-image master_landscape big\"><img data-format=\"MASTER_LANDSCAPE\" data-id=\"72392464\" data-url=\"https:\/\/static.dw.com\/image\/72392464_${formatId}.jpg\" data-aspect-ratio=\"16\/9\" alt=\"Colorido desfile con banderas vietnamitas. \" style=\"padding-bottom: 56.25%; height: 0; max-height: 0;\"\/><figcaption class=\"img-caption\">Un gran desfile recorri\u00f3 las calles de Ciudad Ho Chi Minh, antigua Saig\u00f3n.<small class=\"copyright\">Imagen: Richard Vogel\/AP Photo\/Picture Alliance<\/small><\/figcaption><\/figure>\n<p>Una carroza con forma de flor de loto con un retrato del l\u00edder revolucionario Ho Chi Minh encabezaba el mi\u00e9rcoles (30.4.2025) el desfile en la ciudad hom\u00f3nima, la antigua Saig\u00f3n, que fue rebautizada en su honor.<\/p>\n<p>Entre los 13.000 participantes en el desfile hasta el Palacio de la Independencia, hab\u00eda tambi\u00e9n m\u00e1s de 300 soldados de China, Laos y Camboya. M\u00e1s de 300.000 tropas chinas combatieron en el sangriento conflicto, con un crucial apoyo en la defensa antia\u00e9rea y en la log\u00edstica y los suministros.<\/p>\n<h2>Al discurso de Lam<\/h2>\n<p>En el cielo, aviones de combate y helic\u00f3pteros ondeaban las enormes banderas rojas con una estrella amarilla de Vietnam, tambi\u00e9n presentes en muchas camisetas de las miles de personas reunidas en las calles de Ciudad Ho Chi Minh.<\/p>\n<p>El l\u00edder de Vietnam, To Lam, destac\u00f3 en un discurso la transformaci\u00f3n del pa\u00eds \u00abdesde una naci\u00f3n destrozada por la guerra\u00bb a un im\u00e1n \u00abpara la inversi\u00f3n extranjera\u00bb.<\/p>\n<figure class=\"placeholder-image master_landscape big\"><img data-format=\"MASTER_LANDSCAPE\" data-id=\"72392498\" data-url=\"https:\/\/static.dw.com\/image\/72392498_${formatId}.jpg\" data-aspect-ratio=\"16\/9\" alt=\"L\u00edder vietnamita hablando en un estrado. Detr\u00e1s, en una tribuna engalanada en tonos rojos, hombres de traje sentados.\" style=\"padding-bottom: 56.25%; height: 0; max-height: 0;\"\/><figcaption class=\"img-caption\">Momento del discurso de To Lam.<small class=\"copyright\">Imagen: Tran Thi Minh Ha\/AFP\/Getty Images<\/small><\/figcaption><\/figure>\n<p>\u00abDespu\u00e9s de 50 a\u00f1os de reunificaci\u00f3n (&#8230;) nuestro pa\u00eds ha superado numerosas dificultades y desaf\u00edos para alcanzar logros hist\u00f3ricos, creando la base, el potencial, la posici\u00f3n y el prestigio internacional que tenemos hoy\u00bb, dijo el secretario general del Partido Comunista de Vietnam y m\u00e1ximo dirigente del pa\u00eds.<\/p>\n<p>MS (AFP\/EFE)<\/p>\n<\/p>\n<\/p>\n<\/p>\n<\/div>\n\n","protected":false},"excerpt":{"rendered":"<p>Entre otros eventos festivos, Vietnam ha organizado un gran desfile militar por las calles de Ho Chi Minh (antigua Saig\u00f3n) para conmemorar que se cumple medio siglo de la \u00abliberaci\u00f3n de Saig\u00f3n\u00bb. El 30 de abril de 1975, las tropas comunistas del Norte entraron en el palacio presidencial de Vietnam del Sur y pusieron fin &hellip;<\/p>\n","protected":false},"author":1,"featured_media":25158,"comment_status":"open","ping_status":"open","sticky":false,"template":"","format":"standard","meta":{"fifu_image_url":"https:\/\/static.dw.com\/image\/72392398_6.jpg","fifu_image_alt":"","footnotes":""},"categories":[13],"tags":[],"class_list":["post-25157","post","type-post","status-publish","format-standard","has-post-thumbnail","","category-mundo"],"_links":{"self":[{"href":"https:\/\/noticiasveraces.com\/index.php?rest_route=\/wp\/v2\/posts\/25157","targetHints":{"allow":["GET"]}}],"collection":[{"href":"https:\/\/noticiasveraces.com\/index.php?rest_route=\/wp\/v2\/posts"}],"about":[{"href":"https:\/\/noticiasveraces.com\/index.php?rest_route=\/wp\/v2\/types\/post"}],"author":[{"embeddable":true,"href":"https:\/\/noticiasveraces.com\/index.php?rest_route=\/wp\/v2\/users\/1"}],"replies":[{"embeddable":true,"href":"https:\/\/noticiasveraces.com\/index.php?rest_route=%2Fwp%2Fv2%2Fcomments&post=25157"}],"version-history":[{"count":0,"href":"https:\/\/noticiasveraces.com\/index.php?rest_route=\/wp\/v2\/posts\/25157\/revisions"}],"wp:featuredmedia":[{"embeddable":true,"href":"https:\/\/noticiasveraces.com\/index.php?rest_route=\/wp\/v2\/media\/25158"}],"wp:attachment":[{"href":"https:\/\/noticiasveraces.com\/index.php?rest_route=%2Fwp%2Fv2%2Fmedia&parent=25157"}],"wp:term":[{"taxonomy":"category","embeddable":true,"href":"https:\/\/noticiasveraces.com\/index.php?rest_route=%2Fwp%2Fv2%2Fcategories&post=25157"},{"taxonomy":"post_tag","embeddable":true,"href":"https:\/\/noticiasveraces.com\/index.php?rest_route=%2Fwp%2Fv2%2Ftags&post=25157"}],"curies":[{"name":"wp","href":"https:\/\/api.w.org\/{rel}","templated":true}]}}