{"id":25153,"date":"2025-04-30T04:08:49","date_gmt":"2025-04-30T08:08:49","guid":{"rendered":"https:\/\/noticiasveraces.com\/?p=25153"},"modified":"2025-04-30T04:08:49","modified_gmt":"2025-04-30T08:08:49","slug":"antenas-5g-datos-y-fibra-preguntas-y-respuestas-sobre-la-recuperacion-del-uso-del-movil-tras-el-apagon-tecnologia","status":"publish","type":"post","link":"https:\/\/noticiasveraces.com\/?p=25153","title":{"rendered":"Antenas, 5G, datos y fibra: preguntas y respuestas sobre la recuperaci\u00f3n del uso del m\u00f3vil tras el apag\u00f3n | Tecnolog\u00eda"},"content":{"rendered":"<p> \n<\/p>\n<div data-dtm-region=\"articulo_cuerpo\">\n<p class=\"\">Aunque la red el\u00e9ctrica ha recuperado pr\u00e1cticamente la normalidad (se encuentra restablecida al 99%) un d\u00eda despu\u00e9s del gran apag\u00f3n que tumb\u00f3 la luz en toda la Pen\u00ednsula, las telecomunicaciones siguen presentando problemas. Estas son las razones.<\/p>\n<p class=\"\"><b>\u00bfPor qu\u00e9 las telecomunicaciones que circulan por antenas se han visto afectadas?<\/b><\/p>\n<p class=\"\">Eros Camacho-Ruiz, investigador del Instituto de Microelectr\u00f3nica de Sevilla (CSIC) explica que la red 5G, de la que se nutren la mayor\u00eda de m\u00f3viles, dependen de un entramado gigantesco de antenas: \u201cEstas antenas (o estaciones base) tienen un soporte auxiliar, como una bater\u00eda, pero cuando se agotan, ya no hay comunicaciones\u201d.<\/p>\n<p class=\"\">En Espa\u00f1a hay unas 60.000 antenas y solo algunas, que est\u00e1n cerca de hospitales o infraestructuras cr\u00edticas o son nodos importantes, tienen sus propios generadores, que pueden ir rellen\u00e1ndose con combustible si es necesario. El resto tiene una bater\u00eda que puede durar entre 4 y 6 horas, seg\u00fan la operadora. Este martes, tras el apag\u00f3n, algunas est\u00e1n apagadas a\u00fan y otras no. Por eso el m\u00f3vil, tanto para llamadas como para tr\u00e1fico de datos, funciona por zonas y puede desconectarse. \u201cCuando hay poca corriente hay que dar prioridad a zonas m\u00e1s importantes, porque no se pueden levantar todas las estaciones base de golpe\u201d, explica Claudio Fiandrino, investigador de Imdea Networks.<\/p>\n<p class=\"\">Vodafone, por ejemplo, decidi\u00f3 apagar su 5G durante el apag\u00f3n: \u201cApagamos el 5G desde el principio porque no iba a ser un factor diferencial para nuestros clientes y consume mucha energ\u00eda\u201d, dice Julia Velasco, directora de Tecnolog\u00eda y Operaciones de Espa\u00f1a de Vodafone. \u201cAs\u00ed extendimos la vida de nuestras bater\u00edas\u201d, a\u00f1ade. <\/p>\n<p class=\"\"><b>\u00bfQu\u00e9 sucede una vez <\/b><b>restablecida la electricidad<\/b><b>?<\/b><\/p>\n<p class=\"\"> \u201cAhora mismo\u201d, explica Camacho-Ruiz, \u201ctodas las telecomunicaciones, con sus antenas y centros de datos, se han visto afectados por el apag\u00f3n y los sistemas se est\u00e1n reiniciando\u201d. Estos se encuentran en una situaci\u00f3n muy d\u00e9bil y se reactivan de forma paulatina y escalonada.<\/p>\n<p class=\"\"><b>\u00bfPor qu\u00e9 la recuperaci\u00f3n es lenta?<\/b><\/p>\n<p class=\"\">Los datos son como el agua, seg\u00fan aclara Camacho-Ruiz, y hay que volver a distribuirlos poco a poco: \u201cMeter todo a presi\u00f3n puede colapsar el sistema. Durante una concentraci\u00f3n multitudinaria, se dan fallos porque todo el mundo est\u00e1 conectado a una misma antena y esta no tiene capacidad para gestionar tanta informaci\u00f3n. Aqu\u00ed pasa lo mismo. Por eso se llam\u00f3 a la moderaci\u00f3n en su uso\u201d.<\/p>\n<figure class=\"a_m a_m-h \"><span class=\"_db a_m_w _pr lb_btn\"><img alt=\"N\u00fameros de tel\u00e9fono en Bergundo (Galicia), este enga\u00f1o.\" decoding=\"auto\" class=\"_re lazyload a_m-h\" height=\"276\" srcset=\"https:\/\/imagenes.elpais.com\/resizer\/v2\/SQUZNQTARFHVNK6QRTCM6BXPAQ.JPG?auth=945fe9b7b80823db08624f17bc2123c58bafc13f0e676f475e64d5c1fc94b3b7&amp;width=414 414w,https:\/\/imagenes.elpais.com\/resizer\/v2\/SQUZNQTARFHVNK6QRTCM6BXPAQ.JPG?auth=945fe9b7b80823db08624f17bc2123c58bafc13f0e676f475e64d5c1fc94b3b7&amp;width=828 640w,https:\/\/imagenes.elpais.com\/resizer\/v2\/SQUZNQTARFHVNK6QRTCM6BXPAQ.JPG?auth=945fe9b7b80823db08624f17bc2123c58bafc13f0e676f475e64d5c1fc94b3b7&amp;width=980 1000w,https:\/\/imagenes.elpais.com\/resizer\/v2\/SQUZNQTARFHVNK6QRTCM6BXPAQ.JPG?auth=945fe9b7b80823db08624f17bc2123c58bafc13f0e676f475e64d5c1fc94b3b7&amp;width=1960 1960w\" width=\"414\" sizes=\"auto, (min-width:1199px) 1155px,(min-width:1001px) calc(100vw - 44px),(min-width:768px) 767px, 100vw\" src=\"https:\/\/imagenes.elpais.com\/resizer\/v2\/SQUZNQTARFHVNK6QRTCM6BXPAQ.JPG?auth=945fe9b7b80823db08624f17bc2123c58bafc13f0e676f475e64d5c1fc94b3b7&amp;width=414\" loading=\"lazy\"\/><svg aria-hidden=\"true\" class=\"icon_multimedia_ampliar | _pa a_m_i a_m_i-a _dn\" viewbox=\"0 0 40 40\"><use xlink:href=\"#svg-ampliar\"\/><\/svg><\/span><figcaption class=\"a_m_p\" aria-hidden=\"true\"><span>N\u00fameros de tel\u00e9fono en Bergundo (Galicia), este enga\u00f1o.<\/span><span class=\"a_m_m\">\u00d3SCAR CORRAL<\/span><\/figcaption><\/figure>\n<p class=\"\">\u201cHay que arrancar todo desde cero\u201d, a\u00f1ade Fiandrino. \u201cEs como una red de trenes en la que han colapsado cinco nodos o estaciones importantes. No es lo mismo volver a la normalidad con una ca\u00edda, as\u00ed que si se estropea una v\u00eda. Tambi\u00e9n hay que prever la estabilidad, no se puede hacer de golpe\u201d, dice Fiandrino. En este proceso de recuperaci\u00f3n, si funciona una antena, pero otras cercanas no, es probable que colapse. Depender\u00e1 del n\u00famero de llamadas que reciba. Es como una p\u00e1gina web: si de repente recibe millones de clics, se cae. Por eso hay que tener en cuenta c\u00f3mo se va escalando la recuperaci\u00f3n de antenas.<\/p>\n<p class=\"\">Cuando se produce un cero el\u00e9ctrico, como ocurri\u00f3 este lunes, las antenas pueden necesitar servicio t\u00e9cnico, advierte Velasco. \u201cAnte un cero el\u00e9ctrico, un equipo t\u00e9cnico puede quedarse un poco m\u00e1s inestable y hay que mandar un t\u00e9cnico porque se ha apagado de manera irregular\u201d, explica.<\/p>\n<p class=\"\"><b>\u00bfPor qu\u00e9 se ve afectada la red de fibra?<\/b><\/p>\n<p class=\"\">La operatividad de la red de fibra es un problema distinto: depende de los centros de datos y por supuesto de la corriente el\u00e9ctrica. Con el reestablecimiento del servicio, \u201cla recuperaci\u00f3n del sistema exige volver a manejar enormes cantidades de datos y hacerlo de forma segura\u201d, explica el investigador. <\/p>\n<p class=\"\">Internet tiene sus propios caminos. Los centros de datos gigantes tienen sus propios generadores, pero la estabilidad de la red depende de otros centros intermedios que pueden tener una autonom\u00eda menor. <\/p>\n<p class=\"\"><b>\u00bfPor qu\u00e9 Baleares, Canarias, Ceuta y Melilla tambi\u00e9n han sufrido problemas en las comunicaciones si <\/b><b>no les afect\u00f3 el apag\u00f3n<\/b><b>?<\/b><\/p>\n<p class=\"\">Baleares, Canarias y las ciudades aut\u00f3nomas de Ceuta y Melilla no han sido afectadas por el apag\u00f3n porque su suministro procede de sistemas el\u00e9ctricos que apenas est\u00e1n conectados con el peninsular. Sin embargo, las telecomunicaciones s\u00ed dependen de los centros peninsulares, por lo que un fallo en estos causa interrupciones en los servicios vinculados.<\/p>\n<p class=\"\"><b>\u00bfQu\u00e9 no se debe hacer ahora?<\/b><\/p>\n<p class=\"\">Hoy es mejor no mirar v\u00eddeos de Youtube por la calle. Y hacer llamadas por wifi, que va por cable, y no con la l\u00ednea telef\u00f3nica. Cuanto m\u00e1s espacio y tiempo tengan las operadoras para recuperar sus equipos, m\u00e1s r\u00e1pido volver\u00e1 todo a la normalidad. Por eso, las autoridades han pedido que se haga un uso comedido de las redes de datos. <\/p>\n<p class=\"\"><b>\u00bfHay alg\u00fan m\u00f3vil o compa\u00f1\u00eda que funcione mejor o peor?<\/b><\/p>\n<p class=\"\">Es imposible de saber. Cada compa\u00f1\u00eda lidia ahora de la mejor manera con la recuperaci\u00f3n de sus sistemas. Si algunas antenas de una compa\u00f1\u00eda funcionan en una zona, no significa que no funcionen en otra. \u201cEn eventos de apag\u00f3n prolongado o generalizado, es com\u00fan que los servicios de telecomunicaciones experimenten interrupciones o degradaci\u00f3n del servicio\u201d, a\u00f1ade Doris Seedorf, CEO de Softtek para Espa\u00f1a.<\/p>\n<p class=\"\">Aunque es probable que haya problemas todo el d\u00eda, Vodafone ya ha recuperado el 99,5% de su servicio en estaciones base. <\/p>\n<aside class=\"a_ei\">\n<header class=\"a_ei_h _db\">M\u00e1s informaci\u00f3n<\/header>\n<\/aside>\n<p class=\"\"><b>Aunque se haya descartado preliminarmente el ciberataque como causa del apag\u00f3n, \u00bfhay un problema de seguridad ahora?<\/b><\/p>\n<p class=\"\">\u201cCuando se para de esta manera, los sistemas tienen que reiniciarse y, durante este proceso, los sistemas est\u00e1n bastante expuestos. Ahora est\u00e1n trabajando en c\u00f3mo conectarse a la red y el trabajo de seguridad puede quedar en un segundo plano\u201d, explica Camacho-Ruiz, quien a\u00f1ade un ejemplo: \u201cEl sistema es como una persona que est\u00e1 en la Unidad de Cuidados Intensivos y todos sus sistemas son m\u00e1s vulnerables\u201d.<\/p>\n<p class=\"\"><b>\u00bfC\u00f3mo tendr\u00eda que ser un ciberataque para causar un da\u00f1o similar al del apag\u00f3n? \u00bfEs posible?<\/b><\/p>\n<p class=\"\">Lo primero es que la posibilidad de que el origen est\u00e9 en un ciberataque ya se ha descartado por completo por parte de Red El\u00e9ctrica. Pero incluso hipot\u00e9ticamente ser\u00eda algo muy complejo. Doris Seedorf, responsable de Softtek, se\u00f1ala que, \u201cen t\u00e9rminos generales, para que un ciberataque tuviera un impacto comparable al de un apag\u00f3n generalizado, tendr\u00eda que dirigirse a infraestructuras cr\u00edticas con una planificaci\u00f3n altamente sofisticada, ejecutarse de forma coordinada y superar m\u00faltiples capas de seguridad que est\u00e1n dise\u00f1adas precisamente para prevenir este tipo de escenarios\u201d. <\/p>\n<p class=\"\">\u201cA nivel internacional y nacional, existen protocolos robustos de ciberdefensa que se actualizan constantemente y que involucran tanto al sector p\u00fablico como al privado\u201d, a\u00f1ade.<\/p>\n<p class=\"\"><b>\u00bfSon veraces las reivindicaciones de grupos de piratas sobre el incidente?<\/b><\/p>\n<p class=\"\">Sergey Shykevich, director de amenazas inteligentes en Check Point, desmiente que el grupo <i>Hacktivista<\/i> DarkStorm est\u00e9 relacionado con el reciente apag\u00f3n, aunque ellos se lo hayan atribuido. \u201cActualmente, no existen pruebas concretas de que se haya tratado de un ciberataque ni de que DarkStorm est\u00e9 relacionado de alguna manera con el corte de energ\u00eda. DarkStorm es considerado un actor relativamente d\u00e9bil, conocido por su comportamiento oportunista y por adjudicarse frecuentemente incidentes que en realidad no provocaron. Si bien han tenido alg\u00fan \u00e9xito ocasional \u2014a menudo por suerte\u2014, su comportamiento actual, incluida la ausencia de detalles t\u00e9cnicos cre\u00edbles y su enfoque en promocionar sus servicios con descuentos, sugiere que se trata de otro intento de generar atenci\u00f3n en lugar de una reivindicaci\u00f3n leg\u00edtima. Eventos como este suelen dar lugar a la desinformaci\u00f3n, por lo que es fundamental que el p\u00fablico y los medios de comunicaci\u00f3n se basen en fuentes verificadas y canales oficiales en lugar de amplificar narrativas falsas. Independientemente de la causa, el apag\u00f3n es un claro recordatorio de lo vulnerables que pueden ser las infraestructuras cr\u00edticas, y de por qu\u00e9 fortalecer la resiliencia digital en toda Europa debe seguir siendo una prioridad absoluta\u201d.<\/p>\n<\/div>\n\n","protected":false},"excerpt":{"rendered":"<p>Aunque la red el\u00e9ctrica ha recuperado pr\u00e1cticamente la normalidad (se encuentra restablecida al 99%) un d\u00eda despu\u00e9s del gran apag\u00f3n que tumb\u00f3 la luz en toda la Pen\u00ednsula, las telecomunicaciones siguen presentando problemas. Estas son las razones. \u00bfPor qu\u00e9 las telecomunicaciones que circulan por antenas se han visto afectadas? Eros Camacho-Ruiz, investigador del Instituto de &hellip;<\/p>\n","protected":false},"author":1,"featured_media":25154,"comment_status":"open","ping_status":"open","sticky":false,"template":"","format":"standard","meta":{"fifu_image_url":"https:\/\/imagenes.elpais.com\/resizer\/v2\/7FSZVG54DZHJJLR4FXZGVHXBSA.jpg?auth=1de5b157b8c8618ac798f70156288428255cd3ee92321515cf7466d06888e06e&width=1200","fifu_image_alt":"","footnotes":""},"categories":[2],"tags":[],"class_list":["post-25153","post","type-post","status-publish","format-standard","has-post-thumbnail","","category-tecnologia"],"_links":{"self":[{"href":"https:\/\/noticiasveraces.com\/index.php?rest_route=\/wp\/v2\/posts\/25153","targetHints":{"allow":["GET"]}}],"collection":[{"href":"https:\/\/noticiasveraces.com\/index.php?rest_route=\/wp\/v2\/posts"}],"about":[{"href":"https:\/\/noticiasveraces.com\/index.php?rest_route=\/wp\/v2\/types\/post"}],"author":[{"embeddable":true,"href":"https:\/\/noticiasveraces.com\/index.php?rest_route=\/wp\/v2\/users\/1"}],"replies":[{"embeddable":true,"href":"https:\/\/noticiasveraces.com\/index.php?rest_route=%2Fwp%2Fv2%2Fcomments&post=25153"}],"version-history":[{"count":0,"href":"https:\/\/noticiasveraces.com\/index.php?rest_route=\/wp\/v2\/posts\/25153\/revisions"}],"wp:featuredmedia":[{"embeddable":true,"href":"https:\/\/noticiasveraces.com\/index.php?rest_route=\/wp\/v2\/media\/25154"}],"wp:attachment":[{"href":"https:\/\/noticiasveraces.com\/index.php?rest_route=%2Fwp%2Fv2%2Fmedia&parent=25153"}],"wp:term":[{"taxonomy":"category","embeddable":true,"href":"https:\/\/noticiasveraces.com\/index.php?rest_route=%2Fwp%2Fv2%2Fcategories&post=25153"},{"taxonomy":"post_tag","embeddable":true,"href":"https:\/\/noticiasveraces.com\/index.php?rest_route=%2Fwp%2Fv2%2Ftags&post=25153"}],"curies":[{"name":"wp","href":"https:\/\/api.w.org\/{rel}","templated":true}]}}