{"id":25125,"date":"2025-04-29T23:13:53","date_gmt":"2025-04-30T03:13:53","guid":{"rendered":"https:\/\/noticiasveraces.com\/?p=25125"},"modified":"2025-04-29T23:13:53","modified_gmt":"2025-04-30T03:13:53","slug":"el-apagon-en-espana-dispara-las-perdidas-economicas-y-deja-tocada-la-actividad-empresarial","status":"publish","type":"post","link":"https:\/\/noticiasveraces.com\/?p=25125","title":{"rendered":"El apag\u00f3n en Espa\u00f1a dispara las p\u00e9rdidas econ\u00f3micas y deja tocada la actividad empresarial"},"content":{"rendered":"<p> \n<\/p>\n<div>\n<p><picture class=\"aligncenter first-post-image\" title=\"Impacto econ\u00f3mico del apag\u00f3n en Espa\u00f1a\" data-no-lazy=\"true\"><source type=\"image\/webp\" srcset=\"https:\/\/www.economiafinanzas.com\/wp-content\/uploads\/2025\/04\/perdidas-economicas-por-el-apagon-en-Espana-1.jpg.webp\"\/><img decoding=\"async\" src=\"https:\/\/www.economiafinanzas.com\/wp-content\/uploads\/2025\/04\/perdidas-economicas-por-el-apagon-en-Espana-1.jpg\" alt=\"P\u00e9rdidas econ\u00f3micas por el apag\u00f3n en Espa\u00f1a\" data-no-lazy=\"true\"\/>\n<\/picture><\/p>\n<p><strong>El hist\u00f3rico apag\u00f3n el\u00e9ctrico que dej\u00f3 sin suministro a toda Espa\u00f1a<\/strong> durante varias horas ha puesto en jaque no solo a los hogares, sino tambi\u00e9n a la infraestructura econ\u00f3mica del pa\u00eds. El corte, que se inici\u00f3 poco despu\u00e9s del mediod\u00eda, sorprendi\u00f3 a millones de ciudadanos y empresas, paralizando la vida en ciudades y pueblos y obligando a toda la sociedad a adaptarse a marchas forzadas a una situaci\u00f3n de absoluta emergencia.<\/p>\n<p>Desde los primeros minutos del apag\u00f3n, <strong>la actividad empresarial y comercial qued\u00f3 totalmente suspendida<\/strong>. La incertidumbre sobre la duraci\u00f3n del corte y las dificultades para coordinar la respuesta hicieron que el c\u00e1lculo de las <strong>p\u00e9rdidas econ\u00f3micas<\/strong> fuera una tarea a\u00fan pendiente, aunque los primeros an\u00e1lisis advierten que el golpe puede superar los <strong>44.000 millones de euros<\/strong> si se toma como referencia el valor del PIB nacional por jornada. El cierre de comercios, la interrupci\u00f3n del trabajo en oficinas y f\u00e1bricas, y la ca\u00edda de todo tipo de servicios pusieron en jaque a un pa\u00eds altamente dependiente de la electricidad.<\/p>\n<h2>Impacto en todos los sectores: comercios, PYMES y grandes empresas<\/h2>\n<p><picture decoding=\"async\" class=\"aligncenter\" title=\"Negocios y empresas durante el apag\u00f3n\"><source type=\"image\/webp\" data-lazy-srcset=\"https:\/\/www.economiafinanzas.com\/wp-content\/uploads\/2025\/04\/perdidas-economicas-por-el-apagon-en-Espana-2.jpg.webp\"\/><img decoding=\"async\" alt=\"Negocios afectados por el apag\u00f3n en Espa\u00f1a\" src=\"https:\/\/www.economiafinanzas.com\/wp-content\/uploads\/2025\/04\/perdidas-economicas-por-el-apagon-en-Espana-2.jpg\"\/><img decoding=\"async\" src=\"https:\/\/www.economiafinanzas.com\/wp-content\/uploads\/2025\/04\/perdidas-economicas-por-el-apagon-en-Espana-2.jpg\" alt=\"Negocios afectados por el apag\u00f3n en Espa\u00f1a\"\/>\n<\/picture><\/p>\n<p>El <strong>par\u00f3n econ\u00f3mico fue especialmente duro para las peque\u00f1as y medianas empresas<\/strong>cuya supervivencia depende en muchos casos de mantener el servicio ininterrumpido. <strong>Locales de hosteler\u00eda, alimentaci\u00f3n y comercios minoristas<\/strong> se vieron obligados a cerrar ante la imposibilidad de cobrar con dat\u00e1fono, registrar ventas o conservar los alimentos en condiciones \u00f3ptimas. Los supermercados y tiendas de alimentaci\u00f3n, por ejemplo, sufrieron p\u00e9rdidas al deteriorarse productos perecederos guardados en c\u00e1maras y neveras.<\/p>\n<p>En el caso de las <strong>PYMES digitales o empresas tecnol\u00f3gicas<\/strong>la falta de acceso a internet y al suministro el\u00e9ctrico dej\u00f3 incomunicados a trabajadores y clientes. Numerosas consultoras y despachos digitales no pudieron completar tareas ni cerrar contratos, lo que multiplica el coste indirecto para la econom\u00eda nacional. El da\u00f1o tambi\u00e9n se reflej\u00f3 en la <strong>p\u00e9rdida de datos y transacciones no realizadas<\/strong>un obst\u00e1culo m\u00e1s dif\u00edcil de cuantificar que el deterioro de productos f\u00edsicos.<\/p>\n<h2>Infraestructuras cr\u00edticas y servicios esenciales bajo presi\u00f3n<\/h2>\n<p><picture decoding=\"async\" class=\"aligncenter\" title=\"Infraestructuras cr\u00edticas y servicios bajo presi\u00f3n\"><source type=\"image\/webp\" data-lazy-srcset=\"https:\/\/www.economiafinanzas.com\/wp-content\/uploads\/2025\/04\/perdidas-economicas-por-el-apagon-en-Espana-3.jpg.webp\"\/><img decoding=\"async\" alt=\"Infraestructuras cr\u00edticas afectadas por el apag\u00f3n\" src=\"https:\/\/www.economiafinanzas.com\/wp-content\/uploads\/2025\/04\/perdidas-economicas-por-el-apagon-en-Espana-3.jpg\"\/><img decoding=\"async\" src=\"https:\/\/www.economiafinanzas.com\/wp-content\/uploads\/2025\/04\/perdidas-economicas-por-el-apagon-en-Espana-3.jpg\" alt=\"Infraestructuras cr\u00edticas afectadas por el apag\u00f3n\"\/>\n<\/picture><\/p>\n<p>El apag\u00f3n no solo afect\u00f3 a empresas y comercios, sino que <strong>las infraestructuras esenciales se vieron seriamente comprometidas<\/strong>. Hospitales y centros sanitarios pusieron en marcha generadores de emergencia para mantener el funcionamiento de equipos vitales y la conservaci\u00f3n de medicamentos. Sin embargo, la duraci\u00f3n y la extensi\u00f3n del corte puso a prueba la capacidad de abastecimiento de combustible y de los sistemas de respaldo, generando preocupaci\u00f3n ante la posibilidad de poner en peligro pacientes cr\u00edticos o tratamientos esenciales.<\/p>\n<p>El <strong>suministro de agua potable<\/strong>fuertemente dependiente de la electricidad para el bombeo y la potabilizaci\u00f3n, tambi\u00e9n sufri\u00f3 contratiempos en distintas ciudades, a\u00f1adiendo presi\u00f3n sobre los servicios p\u00fablicos y el bienestar de la ciudadan\u00eda. En las calles, la ausencia de sem\u00e1foros y alumbrado p\u00fablico aument\u00f3 el riesgo de accidentes y dificult\u00f3 la movilidad, obligando a la polic\u00eda y los servicios de emergencia a multiplicar sus esfuerzos para evitar situaciones m\u00e1s graves.<\/p>\n<h2>Caos en el tr\u00e1fico y problemas en la vida cotidiana<\/h2>\n<p><picture decoding=\"async\" class=\"aligncenter\" title=\"Tr\u00e1fico y movilidad durante el apag\u00f3n\"><source type=\"image\/webp\" data-lazy-srcset=\"https:\/\/www.economiafinanzas.com\/wp-content\/uploads\/2025\/04\/perdidas-economicas-por-el-apagon-en-Espana-5.jpg.webp\"\/><img decoding=\"async\" alt=\"Colapso de tr\u00e1fico por apag\u00f3n en Espa\u00f1a\" src=\"https:\/\/www.economiafinanzas.com\/wp-content\/uploads\/2025\/04\/perdidas-economicas-por-el-apagon-en-Espana-5.jpg\"\/><img decoding=\"async\" src=\"https:\/\/www.economiafinanzas.com\/wp-content\/uploads\/2025\/04\/perdidas-economicas-por-el-apagon-en-Espana-5.jpg\" alt=\"Colapso de tr\u00e1fico por apag\u00f3n en Espa\u00f1a\"\/>\n<\/picture><\/p>\n<p>El corte de electricidad se dej\u00f3 notar con fuerza en la vida cotidiana de todos los ciudadanos. <strong>El tr\u00e1fico urbano colaps\u00f3 en grandes ciudades<\/strong> como Madrid, debido a la aver\u00eda de sem\u00e1foros y a la falta de se\u00f1alizaci\u00f3n, lo que deriv\u00f3 en un aumento de atascos y peque\u00f1os accidentes en las principales v\u00edas de acceso. Muchas personas optaron por no utilizar el coche, tal como recomendaron las autoridades, aunque la acumulaci\u00f3n de veh\u00edculos fue inevitable a determinadas horas.<\/p>\n<p>El sector bancario, aunque logr\u00f3 mantener su operativa interna gracias a sistemas de respaldo, experiment\u00f3 la <strong>inoperatividad de numerosos cajeros autom\u00e1ticos<\/strong> y problemas con algunos terminales de pago. Las entidades pidieron calma y recordaron la utilidad del efectivo en estas situaciones, aunque para muchos fue una sorpresa encontrarse sin alternativas de pago. No menos significativo fue el par\u00f3n en el sector ferroviario, con trenes y metros desalojados y estaciones cerradas durante varias horas, as\u00ed como el cierre de servicios educativos y suspensi\u00f3n de clases extraescolares en algunas provincias.<\/p>\n<h2>P\u00e9rdidas econ\u00f3micas y reclamaciones: c\u00f3mo responder al desastre<\/h2>\n<p><picture decoding=\"async\" class=\"aligncenter\" title=\"Reclamaciones y compensaciones econ\u00f3micas\"><source type=\"image\/webp\" data-lazy-srcset=\"https:\/\/www.economiafinanzas.com\/wp-content\/uploads\/2025\/04\/perdidas-economicas-por-el-apagon-en-Espana-7.jpg.webp\"\/><img decoding=\"async\" alt=\"Reclamaciones por p\u00e9rdidas econ\u00f3micas tras apag\u00f3n\" src=\"https:\/\/www.economiafinanzas.com\/wp-content\/uploads\/2025\/04\/perdidas-economicas-por-el-apagon-en-Espana-7.jpg\"\/><img decoding=\"async\" src=\"https:\/\/www.economiafinanzas.com\/wp-content\/uploads\/2025\/04\/perdidas-economicas-por-el-apagon-en-Espana-7.jpg\" alt=\"Reclamaciones por p\u00e9rdidas econ\u00f3micas tras apag\u00f3n\"\/>\n<\/picture><\/p>\n<p>En las horas posteriores, <strong>miles de negocios y particulares comenzaron a cuantificar da\u00f1os<\/strong>. El deterioro de alimentos, la rotura de electrodom\u00e9sticos, la cancelaci\u00f3n de reservas y la p\u00e9rdida de ingresos por ventas fallidas son algunas de las principales reclamaciones. Los expertos legales recuerdan la importancia de <strong>guardar facturas, fotograf\u00edas y cualquier prueba<\/strong> que permita demostrar las p\u00e9rdidas a la hora de solicitar compensaciones al seguro o, en caso de situaciones de emergencia nacional, al Gran Apag\u00f3n.<\/p>\n<p>Aunque las autoridades piden prudencia y no especular sobre las causas de la ca\u00edda del suministro el\u00e9ctrico, el Gobierno y Red El\u00e9ctrica reconocen que se trata de un <strong>incidente completamente excepcional<\/strong>. El restablecimiento total del sistema llev\u00f3 varias horas y requiri\u00f3 la colaboraci\u00f3n con pa\u00edses vecinos como Francia y Marruecos. Seg\u00fan datos oficiales, apenas unas horas despu\u00e9s del apag\u00f3n se hab\u00eda recuperado cerca del 50% de la demanda el\u00e9ctrica y m\u00e1s de la mitad de las subestaciones principales del sistema ya estaban funcionando.<\/p>\n<h2>Perspectivas y desaf\u00edos para el futuro<\/h2>\n<p><picture decoding=\"async\" class=\"aligncenter\" title=\"Desaf\u00edos y perspectivas futuras\"><source type=\"image\/webp\" data-lazy-srcset=\"https:\/\/www.economiafinanzas.com\/wp-content\/uploads\/2025\/04\/perdidas-economicas-por-el-apagon-en-Espana-9.jpg.webp\"\/><img decoding=\"async\" alt=\"Desaf\u00edos tras el apag\u00f3n el\u00e9ctrico en Espa\u00f1a\" src=\"https:\/\/www.economiafinanzas.com\/wp-content\/uploads\/2025\/04\/perdidas-economicas-por-el-apagon-en-Espana-9.jpg\"\/><img decoding=\"async\" src=\"https:\/\/www.economiafinanzas.com\/wp-content\/uploads\/2025\/04\/perdidas-economicas-por-el-apagon-en-Espana-9.jpg\" alt=\"Desaf\u00edos tras el apag\u00f3n el\u00e9ctrico en Espa\u00f1a\"\/>\n<\/picture><\/p>\n<p>Entre las principales inc\u00f3gnitas que permanecen abiertas est\u00e1n la <strong>identificaci\u00f3n de la causa original del apag\u00f3n<\/strong> y la capacidad del pa\u00eds para hacer frente a situaciones similares en el futuro. Expertos coinciden en que este incidente debe servir para reforzar la vigilancia sobre la infraestructura el\u00e9ctrica, mejorar los protocolos de respuesta ante emergencias y adoptar nuevas medidas para proteger servicios esenciales y minimizar los da\u00f1os econ\u00f3micos.<\/p>\n<p>Este gran apag\u00f3n ha supuesto un <strong>reto para la resiliencia econ\u00f3mica y social de Espa\u00f1a<\/strong>dejando patente la dependencia de la electricidad en todos los aspectos de la vida diaria. Negocios, trabajadores y familias han tenido que improvisar soluciones en cuesti\u00f3n de minutos, y la experiencia servir\u00e1 como recordatorio de la importancia de la prevenci\u00f3n y la coordinaci\u00f3n ante fen\u00f3menos que, aunque infrecuentes, pueden tener un coste inmenso.<\/p>\n<div class=\"post-relacionado-wrapper\"><picture fetchpriority=\"high\" decoding=\"async\" class=\"attachment-medium size-medium wp-post-image\"><source type=\"image\/webp\" data-lazy-srcset=\"https:\/\/www.economiafinanzas.com\/wp-content\/uploads\/2022\/05\/Gran-apagon-300x200.jpg.webp 300w, https:\/\/www.economiafinanzas.com\/wp-content\/uploads\/2022\/05\/Gran-apagon-1024x681.jpg.webp 1024w, https:\/\/www.economiafinanzas.com\/wp-content\/uploads\/2022\/05\/Gran-apagon-768x511.jpg.webp 768w, https:\/\/www.economiafinanzas.com\/wp-content\/uploads\/2022\/05\/Gran-apagon-400x266.jpg.webp 400w, https:\/\/www.economiafinanzas.com\/wp-content\/uploads\/2022\/05\/Gran-apagon-451x300.jpg.webp 451w, https:\/\/www.economiafinanzas.com\/wp-content\/uploads\/2022\/05\/Gran-apagon-420x279.jpg.webp 420w, https:\/\/www.economiafinanzas.com\/wp-content\/uploads\/2022\/05\/Gran-apagon-840x559.jpg.webp 840w, https:\/\/www.economiafinanzas.com\/wp-content\/uploads\/2022\/05\/Gran-apagon-150x100.jpg.webp 150w, https:\/\/www.economiafinanzas.com\/wp-content\/uploads\/2022\/05\/Gran-apagon.jpg.webp 1200w\" sizes=\"(max-width: 300px) 100vw, 300px\"\/><img fetchpriority=\"high\" decoding=\"async\" width=\"300\" height=\"200\" alt=\"Bombilla en el gran Apag\u00f3n\" srcset=\"https:\/\/www.economiafinanzas.com\/wp-content\/uploads\/2022\/05\/Gran-apagon-300x200.jpg 300w, https:\/\/www.economiafinanzas.com\/wp-content\/uploads\/2022\/05\/Gran-apagon-1024x681.jpg 1024w, https:\/\/www.economiafinanzas.com\/wp-content\/uploads\/2022\/05\/Gran-apagon-768x511.jpg 768w, https:\/\/www.economiafinanzas.com\/wp-content\/uploads\/2022\/05\/Gran-apagon-400x266.jpg 400w, https:\/\/www.economiafinanzas.com\/wp-content\/uploads\/2022\/05\/Gran-apagon-451x300.jpg 451w, https:\/\/www.economiafinanzas.com\/wp-content\/uploads\/2022\/05\/Gran-apagon-420x279.jpg 420w, https:\/\/www.economiafinanzas.com\/wp-content\/uploads\/2022\/05\/Gran-apagon-840x559.jpg 840w, https:\/\/www.economiafinanzas.com\/wp-content\/uploads\/2022\/05\/Gran-apagon-150x100.jpg 150w, https:\/\/www.economiafinanzas.com\/wp-content\/uploads\/2022\/05\/Gran-apagon.jpg 1200w\" data-lazy-sizes=\"(max-width: 300px) 100vw, 300px\" src=\"https:\/\/www.economiafinanzas.com\/wp-content\/uploads\/2022\/05\/Gran-apagon-300x200.jpg\"\/><img fetchpriority=\"high\" decoding=\"async\" width=\"300\" height=\"200\" src=\"https:\/\/www.economiafinanzas.com\/wp-content\/uploads\/2022\/05\/Gran-apagon-300x200.jpg\" alt=\"Bombilla en el gran Apag\u00f3n\" srcset=\"https:\/\/www.economiafinanzas.com\/wp-content\/uploads\/2022\/05\/Gran-apagon-300x200.jpg 300w, https:\/\/www.economiafinanzas.com\/wp-content\/uploads\/2022\/05\/Gran-apagon-1024x681.jpg 1024w, https:\/\/www.economiafinanzas.com\/wp-content\/uploads\/2022\/05\/Gran-apagon-768x511.jpg 768w, https:\/\/www.economiafinanzas.com\/wp-content\/uploads\/2022\/05\/Gran-apagon-400x266.jpg 400w, https:\/\/www.economiafinanzas.com\/wp-content\/uploads\/2022\/05\/Gran-apagon-451x300.jpg 451w, https:\/\/www.economiafinanzas.com\/wp-content\/uploads\/2022\/05\/Gran-apagon-420x279.jpg 420w, https:\/\/www.economiafinanzas.com\/wp-content\/uploads\/2022\/05\/Gran-apagon-840x559.jpg 840w, https:\/\/www.economiafinanzas.com\/wp-content\/uploads\/2022\/05\/Gran-apagon-150x100.jpg 150w, https:\/\/www.economiafinanzas.com\/wp-content\/uploads\/2022\/05\/Gran-apagon.jpg 1200w\" sizes=\"(max-width: 300px) 100vw, 300px\"\/>\n<\/picture>\n<div>\n<p>Art\u00edculo relacionado:<\/p>\n<p>C\u00f3mo puede afectar a la econom\u00eda el gran apag\u00f3n<\/p>\n<\/div>\n<\/div>\n<p><!-- CONTENT END 1 --><br \/>\n\t\t\n\t\t\t<\/div>\n\n","protected":false},"excerpt":{"rendered":"<p>El hist\u00f3rico apag\u00f3n el\u00e9ctrico que dej\u00f3 sin suministro a toda Espa\u00f1a durante varias horas ha puesto en jaque no solo a los hogares, sino tambi\u00e9n a la infraestructura econ\u00f3mica del pa\u00eds. El corte, que se inici\u00f3 poco despu\u00e9s del mediod\u00eda, sorprendi\u00f3 a millones de ciudadanos y empresas, paralizando la vida en ciudades y pueblos y &hellip;<\/p>\n","protected":false},"author":1,"featured_media":25127,"comment_status":"open","ping_status":"open","sticky":false,"template":"","format":"standard","meta":{"fifu_image_url":"https:\/\/www.economiafinanzas.com\/wp-content\/uploads\/2025\/04\/perdidas-economicas-por-el-apagon-en-Espana-1.jpg","fifu_image_alt":"","footnotes":""},"categories":[3],"tags":[],"class_list":["post-25125","post","type-post","status-publish","format-standard","has-post-thumbnail","","category-negocio"],"_links":{"self":[{"href":"https:\/\/noticiasveraces.com\/index.php?rest_route=\/wp\/v2\/posts\/25125","targetHints":{"allow":["GET"]}}],"collection":[{"href":"https:\/\/noticiasveraces.com\/index.php?rest_route=\/wp\/v2\/posts"}],"about":[{"href":"https:\/\/noticiasveraces.com\/index.php?rest_route=\/wp\/v2\/types\/post"}],"author":[{"embeddable":true,"href":"https:\/\/noticiasveraces.com\/index.php?rest_route=\/wp\/v2\/users\/1"}],"replies":[{"embeddable":true,"href":"https:\/\/noticiasveraces.com\/index.php?rest_route=%2Fwp%2Fv2%2Fcomments&post=25125"}],"version-history":[{"count":0,"href":"https:\/\/noticiasveraces.com\/index.php?rest_route=\/wp\/v2\/posts\/25125\/revisions"}],"wp:featuredmedia":[{"embeddable":true,"href":"https:\/\/noticiasveraces.com\/index.php?rest_route=\/wp\/v2\/media\/25127"}],"wp:attachment":[{"href":"https:\/\/noticiasveraces.com\/index.php?rest_route=%2Fwp%2Fv2%2Fmedia&parent=25125"}],"wp:term":[{"taxonomy":"category","embeddable":true,"href":"https:\/\/noticiasveraces.com\/index.php?rest_route=%2Fwp%2Fv2%2Fcategories&post=25125"},{"taxonomy":"post_tag","embeddable":true,"href":"https:\/\/noticiasveraces.com\/index.php?rest_route=%2Fwp%2Fv2%2Ftags&post=25125"}],"curies":[{"name":"wp","href":"https:\/\/api.w.org\/{rel}","templated":true}]}}