{"id":25093,"date":"2025-04-29T16:22:01","date_gmt":"2025-04-29T20:22:01","guid":{"rendered":"https:\/\/noticiasveraces.com\/?p=25093"},"modified":"2025-04-29T16:22:01","modified_gmt":"2025-04-29T20:22:01","slug":"modi-le-da-libertad-al-ejercito-indio-para-actuar-despues-de-un-ataque-terrorista-mortal","status":"publish","type":"post","link":"https:\/\/noticiasveraces.com\/?p=25093","title":{"rendered":"Modi le da libertad al ej\u00e9rcito indio para actuar despu\u00e9s de un ataque terrorista mortal"},"content":{"rendered":"<p> \n<\/p>\n<div>\n<p class=\"speakable\">El primer ministro de la India, Narendra Modi, est\u00e1 dando a las fuerzas armadas casi completa libertad de acci\u00f3n para responder despu\u00e9s de un ataque mortal contra los turistas en la disputada regi\u00f3n de Jammu y Cachemira el 22 de abril que vio a 26 personas asesinadas por terroristas. India y Pakist\u00e1n han intercambiado fuego todos los d\u00edas desde el ataque a lo largo de la l\u00ednea de control que separa las \u00e1reas indias y paquistan\u00edes de Cachemira.<\/p>\n<p class=\"speakable\">The Times of India inform\u00f3 el martes que Modi ha dado a los militares la libertad operativa para decidir sobre el modo, los objetivos y el momento de la respuesta al ataque en Cachemira.<\/p>\n<p><strong>Pakist\u00e1n teme a la incursi\u00f3n de la India &#8216;inminente&#8217; en medio de tensiones elevadas despu\u00e9s de un ataque terrorista<\/strong><\/p>\n<div class=\"image-ct inline\">\n<div class=\"m\"><picture><source media=\"(max-width: 767px)\" srcset=\"https:\/\/a57.foxnews.com\/static.foxnews.com\/foxnews.com\/content\/uploads\/2025\/04\/343\/192\/india-kashmir-attack.jpg?ve=1&amp;tl=1, https:\/\/a57.foxnews.com\/static.foxnews.com\/foxnews.com\/content\/uploads\/2025\/04\/686\/384\/india-kashmir-attack.jpg?ve=1&amp;tl=1 2x\" height=\"192\" width=\"343\"><source media=\"(min-width: 768px) and (max-width: 1023px)\" srcset=\"https:\/\/a57.foxnews.com\/static.foxnews.com\/foxnews.com\/content\/uploads\/2025\/04\/672\/378\/india-kashmir-attack.jpg?ve=1&amp;tl=1, https:\/\/a57.foxnews.com\/static.foxnews.com\/foxnews.com\/content\/uploads\/2025\/04\/1344\/756\/india-kashmir-attack.jpg?ve=1&amp;tl=1 2x\" height=\"378\" width=\"672\"><source media=\"(min-width: 1024px) and (max-width: 1279px)\" srcset=\"https:\/\/a57.foxnews.com\/static.foxnews.com\/foxnews.com\/content\/uploads\/2025\/04\/931\/523\/india-kashmir-attack.jpg?ve=1&amp;tl=1, https:\/\/a57.foxnews.com\/static.foxnews.com\/foxnews.com\/content\/uploads\/2025\/04\/1862\/1046\/india-kashmir-attack.jpg?ve=1&amp;tl=1 2x\" height=\"523\" width=\"931\"><source media=\"(min-width: 1280px)\" srcset=\"https:\/\/a57.foxnews.com\/static.foxnews.com\/foxnews.com\/content\/uploads\/2025\/04\/720\/405\/india-kashmir-attack.jpg?ve=1&amp;tl=1, https:\/\/a57.foxnews.com\/static.foxnews.com\/foxnews.com\/content\/uploads\/2025\/04\/1440\/810\/india-kashmir-attack.jpg?ve=1&amp;tl=1 2x\" height=\"405\" width=\"720\"><img loading=\"lazy\" decoding=\"async\" src=\"https:\/\/a57.foxnews.com\/static.foxnews.com\/foxnews.com\/content\/uploads\/2025\/04\/1200\/675\/india-kashmir-attack.jpg?ve=1&amp;tl=1\" alt=\"Ataque de la India Cachemira\" width=\"1200\" height=\"675\"\/><\/source><\/source><\/source><\/source><\/picture><\/div>\n<div class=\"info\">\n<div class=\"caption\">\n<p><span>Las mujeres de los aldeanos de Cachemira pasan por la casa familiar de Asif Shiekh, un militante que los oficiales est\u00e1n involucrados en el ataque mortal contra turistas en Pahalgam, en la aldea de Monghama en Tral, al sur de Srinagar, Cachemira controlada por la India, el viernes 25 de abril, 2025. <\/span> <span>(AP Photo\/Dar Yasin)<\/span><\/p>\n<\/div>\n<\/div>\n<\/div>\n<p>Modi est\u00e1 listo para convocar otra reuni\u00f3n del Comit\u00e9 de Seguridad del Gabinete (CCS) el mi\u00e9rcoles para coordinar los pr\u00f3ximos movimientos de la India.<\/p>\n<p>Modi dijo recientemente que India \u00abidentificar\u00e1, rastrear\u00e1 y castigar\u00e1 a todos los terroristas, sus manejadores y sus patrocinadores\u00bb, en una publicaci\u00f3n sobre X. \u00abLos perseguiremos hasta los fines de la tierra\u00bb, agreg\u00f3 Modi.<\/p>\n<p>El ministro de Defensa de la India, Khawaja Muhammad Asif, dijo a Reuters que el pa\u00eds ha movilizado sus fuerzas porque las represalias son \u00abalgo que es inminente ahora\u00bb.<\/p>\n<p>El Frente de Resistencia (TRF), un grupo extremista vinculado a la organizaci\u00f3n terrorista Lashkar-e-Taiba con sede en Pakist\u00e1n, se atribuy\u00f3 la responsabilidad del ataque en Pahalgama. Lashkar-e-Taiba fue responsable de los ataques de Mumbai 2008 y se sabe que tiene v\u00ednculos con el ej\u00e9rcito pakistan\u00ed y una asociaci\u00f3n con la Direcci\u00f3n de Pakist\u00e1n para la Inteligencia entre Servicios (ISI).<\/p>\n<p>Pakist\u00e1n ha negado cualquier participaci\u00f3n en el ataque.<\/p>\n<div class=\"image-ct inline\">\n<div class=\"m\"><picture><source media=\"(max-width: 767px)\" srcset=\"https:\/\/a57.foxnews.com\/static.foxnews.com\/foxnews.com\/content\/uploads\/2024\/06\/343\/192\/APTOPIX-India-Election.jpg?ve=1&amp;tl=1, https:\/\/a57.foxnews.com\/static.foxnews.com\/foxnews.com\/content\/uploads\/2024\/06\/686\/384\/APTOPIX-India-Election.jpg?ve=1&amp;tl=1 2x\" height=\"192\" width=\"343\"><source media=\"(min-width: 768px) and (max-width: 1023px)\" srcset=\"https:\/\/a57.foxnews.com\/static.foxnews.com\/foxnews.com\/content\/uploads\/2024\/06\/672\/378\/APTOPIX-India-Election.jpg?ve=1&amp;tl=1, https:\/\/a57.foxnews.com\/static.foxnews.com\/foxnews.com\/content\/uploads\/2024\/06\/1344\/756\/APTOPIX-India-Election.jpg?ve=1&amp;tl=1 2x\" height=\"378\" width=\"672\"><source media=\"(min-width: 1024px) and (max-width: 1279px)\" srcset=\"https:\/\/a57.foxnews.com\/static.foxnews.com\/foxnews.com\/content\/uploads\/2024\/06\/931\/523\/APTOPIX-India-Election.jpg?ve=1&amp;tl=1, https:\/\/a57.foxnews.com\/static.foxnews.com\/foxnews.com\/content\/uploads\/2024\/06\/1862\/1046\/APTOPIX-India-Election.jpg?ve=1&amp;tl=1 2x\" height=\"523\" width=\"931\"><source media=\"(min-width: 1280px)\" srcset=\"https:\/\/a57.foxnews.com\/static.foxnews.com\/foxnews.com\/content\/uploads\/2024\/06\/720\/405\/APTOPIX-India-Election.jpg?ve=1&amp;tl=1, https:\/\/a57.foxnews.com\/static.foxnews.com\/foxnews.com\/content\/uploads\/2024\/06\/1440\/810\/APTOPIX-India-Election.jpg?ve=1&amp;tl=1 2x\" height=\"405\" width=\"720\"><img loading=\"lazy\" decoding=\"async\" src=\"https:\/\/a57.foxnews.com\/static.foxnews.com\/foxnews.com\/content\/uploads\/2024\/06\/1200\/675\/APTOPIX-India-Election.jpg?ve=1&amp;tl=1\" alt=\"Aptopix-india-selecci\u00f3n\" width=\"1200\" height=\"675\"\/><\/source><\/source><\/source><\/source><\/picture><\/div>\n<div class=\"info\">\n<div class=\"caption\">\n<p><span>El primer ministro Narendra Modi es aturdido por los l\u00edderes del Partido Bharatiya Janata (BJP) Rajnath Singh, izquierda, presidente del partido JP Nadda, a la derecha y Amit Shah, en la sede del partido en Nueva Delhi, India, martes 4 de junio de 2024. <\/span> <span>(Photo AP\/Manish Swarup)<\/span><\/p>\n<\/div>\n<\/div>\n<\/div>\n<p>El ataque, que mat\u00f3 a 26 personas y fue el peor ataque terrorista contra la India desde los ataques de Mumbai 2008, ha aumentado las tensiones en el subcontinente indio entre dos potencias de armas nucleares.<\/p>\n<p>\u00abUna respuesta militar india probablemente refleja la pol\u00edtica exterior m\u00e1s musculosa del gobierno de Modi como lo se\u00f1al\u00f3 sus acciones despu\u00e9s de ataques terroristas anteriores\u00bb, dijo a Fox News Digital Chietigj Bajpaee, investigador senior de Asia del Sur de Chatham House. <\/p>\n<p><strong>He aqu\u00ed por qu\u00e9 un brote entre India y Pakist\u00e1n sobre Cachemira es importante<\/strong><\/p>\n<p>Bajpaee se\u00f1al\u00f3 que un ataque quir\u00fargico o un ataque a\u00e9reo es la forma m\u00e1s probable de represalia, y la respuesta probablemente tomar\u00e1 un enfoque calibrado para limitar el da\u00f1o colateral y las bajas civiles y controlar la escalera de escalada para mantener el conflicto por debajo del umbral nuclear. <\/p>\n<p>\u00abSin embargo, esto es m\u00e1s f\u00e1cil decir que hacerlo dada la posibilidad de una escalada accidental\u00bb y no se puede descartar una \u00abescalada militar m\u00e1s amplia por ojo\u00bb, advirti\u00f3.<\/p>\n<p>Aunque hubo un alcance limitado de Modi en el pasado, dos rondas de escalada en 2016 y 2019 han agriado las relaciones.<\/p>\n<div class=\"image-ct inline\">\n<div class=\"m\"><picture><source media=\"(max-width: 767px)\" srcset=\"https:\/\/a57.foxnews.com\/static.foxnews.com\/foxnews.com\/content\/uploads\/2025\/04\/343\/192\/ap25112548751763.jpg?ve=1&amp;tl=1, https:\/\/a57.foxnews.com\/static.foxnews.com\/foxnews.com\/content\/uploads\/2025\/04\/686\/384\/ap25112548751763.jpg?ve=1&amp;tl=1 2x\" height=\"192\" width=\"343\"><source media=\"(min-width: 768px) and (max-width: 1023px)\" srcset=\"https:\/\/a57.foxnews.com\/static.foxnews.com\/foxnews.com\/content\/uploads\/2025\/04\/672\/378\/ap25112548751763.jpg?ve=1&amp;tl=1, https:\/\/a57.foxnews.com\/static.foxnews.com\/foxnews.com\/content\/uploads\/2025\/04\/1344\/756\/ap25112548751763.jpg?ve=1&amp;tl=1 2x\" height=\"378\" width=\"672\"><source media=\"(min-width: 1024px) and (max-width: 1279px)\" srcset=\"https:\/\/a57.foxnews.com\/static.foxnews.com\/foxnews.com\/content\/uploads\/2025\/04\/931\/523\/ap25112548751763.jpg?ve=1&amp;tl=1, https:\/\/a57.foxnews.com\/static.foxnews.com\/foxnews.com\/content\/uploads\/2025\/04\/1862\/1046\/ap25112548751763.jpg?ve=1&amp;tl=1 2x\" height=\"523\" width=\"931\"><source media=\"(min-width: 1280px)\" srcset=\"https:\/\/a57.foxnews.com\/static.foxnews.com\/foxnews.com\/content\/uploads\/2025\/04\/720\/405\/ap25112548751763.jpg?ve=1&amp;tl=1, https:\/\/a57.foxnews.com\/static.foxnews.com\/foxnews.com\/content\/uploads\/2025\/04\/1440\/810\/ap25112548751763.jpg?ve=1&amp;tl=1 2x\" height=\"405\" width=\"720\"><img loading=\"lazy\" decoding=\"async\" src=\"https:\/\/a57.foxnews.com\/static.foxnews.com\/foxnews.com\/content\/uploads\/2025\/04\/1200\/675\/ap25112548751763.jpg?ve=1&amp;tl=1\" alt=\"Oficial del ej\u00e9rcito indio\" width=\"1200\" height=\"675\"\/><\/source><\/source><\/source><\/source><\/picture><\/div>\n<div class=\"info\">\n<div class=\"caption\">\n<p><span>Los oficiales del ej\u00e9rcito indio est\u00e1n guardados cerca de Pahalgam en el sur de Cachemira despu\u00e9s de que los asaltantes abrieron indiscriminadamente a los turistas que visitan Pahalgam, Cachemira controlada por la India, el martes 22 de abril de 2025.<\/span> <span>(AP Photo\/Dar Yasin)<\/span><\/p>\n<\/div>\n<\/div>\n<\/div>\n<p>Sadanand Dhume, miembro principal del American Enterprise Institute, le dijo a Fox News Digital que Modi enfrenta presi\u00f3n para montar una respuesta dif\u00edcil.<\/p>\n<p>\u00abEl p\u00fablico indio est\u00e1 indignado por el ataque terrorista de la semana pasada en Cachemira, y el primer ministro Narendra Modi est\u00e1 bajo una inmensa presi\u00f3n para responder a la atrocidad al golpear a Pakist\u00e1n, que ha patrocinado durante mucho tiempo ataques contra la India\u00bb, dijo Dhume.<\/p>\n<p><strong>India promete cazar terroristas &#8216;a los fines de la tierra&#8217; a medida que las tensiones con Pakist\u00e1n se elevan despu\u00e9s del ataque de Cachemira<\/strong><\/p>\n<p>Ya India ha suspendido el hist\u00f3rico tratado de agua del Indo de 1960, un acuerdo clave para compartir el agua que cubre r\u00edos que se superponen a ambos pa\u00edses. El Ministro de Estado de Derecho y Justicia de Pakist\u00e1n, dijo a Reuters que Islamabad planea desafiar la suspensi\u00f3n de la India del tratado y est\u00e1 planteando el problema con el Banco Mundial.<\/p>\n<p>Pakist\u00e1n dijo que el impedimento del flujo libre del agua constituir\u00eda un acto de guerra.<\/p>\n<div class=\"image-ct inline\">\n<div class=\"m\"><picture><source media=\"(max-width: 767px)\" srcset=\"https:\/\/a57.foxnews.com\/static.foxnews.com\/foxnews.com\/content\/uploads\/2025\/04\/343\/192\/pakistan-protest.jpg?ve=1&amp;tl=1, https:\/\/a57.foxnews.com\/static.foxnews.com\/foxnews.com\/content\/uploads\/2025\/04\/686\/384\/pakistan-protest.jpg?ve=1&amp;tl=1 2x\" height=\"192\" width=\"343\"><source media=\"(min-width: 768px) and (max-width: 1023px)\" srcset=\"https:\/\/a57.foxnews.com\/static.foxnews.com\/foxnews.com\/content\/uploads\/2025\/04\/672\/378\/pakistan-protest.jpg?ve=1&amp;tl=1, https:\/\/a57.foxnews.com\/static.foxnews.com\/foxnews.com\/content\/uploads\/2025\/04\/1344\/756\/pakistan-protest.jpg?ve=1&amp;tl=1 2x\" height=\"378\" width=\"672\"><source media=\"(min-width: 1024px) and (max-width: 1279px)\" srcset=\"https:\/\/a57.foxnews.com\/static.foxnews.com\/foxnews.com\/content\/uploads\/2025\/04\/931\/523\/pakistan-protest.jpg?ve=1&amp;tl=1, https:\/\/a57.foxnews.com\/static.foxnews.com\/foxnews.com\/content\/uploads\/2025\/04\/1862\/1046\/pakistan-protest.jpg?ve=1&amp;tl=1 2x\" height=\"523\" width=\"931\"><source media=\"(min-width: 1280px)\" srcset=\"https:\/\/a57.foxnews.com\/static.foxnews.com\/foxnews.com\/content\/uploads\/2025\/04\/720\/405\/pakistan-protest.jpg?ve=1&amp;tl=1, https:\/\/a57.foxnews.com\/static.foxnews.com\/foxnews.com\/content\/uploads\/2025\/04\/1440\/810\/pakistan-protest.jpg?ve=1&amp;tl=1 2x\" height=\"405\" width=\"720\"><img loading=\"lazy\" decoding=\"async\" src=\"https:\/\/a57.foxnews.com\/static.foxnews.com\/foxnews.com\/content\/uploads\/2025\/04\/1200\/675\/pakistan-protest.jpg?ve=1&amp;tl=1\" alt=\"Protesta en Pakist\u00e1n despu\u00e9s del ataque de Cachemira\" width=\"1200\" height=\"675\"\/><\/source><\/source><\/source><\/source><\/picture><\/div>\n<div class=\"info\">\n<div class=\"caption\">\n<p><span>Los partidarios del partido de la Liga Musulmana Murkazi de Pakist\u00e1n protestan contra la suspensi\u00f3n del tratado de compartir el agua por India con Pakist\u00e1n, en Lahore, Pakist\u00e1n, el jueves 24 de abril.<\/span> <span>(AP\/KM Chaudary)<\/span><\/p>\n<\/div>\n<\/div>\n<\/div>\n<p>La rivalidad entre India y Pakist\u00e1n se remonta a la partici\u00f3n de la antigua Colonia Brit\u00e1nica de la India en 1947, con el establecimiento de la mayor\u00eda de la mayor\u00eda musulmana de Pakist\u00e1n y India de mayor\u00eda hind\u00fa. El plan de partici\u00f3n tambi\u00e9n proporcion\u00f3 a las regiones disputadas de Jammu y Cachemira la oportunidad de elegir si quer\u00edan unirse a cualquiera de las naciones reci\u00e9n establecidas. Cachemira finalmente decidi\u00f3 unirse a India a cambio de ayuda contra invadir milicias paquistan\u00edes, con India y Pakist\u00e1n luchando contra tres guerras por el territorio desde 1947.<\/p>\n<p><strong>Haga clic aqu\u00ed para obtener la aplicaci\u00f3n Fox News<\/strong><\/p>\n<p>India y Pakist\u00e1n tienen un estimado de 342 ojivos nucleares combinados, seg\u00fan la Asociaci\u00f3n de Control de Armas.<\/p>\n<p> <!----> <\/div>\n\n","protected":false},"excerpt":{"rendered":"<p>El primer ministro de la India, Narendra Modi, est\u00e1 dando a las fuerzas armadas casi completa libertad de acci\u00f3n para responder despu\u00e9s de un ataque mortal contra los turistas en la disputada regi\u00f3n de Jammu y Cachemira el 22 de abril que vio a 26 personas asesinadas por terroristas. India y Pakist\u00e1n han intercambiado fuego &hellip;<\/p>\n","protected":false},"author":1,"featured_media":25095,"comment_status":"open","ping_status":"open","sticky":false,"template":"","format":"standard","meta":{"fifu_image_url":"https:\/\/static.foxnews.com\/foxnews.com\/content\/uploads\/2023\/07\/Modi.jpg","fifu_image_alt":"","footnotes":""},"categories":[13],"tags":[],"class_list":["post-25093","post","type-post","status-publish","format-standard","has-post-thumbnail","","category-mundo"],"_links":{"self":[{"href":"https:\/\/noticiasveraces.com\/index.php?rest_route=\/wp\/v2\/posts\/25093","targetHints":{"allow":["GET"]}}],"collection":[{"href":"https:\/\/noticiasveraces.com\/index.php?rest_route=\/wp\/v2\/posts"}],"about":[{"href":"https:\/\/noticiasveraces.com\/index.php?rest_route=\/wp\/v2\/types\/post"}],"author":[{"embeddable":true,"href":"https:\/\/noticiasveraces.com\/index.php?rest_route=\/wp\/v2\/users\/1"}],"replies":[{"embeddable":true,"href":"https:\/\/noticiasveraces.com\/index.php?rest_route=%2Fwp%2Fv2%2Fcomments&post=25093"}],"version-history":[{"count":0,"href":"https:\/\/noticiasveraces.com\/index.php?rest_route=\/wp\/v2\/posts\/25093\/revisions"}],"wp:featuredmedia":[{"embeddable":true,"href":"https:\/\/noticiasveraces.com\/index.php?rest_route=\/wp\/v2\/media\/25095"}],"wp:attachment":[{"href":"https:\/\/noticiasveraces.com\/index.php?rest_route=%2Fwp%2Fv2%2Fmedia&parent=25093"}],"wp:term":[{"taxonomy":"category","embeddable":true,"href":"https:\/\/noticiasveraces.com\/index.php?rest_route=%2Fwp%2Fv2%2Fcategories&post=25093"},{"taxonomy":"post_tag","embeddable":true,"href":"https:\/\/noticiasveraces.com\/index.php?rest_route=%2Fwp%2Fv2%2Ftags&post=25093"}],"curies":[{"name":"wp","href":"https:\/\/api.w.org\/{rel}","templated":true}]}}