{"id":25077,"date":"2025-04-29T15:20:03","date_gmt":"2025-04-29T19:20:03","guid":{"rendered":"https:\/\/noticiasveraces.com\/?p=25077"},"modified":"2025-04-29T15:20:03","modified_gmt":"2025-04-29T19:20:03","slug":"lider-conservador-canadiense-poilievre-proyectado-para-perder-el-asiento-ante-fanjoy-liberal","status":"publish","type":"post","link":"https:\/\/noticiasveraces.com\/?p=25077","title":{"rendered":"L\u00edder conservador canadiense Poilievre proyectado para perder el asiento ante Fanjoy liberal"},"content":{"rendered":"<p> \n<\/p>\n<div>\n<p class=\"speakable\">Se prev\u00e9 que el l\u00edder conservador canadiense Pierre Poilievre pierda el esca\u00f1o parlamentario que ha tenido durante m\u00e1s de 20 a\u00f1os en una impresionante derrota ante el candidato liberal Bruce Fanjoy.<\/p>\n<p class=\"speakable\">Canadian Broadcasting Corporation (CBC), una tienda estatal, proyect\u00f3 la p\u00e9rdida el martes por la ma\u00f1ana despu\u00e9s de las elecciones federales del lunes. Sin embargo, la decisi\u00f3n de las elecciones de Canad\u00e1 de detener el conteo de boletas especiales significa que no est\u00e1 claro si los liberales, liderados por el primer ministro canadiense Mark Carney, se ir\u00e1n con una minor\u00eda o un mandato mayoritario.<\/p>\n<div class=\"image-ct inline\">\n<div class=\"m\"><picture><source media=\"(max-width: 767px)\" srcset=\"https:\/\/a57.foxnews.com\/static.foxnews.com\/foxnews.com\/content\/uploads\/2025\/04\/343\/192\/april-2025-pierre-poilievre.jpg?ve=1&amp;tl=1, https:\/\/a57.foxnews.com\/static.foxnews.com\/foxnews.com\/content\/uploads\/2025\/04\/686\/384\/april-2025-pierre-poilievre.jpg?ve=1&amp;tl=1 2x\" height=\"192\" width=\"343\"><source media=\"(min-width: 768px) and (max-width: 1023px)\" srcset=\"https:\/\/a57.foxnews.com\/static.foxnews.com\/foxnews.com\/content\/uploads\/2025\/04\/672\/378\/april-2025-pierre-poilievre.jpg?ve=1&amp;tl=1, https:\/\/a57.foxnews.com\/static.foxnews.com\/foxnews.com\/content\/uploads\/2025\/04\/1344\/756\/april-2025-pierre-poilievre.jpg?ve=1&amp;tl=1 2x\" height=\"378\" width=\"672\"><source media=\"(min-width: 1024px) and (max-width: 1279px)\" srcset=\"https:\/\/a57.foxnews.com\/static.foxnews.com\/foxnews.com\/content\/uploads\/2025\/04\/931\/523\/april-2025-pierre-poilievre.jpg?ve=1&amp;tl=1, https:\/\/a57.foxnews.com\/static.foxnews.com\/foxnews.com\/content\/uploads\/2025\/04\/1862\/1046\/april-2025-pierre-poilievre.jpg?ve=1&amp;tl=1 2x\" height=\"523\" width=\"931\"><source media=\"(min-width: 1280px)\" srcset=\"https:\/\/a57.foxnews.com\/static.foxnews.com\/foxnews.com\/content\/uploads\/2025\/04\/720\/405\/april-2025-pierre-poilievre.jpg?ve=1&amp;tl=1, https:\/\/a57.foxnews.com\/static.foxnews.com\/foxnews.com\/content\/uploads\/2025\/04\/1440\/810\/april-2025-pierre-poilievre.jpg?ve=1&amp;tl=1 2x\" height=\"405\" width=\"720\"><img loading=\"lazy\" decoding=\"async\" src=\"https:\/\/a57.foxnews.com\/static.foxnews.com\/foxnews.com\/content\/uploads\/2025\/04\/1200\/675\/april-2025-pierre-poilievre.jpg?ve=1&amp;tl=1\" alt=\"L\u00edder conservador canadiense Pierre Poilievre\" width=\"1200\" height=\"675\"\/><\/source><\/source><\/source><\/source><\/picture><\/div>\n<div class=\"info\">\n<div class=\"caption\">\n<p><span>El l\u00edder del Partido Conservador de Canad\u00e1, Pierre Poilievre, analiza su sede de la noche electoral en Ottawa, Ontario, Canad\u00e1, el 29 de abril de 2025.<\/span> <span>(Reuters\/Amber Bracken)<\/span><\/p>\n<\/div>\n<\/div>\n<\/div>\n<p><strong><u>Las amenazas de Trump aumentaron el Carney de Canad\u00e1, lastimaron a los conservadores a medida que el pa\u00eds vota por el nuevo l\u00edder<\/u><\/strong><\/p>\n<p>Fanjoy, quien se proyecta que tome el asiento de Poilievre en el Parlamento, trabaj\u00f3 en negocios y marketing y vive en una casa neutral en carbono en Manotick, un suburbio de Ottawa, seg\u00fan CBC.<\/p>\n<p>\u00abTenemos que cuidarnos a nosotros mismos, y tenemos que cuidarnos el uno al otro. Vamos a trabajar\u00bb, escribi\u00f3 Fanjoy en una publicaci\u00f3n en X.<\/p>\n<p>En su discurso de victoria, Carney pareci\u00f3 criticar a los Estados Unidos por las pol\u00edticas arancelas del presidente Donald Trump, que llam\u00f3 una \u00abtraici\u00f3n\u00bb.<\/p>\n<p>\u00abHemos superado la conmoci\u00f3n de la traici\u00f3n estadounidense, pero nunca debemos olvidar las lecciones\u00bb, dijo Carney en su discurso de victoria. \u00abEstados Unidos quiere nuestra tierra, nuestros recursos, nuestro agua, nuestro pa\u00eds. Estas no son amenazas ociosas. El presidente Trump est\u00e1 tratando de rompernos para que Estados Unidos pueda ser due\u00f1os de nosotros. Eso nunca &#8230; nunca suceder\u00e1\u00bb.<\/p>\n<div class=\"image-ct inline\">\n<div class=\"m\"><picture><source media=\"(max-width: 767px)\" srcset=\"https:\/\/a57.foxnews.com\/static.foxnews.com\/foxnews.com\/content\/uploads\/2025\/04\/343\/192\/mark-carney-april-2025.jpg?ve=1&amp;tl=1, https:\/\/a57.foxnews.com\/static.foxnews.com\/foxnews.com\/content\/uploads\/2025\/04\/686\/384\/mark-carney-april-2025.jpg?ve=1&amp;tl=1 2x\" height=\"192\" width=\"343\"><source media=\"(min-width: 768px) and (max-width: 1023px)\" srcset=\"https:\/\/a57.foxnews.com\/static.foxnews.com\/foxnews.com\/content\/uploads\/2025\/04\/672\/378\/mark-carney-april-2025.jpg?ve=1&amp;tl=1, https:\/\/a57.foxnews.com\/static.foxnews.com\/foxnews.com\/content\/uploads\/2025\/04\/1344\/756\/mark-carney-april-2025.jpg?ve=1&amp;tl=1 2x\" height=\"378\" width=\"672\"><source media=\"(min-width: 1024px) and (max-width: 1279px)\" srcset=\"https:\/\/a57.foxnews.com\/static.foxnews.com\/foxnews.com\/content\/uploads\/2025\/04\/931\/523\/mark-carney-april-2025.jpg?ve=1&amp;tl=1, https:\/\/a57.foxnews.com\/static.foxnews.com\/foxnews.com\/content\/uploads\/2025\/04\/1862\/1046\/mark-carney-april-2025.jpg?ve=1&amp;tl=1 2x\" height=\"523\" width=\"931\"><source media=\"(min-width: 1280px)\" srcset=\"https:\/\/a57.foxnews.com\/static.foxnews.com\/foxnews.com\/content\/uploads\/2025\/04\/720\/405\/mark-carney-april-2025.jpg?ve=1&amp;tl=1, https:\/\/a57.foxnews.com\/static.foxnews.com\/foxnews.com\/content\/uploads\/2025\/04\/1440\/810\/mark-carney-april-2025.jpg?ve=1&amp;tl=1 2x\" height=\"405\" width=\"720\"><img loading=\"lazy\" decoding=\"async\" src=\"https:\/\/a57.foxnews.com\/static.foxnews.com\/foxnews.com\/content\/uploads\/2025\/04\/1200\/675\/mark-carney-april-2025.jpg?ve=1&amp;tl=1\" alt=\"Primer ministro canadiense Mark Carney\" width=\"1200\" height=\"675\"\/><\/source><\/source><\/source><\/source><\/picture><\/div>\n<div class=\"info\">\n<div class=\"caption\">\n<p><span>El primer ministro de Canad\u00e1, Mark Carney, hace gesto como un tel\u00e9fono de un hombre en el escenario, mientras que Carney habla en la sede de la noche de elecciones del Partido Liberal en Ottawa, Ontario, Canad\u00e1, el 29 de abril de 2025. <\/span> <span>(REUTERS\/Carlos Osorio)<\/span><\/p>\n<\/div>\n<\/div>\n<\/div>\n<p><strong><u>Trump toma el centro del escenario en el debate electoral del primer ministro de Canad\u00e1<\/u><\/strong><\/p>\n<p>La p\u00e9rdida de Poilievre se produce despu\u00e9s de un giro importante en las encuestas. En un momento, parec\u00eda probable que sucediera al ex primer ministro canadiense Justin Trudeau. El l\u00edder conservador parece haber fallado en su esfuerzo por hacer de la elecci\u00f3n un refer\u00e9ndum sobre el controvertido ex primer ministro, cuya popularidad disminuy\u00f3 hacia el final de su tiempo en el cargo.<\/p>\n<div class=\"image-ct inline\">\n<div class=\"m\"><picture><source media=\"(max-width: 767px)\" srcset=\"https:\/\/a57.foxnews.com\/static.foxnews.com\/foxnews.com\/content\/uploads\/2025\/04\/343\/192\/canada-votes.jpg?ve=1&amp;tl=1, https:\/\/a57.foxnews.com\/static.foxnews.com\/foxnews.com\/content\/uploads\/2025\/04\/686\/384\/canada-votes.jpg?ve=1&amp;tl=1 2x\" height=\"192\" width=\"343\"><source media=\"(min-width: 768px) and (max-width: 1023px)\" srcset=\"https:\/\/a57.foxnews.com\/static.foxnews.com\/foxnews.com\/content\/uploads\/2025\/04\/672\/378\/canada-votes.jpg?ve=1&amp;tl=1, https:\/\/a57.foxnews.com\/static.foxnews.com\/foxnews.com\/content\/uploads\/2025\/04\/1344\/756\/canada-votes.jpg?ve=1&amp;tl=1 2x\" height=\"378\" width=\"672\"><source media=\"(min-width: 1024px) and (max-width: 1279px)\" srcset=\"https:\/\/a57.foxnews.com\/static.foxnews.com\/foxnews.com\/content\/uploads\/2025\/04\/931\/523\/canada-votes.jpg?ve=1&amp;tl=1, https:\/\/a57.foxnews.com\/static.foxnews.com\/foxnews.com\/content\/uploads\/2025\/04\/1862\/1046\/canada-votes.jpg?ve=1&amp;tl=1 2x\" height=\"523\" width=\"931\"><source media=\"(min-width: 1280px)\" srcset=\"https:\/\/a57.foxnews.com\/static.foxnews.com\/foxnews.com\/content\/uploads\/2025\/04\/720\/405\/canada-votes.jpg?ve=1&amp;tl=1, https:\/\/a57.foxnews.com\/static.foxnews.com\/foxnews.com\/content\/uploads\/2025\/04\/1440\/810\/canada-votes.jpg?ve=1&amp;tl=1 2x\" height=\"405\" width=\"720\"><img loading=\"lazy\" decoding=\"async\" src=\"https:\/\/a57.foxnews.com\/static.foxnews.com\/foxnews.com\/content\/uploads\/2025\/04\/1200\/675\/canada-votes.jpg?ve=1&amp;tl=1\" alt=\"Los canadienses votan en 2025\" width=\"1200\" height=\"675\"\/><\/source><\/source><\/source><\/source><\/picture><\/div>\n<div class=\"info\">\n<div class=\"caption\">\n<p><span>La gente se prepara para votar en una estaci\u00f3n de votaci\u00f3n en Ottawa, Canad\u00e1, el 28 de abril de 2025. <\/span> <span>(Min Chen\/Xinhua a trav\u00e9s de Getty Images)<\/span><\/p>\n<\/div>\n<\/div>\n<\/div>\n<p><strong><u>Haga clic aqu\u00ed para obtener la aplicaci\u00f3n Fox News<\/u><\/strong><\/p>\n<p>A finales de 2024, justo antes de la renuncia de Trudeau, Poilievre aument\u00f3 25 puntos sobre el impopular ministro del entonces primer primer ministro, seg\u00fan Politico. Sin embargo, los aranceles y comentarios de Trump sobre hacer que Canad\u00e1 el estado 51 se hizo cargo del ciclo electoral del Gran Norte Blanco, probablemente alimentando a Carney y la victoria de los liberales. <\/p>\n<p> <!----> <\/p>\n<div class=\"article-meta\">\n<div class=\"author-bio\">\n<p>Rachel Wolf es una escritora de noticias de Fox News Digital y Fox Business.<\/p>\n<\/div>\n<\/div>\n<\/div>\n\n","protected":false},"excerpt":{"rendered":"<p>Se prev\u00e9 que el l\u00edder conservador canadiense Pierre Poilievre pierda el esca\u00f1o parlamentario que ha tenido durante m\u00e1s de 20 a\u00f1os en una impresionante derrota ante el candidato liberal Bruce Fanjoy. Canadian Broadcasting Corporation (CBC), una tienda estatal, proyect\u00f3 la p\u00e9rdida el martes por la ma\u00f1ana despu\u00e9s de las elecciones federales del lunes. Sin embargo, &hellip;<\/p>\n","protected":false},"author":1,"featured_media":25079,"comment_status":"open","ping_status":"open","sticky":false,"template":"","format":"standard","meta":{"fifu_image_url":"https:\/\/static.foxnews.com\/foxnews.com\/content\/uploads\/2025\/04\/april-2025-pierre-poilievre.jpg","fifu_image_alt":"","footnotes":""},"categories":[13],"tags":[],"class_list":["post-25077","post","type-post","status-publish","format-standard","has-post-thumbnail","","category-mundo"],"_links":{"self":[{"href":"https:\/\/noticiasveraces.com\/index.php?rest_route=\/wp\/v2\/posts\/25077","targetHints":{"allow":["GET"]}}],"collection":[{"href":"https:\/\/noticiasveraces.com\/index.php?rest_route=\/wp\/v2\/posts"}],"about":[{"href":"https:\/\/noticiasveraces.com\/index.php?rest_route=\/wp\/v2\/types\/post"}],"author":[{"embeddable":true,"href":"https:\/\/noticiasveraces.com\/index.php?rest_route=\/wp\/v2\/users\/1"}],"replies":[{"embeddable":true,"href":"https:\/\/noticiasveraces.com\/index.php?rest_route=%2Fwp%2Fv2%2Fcomments&post=25077"}],"version-history":[{"count":0,"href":"https:\/\/noticiasveraces.com\/index.php?rest_route=\/wp\/v2\/posts\/25077\/revisions"}],"wp:featuredmedia":[{"embeddable":true,"href":"https:\/\/noticiasveraces.com\/index.php?rest_route=\/wp\/v2\/media\/25079"}],"wp:attachment":[{"href":"https:\/\/noticiasveraces.com\/index.php?rest_route=%2Fwp%2Fv2%2Fmedia&parent=25077"}],"wp:term":[{"taxonomy":"category","embeddable":true,"href":"https:\/\/noticiasveraces.com\/index.php?rest_route=%2Fwp%2Fv2%2Fcategories&post=25077"},{"taxonomy":"post_tag","embeddable":true,"href":"https:\/\/noticiasveraces.com\/index.php?rest_route=%2Fwp%2Fv2%2Ftags&post=25077"}],"curies":[{"name":"wp","href":"https:\/\/api.w.org\/{rel}","templated":true}]}}