{"id":25072,"date":"2025-04-29T15:12:27","date_gmt":"2025-04-29T19:12:27","guid":{"rendered":"https:\/\/noticiasveraces.com\/?p=25072"},"modified":"2025-04-29T15:12:27","modified_gmt":"2025-04-29T19:12:27","slug":"humanitarios-detenidos-gaza-aranceles-en-america-latina-las-noticias-del-martes","status":"publish","type":"post","link":"https:\/\/noticiasveraces.com\/?p=25072","title":{"rendered":"Humanitarios detenidos, Gaza, aranceles en Am\u00e9rica Latina&#8230; Las noticias del martes"},"content":{"rendered":"<p> \n<\/p>\n<div>\n<h2>Gaza: trabajadores humanitarios aseguran haber sido torturados<\/h2>\n<p>Desde octubre de 2023, m\u00e1s de 50 trabajadores de UNRWA \u2014entre ellos maestros, m\u00e9dicos y trabajadores sociales\u2014 han sido detenidos en Gaza y aseguran haber sido torturados mientras estaban bajo custodia israel\u00ed.<\/p>\n<p>Seg\u00fan el Comisionado General de UNRWA, Philippe Lazzarini, muchos fueron golpeados, usados como escudos humanos y sometidos a abusos.<\/p>\n<p>\u201cHan sido tratados de la manera m\u00e1s impactante e inhumana. Denunciaron haber sido golpeados y utilizados como escudos humanos\u201d, dijo en su cuenta de X.<\/p>\n<p>Tambi\u00e9n fueron v\u00edctimas de privaci\u00f3n del sue\u00f1o, amenazas, ataques de perros y confesiones forzadas.<\/p>\n<p>Uno de los testimonios m\u00e1s duros provino de un trabajador liberado tras su detenci\u00f3n:<\/p>\n<p>\u00abRecibimos este terrible testimonio de un colega que fue detenido en Gaza, torturado mientras estaba detenido en Israel y finalmente liberado. Le dijo al Comisionado General: &#8216;<strong>Deseaba que la muerte pusiera fin a la pesadilla que estaba viviendo&#8217;<\/strong>\u00ab, dijo la portavoz de la agencia Juliette Touma.<\/p>\n<p>Lazzarini pidi\u00f3 \u201cjusticia y rendici\u00f3n de cuentas por los cr\u00edmenes\u201d.<\/p>\n<h2>\u201cLa soluci\u00f3n de los dos Estados corre el riesgo de desaparecer\u201d, dice el Secretario General<\/h2>\n<div class=\"context-un_news_large_credit type-entermedia_image media media--type-entermedia-image media--view-mode-un-news-large-credit\">\n<div class=\"field field--name-thumbnail field--type-image field--label-hidden field__item\"><img decoding=\"async\" src=\"https:\/\/global.unitednations.entermediadb.net\/assets\/mediadb\/services\/module\/asset\/downloads\/preset\/Libraries\/Production%20Library\/29-04-2025-UN-Photo-Antonio-Guterres.jpg\/image770x420cropped.jpg\" alt=\"El Secretario General de la ONU, Ant\u00f3nio Guterres, interviene en la reuni\u00f3n del Consejo de Seguridad sobre la situaci\u00f3n en Oriente Medio.\" title=\"El Secretario General de la ONU, Ant\u00f3nio Guterres, interviene en la reuni\u00f3n del Consejo de Seguridad sobre la situaci\u00f3n en Oriente Medio.\" loading=\"lazy\" width=\"770\" height=\"420\"\/>\n<\/div>\n<\/div>\n<p>En una sesi\u00f3n del Consejo de Seguridad, el Secretario General de la ONU, Ant\u00f3nio Guterres, alert\u00f3 sobre la desaparici\u00f3n de la soluci\u00f3n de dos Estados como v\u00eda para resolver el conflicto entre Israel y Palestina.<\/p>\n<p>\u201cHoy en d\u00eda, la promesa de una soluci\u00f3n de dos Estados corre el riesgo de desvanecerse hasta el punto de desaparecer. <strong>El compromiso pol\u00edtico con este objetivo de larga data es m\u00e1s lejano que nunca.\u201d<\/strong><\/p>\n<p>Afirm\u00f3 que esto afecta los derechos de israel\u00edes y palestinos, y que la ocupaci\u00f3n contin\u00faa pese a ser declarada ilegal por la Corte Internacional de Justicia.<\/p>\n<p>\u201cEl mundo no puede permitirse el lujo de ver desaparecer la soluci\u00f3n de dos Estados. Los l\u00edderes pol\u00edticos se enfrentan a opciones claras: <strong>la opci\u00f3n de guardar silencio, la opci\u00f3n de consentir o la opci\u00f3n de actuar\u201d,<\/strong> a\u00f1adi\u00f3.<\/p>\n<p>Tambi\u00e9n expres\u00f3 su preocupaci\u00f3n por el bloqueo de ayuda humanitaria en Gaza, que ha dejado a m\u00e1s de dos millones de personas sin alimentos, medicinas ni combustible. \u201cLa ayuda no es negociable\u201d, insisti\u00f3.<\/p>\n<p>El Alto Comisionado de Derechos Humanos de la ONU, Volker T\u00fcrk, tambi\u00e9n hizo un llamado urgente. \u00abA medida que el bloqueo total de la asistencia esencial para la supervivencia entra en su novena semana, debe haber esfuerzos internacionales concertados para <strong>impedir que esta cat\u00e1strofe humanitaria alcance un nuevo nivel nunca visto\u201d<\/strong>sostuvo.<\/p>\n<h2>Miles de personas est\u00e1n siendo forzadas a regresar a Afganist\u00e1n<\/h2>\n<div class=\"context-un_news_large_credit type-entermedia_image media media--type-entermedia-image media--view-mode-un-news-large-credit\">\n<div class=\"field field--name-thumbnail field--type-image field--label-hidden field__item\"><img decoding=\"async\" src=\"https:\/\/global.unitednations.entermediadb.net\/assets\/mediadb\/services\/module\/asset\/downloads\/preset\/Collections\/Embargoed\/29-04-2025-UNHCR-Afghanistan-02.jpg\/image770x420cropped.jpg\" alt=\"Una mujer es empujada en silla de ruedas en el paso fronterizo de Torkham, entre Afganist\u00e1n y Pakist\u00e1n.\" title=\"Una mujer es empujada en silla de ruedas en el paso fronterizo de Torkham, entre Afganist\u00e1n y Pakist\u00e1n.\" loading=\"lazy\" width=\"770\" height=\"420\"\/>\n<\/div>\n<div class=\"field field--name-field-authors field--type-entity-reference field--label-hidden field__items\">\n<p>Producci\u00f3n de medios de Acnur\/Oxygen Empire<\/p>\n<\/p><\/div>\n<\/div>\n<p>La Agencia de la ONU para los Refugiados, ACNUR, alerta que decenas de miles de afganos est\u00e1n siendo forzados a regresar desde Ir\u00e1n y Pakist\u00e1n.<\/p>\n<p>Solo en abril, m\u00e1s de<strong> 251.000 personas regresaron, incluidas m\u00e1s de 96.000 deportadas.<\/strong> La agencia solicita 71 millones de d\u00f3lares para asistencia urgente.<\/p>\n<p>Los retornos deben ser voluntarios y seguros. La agencia advierte:<\/p>\n<p>\u201cIndependientemente de su situaci\u00f3n legal, las personas obligadas a regresar a Afganist\u00e1n pueden enfrentarse a serios riesgos de protecci\u00f3n\u201d, dijo.<\/p>\n<p>El riesgo es especialmente alto para<strong> mujeres, ni\u00f1as, minor\u00edas, activistas y periodistas<\/strong>quienes enfrentan graves restricciones y amenazas.<\/p>\n<h2>CEPAL revisa a la baja el crecimiento de Am\u00e9rica Latina y el Caribe en 2025 por el efecto de los aranceles <\/h2>\n<div class=\"context-un_news_large_credit type-entermedia_image media media--type-entermedia-image media--view-mode-un-news-large-credit\">\n<div class=\"field field--name-thumbnail field--type-image field--label-hidden field__item\"><img decoding=\"async\" src=\"https:\/\/global.unitednations.entermediadb.net\/assets\/mediadb\/services\/module\/asset\/downloads\/preset\/Collections\/Embargoed\/15-01-2025-ILO-Mexico.jpg\/image770x420cropped.jpg\" alt=\"Una mujer clasifica pimientos en una f\u00e1brica de Poncitl\u00e1n, M\u00e9xico.\" title=\"Una mujer clasifica pimientos en una f\u00e1brica de Poncitl\u00e1n, M\u00e9xico.\" loading=\"lazy\" width=\"770\" height=\"420\"\/>\n<\/div>\n<\/div>\n<p>La Comisi\u00f3n Econ\u00f3mica para Am\u00e9rica Latina y el Caribe (CEPAL) revis\u00f3 a la baja la proyecci\u00f3n de crecimiento para las econom\u00edas de la regi\u00f3n en 2025.<\/p>\n<p>Seg\u00fan nuevas estimaciones, la Comisi\u00f3n prev\u00e9 que la regi\u00f3n crecer\u00e1 en promedio un 2,0% este a\u00f1o, cuatro d\u00e9cimas menos que lo proyectado en diciembre 2024.<\/p>\n<p>Por subregiones, la revisi\u00f3n hacia la baja es mayor para el Caribe que crecer\u00e1 un 1,8% (8 d\u00e9cimas menos de la previsi\u00f3n) y para Am\u00e9rica Central y M\u00e9xico con un 1% (7 d\u00e9cimas menos), que para Am\u00e9rica del Sur, donde la revisi\u00f3n hasta el 2,5% es de solo una d\u00e9cima.<\/p>\n<p>Seg\u00fan la CEPAL, la regi\u00f3n est\u00e1 enfrentando un escenario internacional muy complejo y de mucha incertidumbre. Los anuncios en materia de <strong>aranceles por parte de Estados Unidos <\/strong>no solo tienen efectos directos sobre las exportaciones de los pa\u00edses de la regi\u00f3n a dicha econom\u00eda, sino tambi\u00e9n efectos indirectos por la v\u00eda de una mayor volatilidad en los mercados financieros internacionales. <\/p>\n<\/div>\n\n","protected":false},"excerpt":{"rendered":"<p>Gaza: trabajadores humanitarios aseguran haber sido torturados Desde octubre de 2023, m\u00e1s de 50 trabajadores de UNRWA \u2014entre ellos maestros, m\u00e9dicos y trabajadores sociales\u2014 han sido detenidos en Gaza y aseguran haber sido torturados mientras estaban bajo custodia israel\u00ed. Seg\u00fan el Comisionado General de UNRWA, Philippe Lazzarini, muchos fueron golpeados, usados como escudos humanos y &hellip;<\/p>\n","protected":false},"author":1,"featured_media":25074,"comment_status":"open","ping_status":"open","sticky":false,"template":"","format":"standard","meta":{"fifu_image_url":"https:\/\/global.unitednations.entermediadb.net\/assets\/mediadb\/services\/module\/asset\/downloads\/preset\/Libraries\/Production%20Library\/28-04-2025-UNNews-UNRWA-Gaza-cleaningcampaign.jpeg\/image770x420cropped.jpg","fifu_image_alt":"","footnotes":""},"categories":[3],"tags":[],"class_list":["post-25072","post","type-post","status-publish","format-standard","has-post-thumbnail","","category-negocio"],"_links":{"self":[{"href":"https:\/\/noticiasveraces.com\/index.php?rest_route=\/wp\/v2\/posts\/25072","targetHints":{"allow":["GET"]}}],"collection":[{"href":"https:\/\/noticiasveraces.com\/index.php?rest_route=\/wp\/v2\/posts"}],"about":[{"href":"https:\/\/noticiasveraces.com\/index.php?rest_route=\/wp\/v2\/types\/post"}],"author":[{"embeddable":true,"href":"https:\/\/noticiasveraces.com\/index.php?rest_route=\/wp\/v2\/users\/1"}],"replies":[{"embeddable":true,"href":"https:\/\/noticiasveraces.com\/index.php?rest_route=%2Fwp%2Fv2%2Fcomments&post=25072"}],"version-history":[{"count":0,"href":"https:\/\/noticiasveraces.com\/index.php?rest_route=\/wp\/v2\/posts\/25072\/revisions"}],"wp:featuredmedia":[{"embeddable":true,"href":"https:\/\/noticiasveraces.com\/index.php?rest_route=\/wp\/v2\/media\/25074"}],"wp:attachment":[{"href":"https:\/\/noticiasveraces.com\/index.php?rest_route=%2Fwp%2Fv2%2Fmedia&parent=25072"}],"wp:term":[{"taxonomy":"category","embeddable":true,"href":"https:\/\/noticiasveraces.com\/index.php?rest_route=%2Fwp%2Fv2%2Fcategories&post=25072"},{"taxonomy":"post_tag","embeddable":true,"href":"https:\/\/noticiasveraces.com\/index.php?rest_route=%2Fwp%2Fv2%2Ftags&post=25072"}],"curies":[{"name":"wp","href":"https:\/\/api.w.org\/{rel}","templated":true}]}}