{"id":25065,"date":"2025-04-29T14:17:57","date_gmt":"2025-04-29T18:17:57","guid":{"rendered":"https:\/\/noticiasveraces.com\/?p=25065"},"modified":"2025-04-29T14:17:57","modified_gmt":"2025-04-29T18:17:57","slug":"multiples-lesiones-reportadas-despues-de-disparos-en-uppsala-mientras-la-policia-investiga","status":"publish","type":"post","link":"https:\/\/noticiasveraces.com\/?p=25065","title":{"rendered":"M\u00faltiples lesiones reportadas despu\u00e9s de disparos en Uppsala mientras la polic\u00eda investiga"},"content":{"rendered":"<p> \n<\/p>\n<div>\n<p class=\"speakable\">Varias personas resultaron heridas en la ciudad sueca de Uppsala el martes despu\u00e9s de una serie de fuertes golpes que indicaron disparos, dijo la polic\u00eda, sin proporcionar inmediatamente m\u00e1s detalles sobre lo que podr\u00eda haber sucedido.<\/p>\n<p class=\"speakable\">En un comunicado, la polic\u00eda dijo que hab\u00edan recibido llamadas de miembros del p\u00fablico que escucharon ruidos que sonaban como disparos en el centro de la ciudad. Los servicios de emergencia est\u00e1n en la escena, agreg\u00f3 la polic\u00eda.<\/p>\n<p><strong>El primer ministro declara el peor tiroteo masivo en la historia sueca &#8216;despu\u00e9s de que un hombre armado mata a 10 en el campus escolar<\/strong><\/p>\n<p>\u00abSe han encontrado varias personas con lesiones que indican disparos\u00bb, dijo el comunicado.<\/p>\n<p>Un hospital local declin\u00f3 hacer comentarios sobre la condici\u00f3n de los heridos.<\/p>\n<p>La polic\u00eda dijo que hab\u00edan acordonado una gran \u00e1rea y que hab\u00edan comenzado una investigaci\u00f3n.<\/p>\n<div class=\"image-ct inline\">\n<div class=\"m\"><picture><source media=\"(max-width: 767px)\" srcset=\"https:\/\/a57.foxnews.com\/static.foxnews.com\/foxnews.com\/content\/uploads\/2025\/02\/343\/192\/gettyimages-2197091511.jpg?ve=1&amp;tl=1, https:\/\/a57.foxnews.com\/static.foxnews.com\/foxnews.com\/content\/uploads\/2025\/02\/686\/384\/gettyimages-2197091511.jpg?ve=1&amp;tl=1 2x\" height=\"192\" width=\"343\"><source media=\"(min-width: 768px) and (max-width: 1023px)\" srcset=\"https:\/\/a57.foxnews.com\/static.foxnews.com\/foxnews.com\/content\/uploads\/2025\/02\/672\/378\/gettyimages-2197091511.jpg?ve=1&amp;tl=1, https:\/\/a57.foxnews.com\/static.foxnews.com\/foxnews.com\/content\/uploads\/2025\/02\/1344\/756\/gettyimages-2197091511.jpg?ve=1&amp;tl=1 2x\" height=\"378\" width=\"672\"><source media=\"(min-width: 1024px) and (max-width: 1279px)\" srcset=\"https:\/\/a57.foxnews.com\/static.foxnews.com\/foxnews.com\/content\/uploads\/2025\/02\/931\/523\/gettyimages-2197091511.jpg?ve=1&amp;tl=1, https:\/\/a57.foxnews.com\/static.foxnews.com\/foxnews.com\/content\/uploads\/2025\/02\/1862\/1046\/gettyimages-2197091511.jpg?ve=1&amp;tl=1 2x\" height=\"523\" width=\"931\"><source media=\"(min-width: 1280px)\" srcset=\"https:\/\/a57.foxnews.com\/static.foxnews.com\/foxnews.com\/content\/uploads\/2025\/02\/720\/405\/gettyimages-2197091511.jpg?ve=1&amp;tl=1, https:\/\/a57.foxnews.com\/static.foxnews.com\/foxnews.com\/content\/uploads\/2025\/02\/1440\/810\/gettyimages-2197091511.jpg?ve=1&amp;tl=1 2x\" height=\"405\" width=\"720\"><img loading=\"lazy\" decoding=\"async\" src=\"https:\/\/a57.foxnews.com\/static.foxnews.com\/foxnews.com\/content\/uploads\/2025\/02\/1200\/675\/gettyimages-2197091511.jpg?ve=1&amp;tl=1\" alt=\"Un oficial de polic\u00eda corona un \u00e1rea cerca de la escuela Risbergska en Orebro, Suecia, el 4 de febrero de 2025, luego de informes de un delito violento grave. Cinco personas fueron disparadas y heridas en una escuela en la ciudad sueca central de Orebro el martes, dijo la polic\u00eda, y agreg\u00f3 que se estaba realizando una gran operaci\u00f3n e instando a las personas a mantenerse alejadas del \u00e1rea. (Foto de Kicki Nilsson \/ TT News Agency \/ AFP) \/ Suecia (Foto de Kicki Nilsson \/ TT News Agency \/ AFP a trav\u00e9s de Getty Images)\" width=\"1200\" height=\"675\"\/><\/source><\/source><\/source><\/source><\/picture><\/div>\n<div class=\"info\">\n<div class=\"caption\">\n<p><span>Se cre\u00eda que los disparos fueron disparados en la ciudad sueca de Uppsala el martes.<\/span> <span>(Kicki Nilsson\/TT News Agency\/AFP a trav\u00e9s de Getty Images)<\/span><\/p>\n<\/div>\n<\/div>\n<\/div>\n<p><strong>Disparar en Canad\u00e1 deja una docena de heridos, seg\u00fan la polic\u00eda<\/strong><\/p>\n<p>Diez personas fueron asesinadas en febrero en la ciudad sueca de \u00d6rebro en el tiroteo masivo m\u00e1s mortal del pa\u00eds, en el que un solitario desempleado de 35 a\u00f1os abri\u00f3 fuego contra estudiantes y maestros en un centro de educaci\u00f3n de adultos.<\/p>\n<p>El gobierno de derecha del pa\u00eds n\u00f3rdico dijo posteriormente que buscar\u00eda apretar las leyes de armas.<\/p>\n<p><strong><u>Haga clic aqu\u00ed para obtener la aplicaci\u00f3n Fox News<\/u><\/strong><\/p>\n<p> <!----> <!----><\/div>\n\n","protected":false},"excerpt":{"rendered":"<p>Varias personas resultaron heridas en la ciudad sueca de Uppsala el martes despu\u00e9s de una serie de fuertes golpes que indicaron disparos, dijo la polic\u00eda, sin proporcionar inmediatamente m\u00e1s detalles sobre lo que podr\u00eda haber sucedido. En un comunicado, la polic\u00eda dijo que hab\u00edan recibido llamadas de miembros del p\u00fablico que escucharon ruidos que sonaban &hellip;<\/p>\n","protected":false},"author":1,"featured_media":25067,"comment_status":"open","ping_status":"open","sticky":false,"template":"","format":"standard","meta":{"fifu_image_url":"https:\/\/static.foxnews.com\/foxnews.com\/content\/uploads\/2025\/02\/gettyimages-2197091511.jpg","fifu_image_alt":"","footnotes":""},"categories":[13],"tags":[],"class_list":["post-25065","post","type-post","status-publish","format-standard","has-post-thumbnail","","category-mundo"],"_links":{"self":[{"href":"https:\/\/noticiasveraces.com\/index.php?rest_route=\/wp\/v2\/posts\/25065","targetHints":{"allow":["GET"]}}],"collection":[{"href":"https:\/\/noticiasveraces.com\/index.php?rest_route=\/wp\/v2\/posts"}],"about":[{"href":"https:\/\/noticiasveraces.com\/index.php?rest_route=\/wp\/v2\/types\/post"}],"author":[{"embeddable":true,"href":"https:\/\/noticiasveraces.com\/index.php?rest_route=\/wp\/v2\/users\/1"}],"replies":[{"embeddable":true,"href":"https:\/\/noticiasveraces.com\/index.php?rest_route=%2Fwp%2Fv2%2Fcomments&post=25065"}],"version-history":[{"count":0,"href":"https:\/\/noticiasveraces.com\/index.php?rest_route=\/wp\/v2\/posts\/25065\/revisions"}],"wp:featuredmedia":[{"embeddable":true,"href":"https:\/\/noticiasveraces.com\/index.php?rest_route=\/wp\/v2\/media\/25067"}],"wp:attachment":[{"href":"https:\/\/noticiasveraces.com\/index.php?rest_route=%2Fwp%2Fv2%2Fmedia&parent=25065"}],"wp:term":[{"taxonomy":"category","embeddable":true,"href":"https:\/\/noticiasveraces.com\/index.php?rest_route=%2Fwp%2Fv2%2Fcategories&post=25065"},{"taxonomy":"post_tag","embeddable":true,"href":"https:\/\/noticiasveraces.com\/index.php?rest_route=%2Fwp%2Fv2%2Ftags&post=25065"}],"curies":[{"name":"wp","href":"https:\/\/api.w.org\/{rel}","templated":true}]}}