{"id":25059,"date":"2025-04-29T14:13:38","date_gmt":"2025-04-29T18:13:38","guid":{"rendered":"https:\/\/noticiasveraces.com\/?p=25059"},"modified":"2025-04-29T14:13:38","modified_gmt":"2025-04-29T18:13:38","slug":"las-luces-estan-de-vuelta-en-espana-y-portugal-pero-nadie-sabe-por-que-salieron","status":"publish","type":"post","link":"https:\/\/noticiasveraces.com\/?p=25059","title":{"rendered":"Las luces est\u00e1n de vuelta en Espa\u00f1a y Portugal, pero nadie sabe por qu\u00e9 salieron"},"content":{"rendered":"<p> \n<br \/><img decoding=\"async\" src=\"https:\/\/media-cldnry.s-nbcnews.com\/image\/upload\/t_fit_1500w\/rockcms\/2025-04\/250429-spain-mb-1007-568707.jpg\" \/><\/p>\n<div>\n<p class=\"body-graf\">El primer ministro portugu\u00e9s, Luis Montenegro, dijo el lunes que no sab\u00eda qu\u00e9 caus\u00f3 el apag\u00f3n, pero dijo \u00abtodo indica\u00bb que se origin\u00f3 en la vecina Espa\u00f1a. Su hom\u00f3logo espa\u00f1ol, el primer ministro Pedro S\u00e1nchez, dijo el lunes que tampoco estaba seguro de qu\u00e9 caus\u00f3 el problema.<\/p>\n<p class=\"body-graf\">\u00abEs mejor no especular\u00bb, dijo S\u00e1nchez el lunes.<\/p>\n<p class=\"body-graf\">Los videos en las redes sociales y verificados por NBC News mostraron a los residentes de ambos pa\u00edses vitoreando ya que el poder se restaur\u00f3 lentamente el lunes por la noche. Se pod\u00eda escuchar a la gente animar y aplaudir en la celebraci\u00f3n tanto en Madrid como en Barcelona mientras las calles de repente se iluminaban.<\/p>\n<p class=\"body-graf\">Algunos podr\u00edan haber preferido el apag\u00f3n para continuar un poco m\u00e1s. <\/p>\n<p class=\"body-graf\">Los residentes en Barcelona y Madrid llegaron a las calles en medio del caos, aprovechando la oportunidad para desconectar, bailar y disfrutar de los picnics en los parques ba\u00f1ados por el sol de las ciudades. Los videos publicados en Tiktok que documentan la atm\u00f3sfera relajada recibieron t\u00edtulos como \u00abdesintoxicaci\u00f3n digital\u00bb y \u00abuna buena excusa para la fiesta\u00bb.<\/p>\n<p class=\"body-graf\">Incluso si lo hubieran intentado, es posible que no hayan podido llegar a ning\u00fan lado r\u00e1pidamente.<\/p>\n<p class=\"body-graf\">Cientos estaban varados en ascensores, y la oficina de gesti\u00f3n de emergencias de Madrid dijo el lunes que hab\u00eda realizado casi 200 rescates de ascensores. Los videos de la capital espa\u00f1ola mostraron a los pasajeros caminando a un lugar seguro a trav\u00e9s de t\u00faneles de metro oscurecidos iluminados por luces de emergencia.<\/p>\n<p class=\"body-graf\">Las se\u00f1ales de tr\u00e1fico se dejaron fuera de servicio, obligando a la fuerza policial de la Guardia Civil espa\u00f1ola a ayudar a coordinar el tr\u00e1fico, lo que r\u00e1pidamente obstruy\u00f3 las calles de la ciudad y para ayudar a evacuar a los pasajeros de los trenes estancados. <\/p>\n<p class=\"body-graf\">Las interrupciones ferroviarias y las interrupciones al servicio telef\u00f3nico dejaron a los turistas estadounidenses, Drew Terrono, de 70 a\u00f1os, y Shelley Charnoff, de 68 a\u00f1os, quedaron varados cuando intentaron regresar a Madrid despu\u00e9s de un recorrido por una catedral en la cercana ciudad de Toledo. <\/p>\n<p class=\"body-graf\">\u00abNo hay conexi\u00f3n con nadie, y no hay acceso a ninguna informaci\u00f3n en ingl\u00e9s sobre lo que estaba sucediendo en ese momento\u00bb, dijo Charnoff, a NBC News. Los dos finalmente encontraron un taxi para llevarlos de regreso a la ciudad, agreg\u00f3.<\/p>\n<\/div>\n\n","protected":false},"excerpt":{"rendered":"<p>El primer ministro portugu\u00e9s, Luis Montenegro, dijo el lunes que no sab\u00eda qu\u00e9 caus\u00f3 el apag\u00f3n, pero dijo \u00abtodo indica\u00bb que se origin\u00f3 en la vecina Espa\u00f1a. Su hom\u00f3logo espa\u00f1ol, el primer ministro Pedro S\u00e1nchez, dijo el lunes que tampoco estaba seguro de qu\u00e9 caus\u00f3 el problema. \u00abEs mejor no especular\u00bb, dijo S\u00e1nchez el lunes. &hellip;<\/p>\n","protected":false},"author":1,"featured_media":25061,"comment_status":"open","ping_status":"open","sticky":false,"template":"","format":"standard","meta":{"fifu_image_url":"https:\/\/media-cldnry.s-nbcnews.com\/image\/upload\/t_nbcnews-fp-1200-630,f_auto,q_auto:best\/rockcms\/2025-04\/250429-spain-powercut-mb-0950-3064c3.jpg","fifu_image_alt":"","footnotes":""},"categories":[11],"tags":[],"class_list":["post-25059","post","type-post","status-publish","format-standard","has-post-thumbnail","","category-viaje"],"_links":{"self":[{"href":"https:\/\/noticiasveraces.com\/index.php?rest_route=\/wp\/v2\/posts\/25059","targetHints":{"allow":["GET"]}}],"collection":[{"href":"https:\/\/noticiasveraces.com\/index.php?rest_route=\/wp\/v2\/posts"}],"about":[{"href":"https:\/\/noticiasveraces.com\/index.php?rest_route=\/wp\/v2\/types\/post"}],"author":[{"embeddable":true,"href":"https:\/\/noticiasveraces.com\/index.php?rest_route=\/wp\/v2\/users\/1"}],"replies":[{"embeddable":true,"href":"https:\/\/noticiasveraces.com\/index.php?rest_route=%2Fwp%2Fv2%2Fcomments&post=25059"}],"version-history":[{"count":0,"href":"https:\/\/noticiasveraces.com\/index.php?rest_route=\/wp\/v2\/posts\/25059\/revisions"}],"wp:featuredmedia":[{"embeddable":true,"href":"https:\/\/noticiasveraces.com\/index.php?rest_route=\/wp\/v2\/media\/25061"}],"wp:attachment":[{"href":"https:\/\/noticiasveraces.com\/index.php?rest_route=%2Fwp%2Fv2%2Fmedia&parent=25059"}],"wp:term":[{"taxonomy":"category","embeddable":true,"href":"https:\/\/noticiasveraces.com\/index.php?rest_route=%2Fwp%2Fv2%2Fcategories&post=25059"},{"taxonomy":"post_tag","embeddable":true,"href":"https:\/\/noticiasveraces.com\/index.php?rest_route=%2Fwp%2Fv2%2Ftags&post=25059"}],"curies":[{"name":"wp","href":"https:\/\/api.w.org\/{rel}","templated":true}]}}