{"id":25056,"date":"2025-04-29T13:13:09","date_gmt":"2025-04-29T17:13:09","guid":{"rendered":"https:\/\/noticiasveraces.com\/?p=25056"},"modified":"2025-04-29T13:13:09","modified_gmt":"2025-04-29T17:13:09","slug":"el-cardenal-condenado-se-retira-del-conclave-para-elegir-el-proximo-papa","status":"publish","type":"post","link":"https:\/\/noticiasveraces.com\/?p=25056","title":{"rendered":"El cardenal condenado se retira del c\u00f3nclave para elegir el pr\u00f3ximo papa"},"content":{"rendered":"<p> \n<\/p>\n<div>\n<p class=\"speakable\">Un cardenal que fue forzado por el Papa Francisco a renunciar a su trabajo del Vaticano y luego fue condenado por malversaci\u00f3n de fondos no tendr\u00e1 lugar en el pr\u00f3ximo c\u00f3nclave para elegir al pr\u00f3ximo Papa. <\/p>\n<p class=\"speakable\">El cardenal Angelo Becciu, de 76 a\u00f1os, anunci\u00f3 el martes: \u00abTener en el coraz\u00f3n el bien de la iglesia, que he servido y continuar\u00e9 sirviendo con fidelidad y amor, as\u00ed como para contribuir a la comuni\u00f3n y la serenidad del c\u00f3nclave, he decidido obedecer como siempre he hecho la voluntad del Papa Francis para no ingresar al c\u00f3nclave mientras permanece convencido de mi inocencia\u00bb. <\/p>\n<p>Becciu fue una vez un influyente jefe de gabinete del Vaticano que era un destacado papal l\u00edder, seg\u00fan The Associated Press. Pero cay\u00f3 en desgracia en 2020 cuando Francis lo oblig\u00f3 a renunciar a su trabajo como jefe de la oficina de fabricaci\u00f3n de santo del Vaticano y sus derechos como cardenal debido a las acusaciones de mala conducta financiera en relaci\u00f3n con la compra de un edificio en Londres. <\/p>\n<p>Becciu neg\u00f3 haber actuado mal, pero fue puesto en juicio en el Tribunal Penal del Vaticano y condenado por cargos relacionados con las finanzas en diciembre de 2023. Est\u00e1 apelando la condena y la sentencia de prisi\u00f3n de 5 1\/2 a\u00f1os y hab\u00eda participado en las reuniones previas al conflicto, incluso el lunes. <\/p>\n<div class=\"image-ct inline\">\n<div class=\"m\"><picture><source media=\"(max-width: 767px)\" srcset=\"https:\/\/a57.foxnews.com\/static.foxnews.com\/foxnews.com\/content\/uploads\/2025\/04\/343\/192\/angelo-becciu-2.jpg?ve=1&amp;tl=1, https:\/\/a57.foxnews.com\/static.foxnews.com\/foxnews.com\/content\/uploads\/2025\/04\/686\/384\/angelo-becciu-2.jpg?ve=1&amp;tl=1 2x\" height=\"192\" width=\"343\"><source media=\"(min-width: 768px) and (max-width: 1023px)\" srcset=\"https:\/\/a57.foxnews.com\/static.foxnews.com\/foxnews.com\/content\/uploads\/2025\/04\/672\/378\/angelo-becciu-2.jpg?ve=1&amp;tl=1, https:\/\/a57.foxnews.com\/static.foxnews.com\/foxnews.com\/content\/uploads\/2025\/04\/1344\/756\/angelo-becciu-2.jpg?ve=1&amp;tl=1 2x\" height=\"378\" width=\"672\"><source media=\"(min-width: 1024px) and (max-width: 1279px)\" srcset=\"https:\/\/a57.foxnews.com\/static.foxnews.com\/foxnews.com\/content\/uploads\/2025\/04\/931\/523\/angelo-becciu-2.jpg?ve=1&amp;tl=1, https:\/\/a57.foxnews.com\/static.foxnews.com\/foxnews.com\/content\/uploads\/2025\/04\/1862\/1046\/angelo-becciu-2.jpg?ve=1&amp;tl=1 2x\" height=\"523\" width=\"931\"><source media=\"(min-width: 1280px)\" srcset=\"https:\/\/a57.foxnews.com\/static.foxnews.com\/foxnews.com\/content\/uploads\/2025\/04\/720\/405\/angelo-becciu-2.jpg?ve=1&amp;tl=1, https:\/\/a57.foxnews.com\/static.foxnews.com\/foxnews.com\/content\/uploads\/2025\/04\/1440\/810\/angelo-becciu-2.jpg?ve=1&amp;tl=1 2x\" height=\"405\" width=\"720\"><img loading=\"lazy\" decoding=\"async\" src=\"https:\/\/a57.foxnews.com\/static.foxnews.com\/foxnews.com\/content\/uploads\/2025\/04\/1200\/675\/angelo-becciu-2.jpg?ve=1&amp;tl=1\" alt=\"Cardenal Angelo Bell en el Vaticano\" width=\"1200\" height=\"675\"\/><\/source><\/source><\/source><\/source><\/picture><\/div>\n<div class=\"info\">\n<div class=\"caption\">\n<p><span>El cardenal Angelo Becciu saluda al cardenal Matteo Zuppi durante una ceremonia de consistorio para elevar los prelados cat\u00f3licos romanos al rango de Cardenal, en la Bas\u00edlica de San Pedro en el Vaticano en agosto de 2022. <\/span> <span>(Reuters\/Remo Casilli)<\/span><\/p>\n<\/div>\n<\/div>\n<\/div>\n<p><strong>Biden elogia al difunto Papa Francisco en el art\u00edculo de opini\u00f3n, golpea a los l\u00edderes modernos que \u00ababrazaron la crueldad\u00bb<\/strong><strong> <\/strong><\/p>\n<p>El diario italiano Domani inform\u00f3 la semana pasada que durante las discusiones iniciales previas al confonclave, Becciu recibi\u00f3 dos cartas firmadas por Francis antes de morir diciendo que no deber\u00eda participar en el c\u00f3nclave.  <\/p>\n<p>Becciu est\u00e1 por debajo del l\u00edmite de edad de 80 y t\u00e9cnicamente es elegible para votar, pero las estad\u00edsticas oficiales del Vaticano lo enumeran como un \u00abno elector\u00bb. <\/p>\n<p><strong>El cardenal Dolan da a Inside MISS en C\u00f3nclave<\/strong><strong> <\/strong><\/p>\n<div class=\"image-ct inline\">\n<div class=\"m\"><picture><source media=\"(max-width: 767px)\" srcset=\"https:\/\/a57.foxnews.com\/static.foxnews.com\/foxnews.com\/content\/uploads\/2025\/04\/343\/192\/angelo-becciu.jpg?ve=1&amp;tl=1, https:\/\/a57.foxnews.com\/static.foxnews.com\/foxnews.com\/content\/uploads\/2025\/04\/686\/384\/angelo-becciu.jpg?ve=1&amp;tl=1 2x\" height=\"192\" width=\"343\"><source media=\"(min-width: 768px) and (max-width: 1023px)\" srcset=\"https:\/\/a57.foxnews.com\/static.foxnews.com\/foxnews.com\/content\/uploads\/2025\/04\/672\/378\/angelo-becciu.jpg?ve=1&amp;tl=1, https:\/\/a57.foxnews.com\/static.foxnews.com\/foxnews.com\/content\/uploads\/2025\/04\/1344\/756\/angelo-becciu.jpg?ve=1&amp;tl=1 2x\" height=\"378\" width=\"672\"><source media=\"(min-width: 1024px) and (max-width: 1279px)\" srcset=\"https:\/\/a57.foxnews.com\/static.foxnews.com\/foxnews.com\/content\/uploads\/2025\/04\/931\/523\/angelo-becciu.jpg?ve=1&amp;tl=1, https:\/\/a57.foxnews.com\/static.foxnews.com\/foxnews.com\/content\/uploads\/2025\/04\/1862\/1046\/angelo-becciu.jpg?ve=1&amp;tl=1 2x\" height=\"523\" width=\"931\"><source media=\"(min-width: 1280px)\" srcset=\"https:\/\/a57.foxnews.com\/static.foxnews.com\/foxnews.com\/content\/uploads\/2025\/04\/720\/405\/angelo-becciu.jpg?ve=1&amp;tl=1, https:\/\/a57.foxnews.com\/static.foxnews.com\/foxnews.com\/content\/uploads\/2025\/04\/1440\/810\/angelo-becciu.jpg?ve=1&amp;tl=1 2x\" height=\"405\" width=\"720\"><img loading=\"lazy\" decoding=\"async\" src=\"https:\/\/a57.foxnews.com\/static.foxnews.com\/foxnews.com\/content\/uploads\/2025\/04\/1200\/675\/angelo-becciu.jpg?ve=1&amp;tl=1\" alt=\"Angelo Angides Liturgia Eucar\u00edstica\" width=\"1200\" height=\"675\"\/><\/source><\/source><\/source><\/source><\/picture><\/div>\n<div class=\"info\">\n<div class=\"caption\">\n<p><span>Angelo Becciu preside una liturgia eucar\u00edstica en la Bas\u00edlica de San Juan en Latheran en Roma en febrero de 2017. <\/span> <span>(AP\/Gregorio Borgia)<\/span><\/p>\n<\/div>\n<\/div>\n<\/div>\n<p>El c\u00f3nclave comenzar\u00e1 el pr\u00f3ximo mi\u00e9rcoles, mientras que la apelaci\u00f3n de Becciu se desarrollar\u00e1 en septiembre. <\/p>\n<p>El cardenal Gregorio Rosa Ch\u00e1vez de El Salvador, un joven de 82 a\u00f1os que no es elegible para votar en el c\u00f3nclave, dijo el martes que \u00abtengo la impresi\u00f3n de que el c\u00f3nclave ser\u00e1 corto, dos o tres d\u00edas, esta es la sensaci\u00f3n que tenemos dentro de la habitaci\u00f3n\u00bb, seg\u00fan Reuters. <\/p>\n<div class=\"image-ct inline\">\n<div class=\"m\"><picture><source media=\"(max-width: 767px)\" srcset=\"https:\/\/a57.foxnews.com\/static.foxnews.com\/foxnews.com\/content\/uploads\/2025\/04\/343\/192\/71c9abec-pope-francis-easter-sunday.jpg?ve=1&amp;tl=1, https:\/\/a57.foxnews.com\/static.foxnews.com\/foxnews.com\/content\/uploads\/2025\/04\/686\/384\/71c9abec-pope-francis-easter-sunday.jpg?ve=1&amp;tl=1 2x\" height=\"192\" width=\"343\"><source media=\"(min-width: 768px) and (max-width: 1023px)\" srcset=\"https:\/\/a57.foxnews.com\/static.foxnews.com\/foxnews.com\/content\/uploads\/2025\/04\/672\/378\/71c9abec-pope-francis-easter-sunday.jpg?ve=1&amp;tl=1, https:\/\/a57.foxnews.com\/static.foxnews.com\/foxnews.com\/content\/uploads\/2025\/04\/1344\/756\/71c9abec-pope-francis-easter-sunday.jpg?ve=1&amp;tl=1 2x\" height=\"378\" width=\"672\"><source media=\"(min-width: 1024px) and (max-width: 1279px)\" srcset=\"https:\/\/a57.foxnews.com\/static.foxnews.com\/foxnews.com\/content\/uploads\/2025\/04\/931\/523\/71c9abec-pope-francis-easter-sunday.jpg?ve=1&amp;tl=1, https:\/\/a57.foxnews.com\/static.foxnews.com\/foxnews.com\/content\/uploads\/2025\/04\/1862\/1046\/71c9abec-pope-francis-easter-sunday.jpg?ve=1&amp;tl=1 2x\" height=\"523\" width=\"931\"><source media=\"(min-width: 1280px)\" srcset=\"https:\/\/a57.foxnews.com\/static.foxnews.com\/foxnews.com\/content\/uploads\/2025\/04\/720\/405\/71c9abec-pope-francis-easter-sunday.jpg?ve=1&amp;tl=1, https:\/\/a57.foxnews.com\/static.foxnews.com\/foxnews.com\/content\/uploads\/2025\/04\/1440\/810\/71c9abec-pope-francis-easter-sunday.jpg?ve=1&amp;tl=1 2x\" height=\"405\" width=\"720\"><img loading=\"lazy\" decoding=\"async\" src=\"https:\/\/a57.foxnews.com\/static.foxnews.com\/foxnews.com\/content\/uploads\/2025\/04\/1200\/675\/71c9abec-pope-francis-easter-sunday.jpg?ve=1&amp;tl=1\" alt=\"Papa Francisco el domingo de Pascua\" width=\"1200\" height=\"675\"\/><\/source><\/source><\/source><\/source><\/picture><\/div>\n<div class=\"info\">\n<div class=\"caption\">\n<p><span>El Papa Francisco aparece en el albergue central de la Bas\u00edlica de San Pedro para otorgar la bendici\u00f3n Urbi et Orbi (lat\u00edn para la ciudad y el mundo) al final de la misa de Pascua presidida por el cardenal Angelo Comastri en la Plaza de San Pedro en el Vaticano el domingo 20 de abril.<\/span> <span>(AP\/Gregorio Borgia))<\/span><\/p>\n<\/div>\n<\/div>\n<\/div>\n<p><strong>Haga clic aqu\u00ed para obtener la aplicaci\u00f3n Fox News<\/strong><strong> <\/strong><\/p>\n<p>El Vaticano anunci\u00f3 recientemente \u00abLa Capilla Sixtina estar\u00e1 cerrada al p\u00fablico a partir del lunes 28 de abril de 2025 por los requisitos del c\u00f3nclave\u00bb. <\/p>\n<p><i>Associated Press contribuy\u00f3 a este informe. <\/i><\/p>\n<p> <!----> <\/p>\n<div class=\"article-meta\">\n<div class=\"author-bio\">\n<p>Greg Norman es reportero de Fox News Digital.<\/p>\n<\/div>\n<\/div>\n<\/div>\n\n","protected":false},"excerpt":{"rendered":"<p>Un cardenal que fue forzado por el Papa Francisco a renunciar a su trabajo del Vaticano y luego fue condenado por malversaci\u00f3n de fondos no tendr\u00e1 lugar en el pr\u00f3ximo c\u00f3nclave para elegir al pr\u00f3ximo Papa. El cardenal Angelo Becciu, de 76 a\u00f1os, anunci\u00f3 el martes: \u00abTener en el coraz\u00f3n el bien de la iglesia, &hellip;<\/p>\n","protected":false},"author":1,"featured_media":25058,"comment_status":"open","ping_status":"open","sticky":false,"template":"","format":"standard","meta":{"fifu_image_url":"https:\/\/static.foxnews.com\/foxnews.com\/content\/uploads\/2025\/04\/angelo-becciu-2.jpg","fifu_image_alt":"","footnotes":""},"categories":[13],"tags":[],"class_list":["post-25056","post","type-post","status-publish","format-standard","has-post-thumbnail","","category-mundo"],"_links":{"self":[{"href":"https:\/\/noticiasveraces.com\/index.php?rest_route=\/wp\/v2\/posts\/25056","targetHints":{"allow":["GET"]}}],"collection":[{"href":"https:\/\/noticiasveraces.com\/index.php?rest_route=\/wp\/v2\/posts"}],"about":[{"href":"https:\/\/noticiasveraces.com\/index.php?rest_route=\/wp\/v2\/types\/post"}],"author":[{"embeddable":true,"href":"https:\/\/noticiasveraces.com\/index.php?rest_route=\/wp\/v2\/users\/1"}],"replies":[{"embeddable":true,"href":"https:\/\/noticiasveraces.com\/index.php?rest_route=%2Fwp%2Fv2%2Fcomments&post=25056"}],"version-history":[{"count":0,"href":"https:\/\/noticiasveraces.com\/index.php?rest_route=\/wp\/v2\/posts\/25056\/revisions"}],"wp:featuredmedia":[{"embeddable":true,"href":"https:\/\/noticiasveraces.com\/index.php?rest_route=\/wp\/v2\/media\/25058"}],"wp:attachment":[{"href":"https:\/\/noticiasveraces.com\/index.php?rest_route=%2Fwp%2Fv2%2Fmedia&parent=25056"}],"wp:term":[{"taxonomy":"category","embeddable":true,"href":"https:\/\/noticiasveraces.com\/index.php?rest_route=%2Fwp%2Fv2%2Fcategories&post=25056"},{"taxonomy":"post_tag","embeddable":true,"href":"https:\/\/noticiasveraces.com\/index.php?rest_route=%2Fwp%2Fv2%2Ftags&post=25056"}],"curies":[{"name":"wp","href":"https:\/\/api.w.org\/{rel}","templated":true}]}}