{"id":25048,"date":"2025-04-29T11:11:05","date_gmt":"2025-04-29T15:11:05","guid":{"rendered":"https:\/\/noticiasveraces.com\/?p=25048"},"modified":"2025-04-29T11:11:05","modified_gmt":"2025-04-29T15:11:05","slug":"masivo-apagado-en-espana-portugal-culpo-a-la-descomposicion-de-las-plantas-solares","status":"publish","type":"post","link":"https:\/\/noticiasveraces.com\/?p=25048","title":{"rendered":"Masivo apagado en Espa\u00f1a, Portugal culp\u00f3 a la descomposici\u00f3n de las plantas solares"},"content":{"rendered":"<p> \n<\/p>\n<div>\n<p class=\"speakable\">El corte de energ\u00eda masivo que caus\u00f3 estragos en Europa se culpa a un par de posibles descomposiciones de plantas solares en el suroeste de Espa\u00f1a, seg\u00fan un informe.<\/p>\n<p class=\"speakable\">A las 7 am, la hora local el martes, m\u00e1s del 99% de la demanda de energ\u00eda en Espa\u00f1a hab\u00eda sido restaurada, anunci\u00f3 el operador de electricidad del pa\u00eds Red El\u00e9ctrica. El operador de la red portuguesa Ren dijo el martes por la ma\u00f1ana que las 89 subestaciones de energ\u00eda hab\u00edan vuelto a estar en l\u00ednea desde la noche anoche y que la energ\u00eda hab\u00eda sido restaurada a los 6.4 millones de clientes. <\/p>\n<p>Red El\u00e9ctrica dijo que identific\u00f3 dos incidentes de p\u00e9rdida de generaci\u00f3n de energ\u00eda en el suroeste de Espa\u00f1a, que probablemente involucra plantas solares, que causaron inestabilidad en la red el\u00e9ctrica espa\u00f1ola y contribuyeron a un desglose de su interconexi\u00f3n a Francia, seg\u00fan Reuters.<\/p>\n<p>El costo econ\u00f3mico del apag\u00f3n del lunes a trav\u00e9s de la pen\u00ednsula ib\u00e9rica podr\u00eda oscilar entre $ 2.5 mil millones y m\u00e1s de $ 5 mil millones, seg\u00fan cit\u00f3 RBC del banco de inversiones.<\/p>\n<p><strong>El poder restaurado a la mitad de Espa\u00f1a a medida que los viajes diezmados<\/strong><strong> <\/strong><\/p>\n<div class=\"image-ct inline\">\n<div class=\"m\"><picture><source media=\"(max-width: 767px)\" srcset=\"https:\/\/a57.foxnews.com\/static.foxnews.com\/foxnews.com\/content\/uploads\/2025\/04\/343\/192\/portugal-power-outage.jpg?ve=1&amp;tl=1, https:\/\/a57.foxnews.com\/static.foxnews.com\/foxnews.com\/content\/uploads\/2025\/04\/686\/384\/portugal-power-outage.jpg?ve=1&amp;tl=1 2x\" height=\"192\" width=\"343\"><source media=\"(min-width: 768px) and (max-width: 1023px)\" srcset=\"https:\/\/a57.foxnews.com\/static.foxnews.com\/foxnews.com\/content\/uploads\/2025\/04\/672\/378\/portugal-power-outage.jpg?ve=1&amp;tl=1, https:\/\/a57.foxnews.com\/static.foxnews.com\/foxnews.com\/content\/uploads\/2025\/04\/1344\/756\/portugal-power-outage.jpg?ve=1&amp;tl=1 2x\" height=\"378\" width=\"672\"><source media=\"(min-width: 1024px) and (max-width: 1279px)\" srcset=\"https:\/\/a57.foxnews.com\/static.foxnews.com\/foxnews.com\/content\/uploads\/2025\/04\/931\/523\/portugal-power-outage.jpg?ve=1&amp;tl=1, https:\/\/a57.foxnews.com\/static.foxnews.com\/foxnews.com\/content\/uploads\/2025\/04\/1862\/1046\/portugal-power-outage.jpg?ve=1&amp;tl=1 2x\" height=\"523\" width=\"931\"><source media=\"(min-width: 1280px)\" srcset=\"https:\/\/a57.foxnews.com\/static.foxnews.com\/foxnews.com\/content\/uploads\/2025\/04\/720\/405\/portugal-power-outage.jpg?ve=1&amp;tl=1, https:\/\/a57.foxnews.com\/static.foxnews.com\/foxnews.com\/content\/uploads\/2025\/04\/1440\/810\/portugal-power-outage.jpg?ve=1&amp;tl=1 2x\" height=\"405\" width=\"720\"><img loading=\"lazy\" decoding=\"async\" src=\"https:\/\/a57.foxnews.com\/static.foxnews.com\/foxnews.com\/content\/uploads\/2025\/04\/1200\/675\/portugal-power-outage.jpg?ve=1&amp;tl=1\" alt=\"Salto de energ\u00eda a lo largo de la calle en Portugal\" width=\"1200\" height=\"675\"\/><\/source><\/source><\/source><\/source><\/picture><\/div>\n<div class=\"info\">\n<div class=\"caption\">\n<p><span>Un autom\u00f3vil conduce por una calle apagada en Lisboa, Portugal, durante un corte de energ\u00eda a nivel nacional el lunes 28 de abril.<\/span> <span>(AP\/Armando Franca)<\/span><\/p>\n<\/div>\n<\/div>\n<\/div>\n<p>\u00abNunca hemos tenido un colapso completo del sistema\u00bb, dijo el primer ministro espa\u00f1ol Pedro S\u00e1nchez en un discurso televisado el lunes por la noche.  <\/p>\n<p>Los trabajadores de emergencia en Espa\u00f1a dijeron que hab\u00edan rescatado a unos 35,000 pasajeros el lunes que estaban varados por ferrocarriles y en t\u00faneles subterr\u00e1neos. <\/p>\n<p>El video que se emiti\u00f3 en la televisi\u00f3n espa\u00f1ola mostr\u00f3 a personas que evacuaron las estaciones de metro en Madrid, y las estaciones vac\u00edas con trenes se detuvieron en Barcelona. El parlamento de Espa\u00f1a tambi\u00e9n qued\u00f3 en la oscuridad, inform\u00f3 la emisora \u200b\u200bp\u00fablica RTVE.  <\/p>\n<p>La gira de ATP dijo que el juego en el torneo de tenis Open Madrid fue suspendido por el d\u00eda debido a la salida de energ\u00eda.  <\/p>\n<p>En Portugal, se evacuaron varios autos de metro de Lisboa, los tribunales dejaron de trabajar y los cajeros autom\u00e1ticos y los sistemas de pago electr\u00f3nico se vieron afectados. Los sem\u00e1foros en Lisboa tambi\u00e9n dejaron de funcionar durante la interrupci\u00f3n. <\/p>\n<p>Ren, operador de la red de Portugal, describi\u00f3 el incidente el lunes como un \u00abfen\u00f3meno atmosf\u00e9rico raro\u00bb. <\/p>\n<p><strong>El banquero de Wall Street se lava muerto en Paradise Beach semanas despu\u00e9s de desaparecer de vacaciones<\/strong><strong>    <\/strong><\/p>\n<div class=\"image-ct inline\">\n<div class=\"m\"><picture><source media=\"(max-width: 767px)\" srcset=\"https:\/\/a57.foxnews.com\/static.foxnews.com\/foxnews.com\/content\/uploads\/2025\/04\/343\/192\/3cb92771-spain-power-outage-2.jpg?ve=1&amp;tl=1, https:\/\/a57.foxnews.com\/static.foxnews.com\/foxnews.com\/content\/uploads\/2025\/04\/686\/384\/3cb92771-spain-power-outage-2.jpg?ve=1&amp;tl=1 2x\" height=\"192\" width=\"343\"><source media=\"(min-width: 768px) and (max-width: 1023px)\" srcset=\"https:\/\/a57.foxnews.com\/static.foxnews.com\/foxnews.com\/content\/uploads\/2025\/04\/672\/378\/3cb92771-spain-power-outage-2.jpg?ve=1&amp;tl=1, https:\/\/a57.foxnews.com\/static.foxnews.com\/foxnews.com\/content\/uploads\/2025\/04\/1344\/756\/3cb92771-spain-power-outage-2.jpg?ve=1&amp;tl=1 2x\" height=\"378\" width=\"672\"><source media=\"(min-width: 1024px) and (max-width: 1279px)\" srcset=\"https:\/\/a57.foxnews.com\/static.foxnews.com\/foxnews.com\/content\/uploads\/2025\/04\/931\/523\/3cb92771-spain-power-outage-2.jpg?ve=1&amp;tl=1, https:\/\/a57.foxnews.com\/static.foxnews.com\/foxnews.com\/content\/uploads\/2025\/04\/1862\/1046\/3cb92771-spain-power-outage-2.jpg?ve=1&amp;tl=1 2x\" height=\"523\" width=\"931\"><source media=\"(min-width: 1280px)\" srcset=\"https:\/\/a57.foxnews.com\/static.foxnews.com\/foxnews.com\/content\/uploads\/2025\/04\/720\/405\/3cb92771-spain-power-outage-2.jpg?ve=1&amp;tl=1, https:\/\/a57.foxnews.com\/static.foxnews.com\/foxnews.com\/content\/uploads\/2025\/04\/1440\/810\/3cb92771-spain-power-outage-2.jpg?ve=1&amp;tl=1 2x\" height=\"405\" width=\"720\"><img loading=\"lazy\" decoding=\"async\" src=\"https:\/\/a57.foxnews.com\/static.foxnews.com\/foxnews.com\/content\/uploads\/2025\/04\/1200\/675\/3cb92771-spain-power-outage-2.jpg?ve=1&amp;tl=1\" alt=\"La gente se encuentra en la plataforma de trenes en Madrid\" width=\"1200\" height=\"675\"\/><\/source><\/source><\/source><\/source><\/picture><\/div>\n<div class=\"info\">\n<div class=\"caption\">\n<p><span>La gente espera en una plataforma mientras las operaciones de metro se reanudan parcialmente en Madrid, Espa\u00f1a, el martes 29 de abril, luego del apag\u00f3n nacional. <\/span> <span>(Reuters\/Violeta Santos Moura)<\/span><\/p>\n<\/div>\n<\/div>\n<\/div>\n<p>\u00abDebido a las variaciones de temperatura extremas en el interior de Espa\u00f1a, hubo oscilaciones an\u00f3malas en las l\u00edneas de muy alto voltaje, un fen\u00f3meno conocido como vibraci\u00f3n atmosf\u00e9rica inducida\u00bb, dijo. \u00abEstas oscilaciones causaron fallas de sincronizaci\u00f3n entre los sistemas el\u00e9ctricos, lo que llev\u00f3 a perturbaciones sucesivas en la red europea interconectada\u00bb. <\/p>\n<p>Sin embargo, el martes, la agencia meteorol\u00f3gica de Espa\u00f1a, Aemet, dijo que no hab\u00eda detectado ning\u00fan \u00abfen\u00f3meno meteorol\u00f3gico o atmosf\u00e9rico inusual\u00bb el lunes y no se registraron fluctuaciones repentinas de temperatura en sus estaciones meteorol\u00f3gicas. <\/p>\n<p>Eduardo Prieto, jefe de operaciones de Red El\u00e9ctrica, dijo que la inestabilidad en la red el\u00e9ctrica caus\u00f3 que la interconexi\u00f3n de electricidad espa\u00f1ola y francesa a trav\u00e9s de las monta\u00f1as de los Pirineos se separara, lo que llev\u00f3 a una falla en el lado espa\u00f1ol, seg\u00fan Reuters. La agencia de noticias inform\u00f3 que algunas partes de Francia tambi\u00e9n sufrieron cortes de energ\u00eda breves el lunes. <\/p>\n<div class=\"image-ct inline\">\n<div class=\"m\"><picture><source media=\"(max-width: 767px)\" srcset=\"https:\/\/a57.foxnews.com\/static.foxnews.com\/foxnews.com\/content\/uploads\/2025\/04\/343\/192\/f05a26a8-spain-power-outage-3.jpg?ve=1&amp;tl=1, https:\/\/a57.foxnews.com\/static.foxnews.com\/foxnews.com\/content\/uploads\/2025\/04\/686\/384\/f05a26a8-spain-power-outage-3.jpg?ve=1&amp;tl=1 2x\" height=\"192\" width=\"343\"><source media=\"(min-width: 768px) and (max-width: 1023px)\" srcset=\"https:\/\/a57.foxnews.com\/static.foxnews.com\/foxnews.com\/content\/uploads\/2025\/04\/672\/378\/f05a26a8-spain-power-outage-3.jpg?ve=1&amp;tl=1, https:\/\/a57.foxnews.com\/static.foxnews.com\/foxnews.com\/content\/uploads\/2025\/04\/1344\/756\/f05a26a8-spain-power-outage-3.jpg?ve=1&amp;tl=1 2x\" height=\"378\" width=\"672\"><source media=\"(min-width: 1024px) and (max-width: 1279px)\" srcset=\"https:\/\/a57.foxnews.com\/static.foxnews.com\/foxnews.com\/content\/uploads\/2025\/04\/931\/523\/f05a26a8-spain-power-outage-3.jpg?ve=1&amp;tl=1, https:\/\/a57.foxnews.com\/static.foxnews.com\/foxnews.com\/content\/uploads\/2025\/04\/1862\/1046\/f05a26a8-spain-power-outage-3.jpg?ve=1&amp;tl=1 2x\" height=\"523\" width=\"931\"><source media=\"(min-width: 1280px)\" srcset=\"https:\/\/a57.foxnews.com\/static.foxnews.com\/foxnews.com\/content\/uploads\/2025\/04\/720\/405\/f05a26a8-spain-power-outage-3.jpg?ve=1&amp;tl=1, https:\/\/a57.foxnews.com\/static.foxnews.com\/foxnews.com\/content\/uploads\/2025\/04\/1440\/810\/f05a26a8-spain-power-outage-3.jpg?ve=1&amp;tl=1 2x\" height=\"405\" width=\"720\"><img loading=\"lazy\" decoding=\"async\" src=\"https:\/\/a57.foxnews.com\/static.foxnews.com\/foxnews.com\/content\/uploads\/2025\/04\/1200\/675\/f05a26a8-spain-power-outage-3.jpg?ve=1&amp;tl=1\" alt=\"La gente duerme dentro de las instalaciones deportivas en Barcelona\" width=\"1200\" height=\"675\"\/><\/source><\/source><\/source><\/source><\/picture><\/div>\n<div class=\"info\">\n<div class=\"caption\">\n<p><span>Las personas duermen en una instalaci\u00f3n deportiva designada para personas atrapadas en una estaci\u00f3n de tren en Barcelona, \u200b\u200bEspa\u00f1a, el martes 29 de abril.<\/span> <span>(Reuters\/Bruna Casas)<\/span><\/p>\n<\/div>\n<\/div>\n<\/div>\n<p><strong>Haga clic aqu\u00ed para obtener la aplicaci\u00f3n Fox News<\/strong><strong> <\/strong><\/p>\n<p>Las autoridades todav\u00eda estaban investigando lo que sucedi\u00f3 el martes. <\/p>\n<p><i>Associated Press contribuy\u00f3 a este informe. <\/i><\/p>\n<p> <!----> <\/p>\n<div class=\"article-meta\">\n<div class=\"author-bio\">\n<p>Greg Norman es reportero de Fox News Digital.<\/p>\n<\/div>\n<\/div>\n<\/div>\n\n","protected":false},"excerpt":{"rendered":"<p>El corte de energ\u00eda masivo que caus\u00f3 estragos en Europa se culpa a un par de posibles descomposiciones de plantas solares en el suroeste de Espa\u00f1a, seg\u00fan un informe. A las 7 am, la hora local el martes, m\u00e1s del 99% de la demanda de energ\u00eda en Espa\u00f1a hab\u00eda sido restaurada, anunci\u00f3 el operador de &hellip;<\/p>\n","protected":false},"author":1,"featured_media":25050,"comment_status":"open","ping_status":"open","sticky":false,"template":"","format":"standard","meta":{"fifu_image_url":"https:\/\/static.foxnews.com\/foxnews.com\/content\/uploads\/2025\/04\/portugal-power-outage.jpg","fifu_image_alt":"","footnotes":""},"categories":[13],"tags":[],"class_list":["post-25048","post","type-post","status-publish","format-standard","has-post-thumbnail","","category-mundo"],"_links":{"self":[{"href":"https:\/\/noticiasveraces.com\/index.php?rest_route=\/wp\/v2\/posts\/25048","targetHints":{"allow":["GET"]}}],"collection":[{"href":"https:\/\/noticiasveraces.com\/index.php?rest_route=\/wp\/v2\/posts"}],"about":[{"href":"https:\/\/noticiasveraces.com\/index.php?rest_route=\/wp\/v2\/types\/post"}],"author":[{"embeddable":true,"href":"https:\/\/noticiasveraces.com\/index.php?rest_route=\/wp\/v2\/users\/1"}],"replies":[{"embeddable":true,"href":"https:\/\/noticiasveraces.com\/index.php?rest_route=%2Fwp%2Fv2%2Fcomments&post=25048"}],"version-history":[{"count":0,"href":"https:\/\/noticiasveraces.com\/index.php?rest_route=\/wp\/v2\/posts\/25048\/revisions"}],"wp:featuredmedia":[{"embeddable":true,"href":"https:\/\/noticiasveraces.com\/index.php?rest_route=\/wp\/v2\/media\/25050"}],"wp:attachment":[{"href":"https:\/\/noticiasveraces.com\/index.php?rest_route=%2Fwp%2Fv2%2Fmedia&parent=25048"}],"wp:term":[{"taxonomy":"category","embeddable":true,"href":"https:\/\/noticiasveraces.com\/index.php?rest_route=%2Fwp%2Fv2%2Fcategories&post=25048"},{"taxonomy":"post_tag","embeddable":true,"href":"https:\/\/noticiasveraces.com\/index.php?rest_route=%2Fwp%2Fv2%2Ftags&post=25048"}],"curies":[{"name":"wp","href":"https:\/\/api.w.org\/{rel}","templated":true}]}}