{"id":25045,"date":"2025-04-29T10:19:22","date_gmt":"2025-04-29T14:19:22","guid":{"rendered":"https:\/\/noticiasveraces.com\/?p=25045"},"modified":"2025-04-29T10:19:22","modified_gmt":"2025-04-29T14:19:22","slug":"un-killer-con-guante-un-stopper-muy-joven-un-cerrojo-con-problemas-y-un-favorito","status":"publish","type":"post","link":"https:\/\/noticiasveraces.com\/?p=25045","title":{"rendered":"un &#8216;killer&#8217; con guante, un &#8216;stopper&#8217; muy joven, un cerrojo con problemas y&#8230; un favorito"},"content":{"rendered":"<p> \n<\/p>\n<div>\n<p data-mrf-recirculation=\"Links P\u00e1rrafos\" class=\"ue-c-article__ ue-c-article--first-letter-highlighted\">Una <strong>m\u00e1quina de hacer goles que tiene un guante<\/strong> contra un <strong>cerrojo con problmas <\/strong>y el <strong>favorito<\/strong> a levantar el <strong>t\u00edtulo<\/strong> frente a un <strong>&#8216;stopper&#8217; muy joven<\/strong>. As\u00ed se presentan el <strong>Arsenal-<\/strong><strong>Paris Saint-Germain <\/strong>y el <strong>Barcelona-<\/strong><strong>Inter Mil\u00e1n, <\/strong>las dos eliminatorias de las <strong>semifinales<\/strong> de la <strong>Liga de Campeones,<\/strong> que arrancan esta noche con el encuentro que los <strong>&#8216;Gunners&#8217;<\/strong> disputan contra los de <strong>Luis Enrique<\/strong> en el <strong>Estadio Emirates<\/strong>.<\/p>\n<p data-mrf-recirculation=\"Links P\u00e1rrafos\" class=\"ue-c-article__\">El <strong>Barcelona<\/strong> vuelve a estar a un paso de disputar la final desde la <strong>temporada 2018-19<\/strong> y llega a esta ronda tras mostrar su <strong>poder\u00edo ofensivo, su enorme pegada<\/strong>. Los de <strong>Pel\u00edcula<\/strong>unos &#8216;killers&#8217;, han marcado <strong>37 tantos<\/strong> en lo que va de la Liga de Campeones: <strong>28<\/strong> en los ocho partidos de la Fase Liga y <strong>nueve<\/strong> m\u00e1s en las eliminatorias frente a <strong>Benfica<\/strong> Y <strong>Borussia Dortmund<\/strong>.<\/p>\n<figure class=\"ue-c-article__media ue-c-article__media--image\">\n<div class=\"ue-c-article__media-img-container ue-l-article--expand-edge-right-until-tablet ue-l-article--expand-edge-left-until-tablet\"><picture><source type=\"image\/webp\" sizes=\"(min-width: 1010px) 660px, (min-width: 980px) calc(100vw - 350px), (min-width: 740px) calc(100vw - 320px), 100vw\" srcset=\"        https:\/\/e00-xlk-ue-marca.uecdn.es\/files\/article_360_widen_webp\/uploads\/2025\/04\/29\/6810b490b1ce6.webp 360w,        https:\/\/e00-xlk-ue-marca.uecdn.es\/files\/article_375_widen_webp\/uploads\/2025\/04\/29\/6810b490b1ce6.webp 375w,        https:\/\/e00-xlk-ue-marca.uecdn.es\/files\/article_414_widen_webp\/uploads\/2025\/04\/29\/6810b490b1ce6.webp 414w,        https:\/\/e00-xlk-ue-marca.uecdn.es\/files\/article_660_widen_webp\/uploads\/2025\/04\/29\/6810b490b1ce6.webp 660w,        https:\/\/e00-xlk-ue-marca.uecdn.es\/files\/article_720_widen_webp\/uploads\/2025\/04\/29\/6810b490b1ce6.webp 720w,        https:\/\/e00-xlk-ue-marca.uecdn.es\/files\/article_750_widen_webp\/uploads\/2025\/04\/29\/6810b490b1ce6.webp 750w,        https:\/\/e00-xlk-ue-marca.uecdn.es\/files\/article_828_widen_webp\/uploads\/2025\/04\/29\/6810b490b1ce6.webp 828w,        https:\/\/e00-xlk-ue-marca.uecdn.es\/files\/article_1320_widen_webp\/uploads\/2025\/04\/29\/6810b490b1ce6.webp 1320w\"><source type=\"image\/png\" sizes=\"(min-width: 1010px) 660px, (min-width: 980px) calc(100vw - 350px), (min-width: 740px) calc(100vw - 320px), 100vw\" srcset=\"        https:\/\/e00-xlk-ue-marca.uecdn.es\/files\/article_360_widen\/uploads\/2025\/04\/29\/6810b490b1ce6.png 360w,        https:\/\/e00-xlk-ue-marca.uecdn.es\/files\/article_375_widen\/uploads\/2025\/04\/29\/6810b490b1ce6.png 375w,        https:\/\/e00-xlk-ue-marca.uecdn.es\/files\/article_414_widen\/uploads\/2025\/04\/29\/6810b490b1ce6.png 414w,        https:\/\/e00-xlk-ue-marca.uecdn.es\/files\/article_660_widen\/uploads\/2025\/04\/29\/6810b490b1ce6.png 660w,        https:\/\/e00-xlk-ue-marca.uecdn.es\/files\/article_720_widen\/uploads\/2025\/04\/29\/6810b490b1ce6.png 720w,        https:\/\/e00-xlk-ue-marca.uecdn.es\/files\/article_750_widen\/uploads\/2025\/04\/29\/6810b490b1ce6.png 750w,        https:\/\/e00-xlk-ue-marca.uecdn.es\/files\/article_828_widen\/uploads\/2025\/04\/29\/6810b490b1ce6.png 828w,        https:\/\/e00-xlk-ue-marca.uecdn.es\/files\/article_1320_widen\/uploads\/2025\/04\/29\/6810b490b1ce6.png 1320w\"><img loading=\"lazy\" decoding=\"async\" width=\"1500\" height=\"1500\" class=\"ue-c-article__image\" alt=\"Ranking de MARCA-ABF3D63C-578D-4CDA-BCB6-A84F920DF4CA\" src=\"https:\/\/e00-xlk-ue-marca.uecdn.es\/uploads\/2025\/04\/29\/6810b490b1ce6.png\"\/><\/source><\/source><\/picture><\/div><figcaption class=\"ue-c-article__media-caption\"\/><\/figure>\n<p data-mrf-recirculation=\"Links P\u00e1rrafos\" class=\"ue-c-article__\">Entre todos los jugadores cul\u00e9s ha destacado <strong>Rafinha<\/strong> con un <strong>rendimiento espectacular<\/strong> de cara a la porter\u00eda rival. El brasile\u00f1o ha <strong>participado en 19 de los goles<\/strong> del equipo. Ha <strong>Marcado 12<\/strong> y es el segundo m\u00e1ximo anotador por detr\u00e1s de <strong>Guirassy (13)<\/strong>del Borussia Dortmund, adem\u00e1s de <strong>dirigir<\/strong> la clasificaci\u00f3n de <strong>m\u00e1ximos asistentes, tiene un guante en la bota,<\/strong> estafa <strong>siete pases definitivos<\/strong>. <\/p>\n<figure class=\"ue-c-article__media ue-c-article__media--image\">\n<div class=\"ue-c-article__media-img-container ue-l-article--expand-edge-right-until-tablet ue-l-article--expand-edge-left-until-tablet\"><picture><source type=\"image\/webp\" sizes=\"(min-width: 1010px) 660px, (min-width: 980px) calc(100vw - 350px), (min-width: 740px) calc(100vw - 320px), 100vw\" srcset=\"        https:\/\/e00-xlk-ue-marca.uecdn.es\/files\/article_360_widen_webp\/uploads\/2025\/04\/29\/6810bf8fe7164.webp 360w,        https:\/\/e00-xlk-ue-marca.uecdn.es\/files\/article_375_widen_webp\/uploads\/2025\/04\/29\/6810bf8fe7164.webp 375w,        https:\/\/e00-xlk-ue-marca.uecdn.es\/files\/article_414_widen_webp\/uploads\/2025\/04\/29\/6810bf8fe7164.webp 414w,        https:\/\/e00-xlk-ue-marca.uecdn.es\/files\/article_660_widen_webp\/uploads\/2025\/04\/29\/6810bf8fe7164.webp 660w,        https:\/\/e00-xlk-ue-marca.uecdn.es\/files\/article_720_widen_webp\/uploads\/2025\/04\/29\/6810bf8fe7164.webp 720w,        https:\/\/e00-xlk-ue-marca.uecdn.es\/files\/article_750_widen_webp\/uploads\/2025\/04\/29\/6810bf8fe7164.webp 750w,        https:\/\/e00-xlk-ue-marca.uecdn.es\/files\/article_828_widen_webp\/uploads\/2025\/04\/29\/6810bf8fe7164.webp 828w,        https:\/\/e00-xlk-ue-marca.uecdn.es\/files\/article_1320_widen_webp\/uploads\/2025\/04\/29\/6810bf8fe7164.webp 1320w\"><source type=\"image\/png\" sizes=\"(min-width: 1010px) 660px, (min-width: 980px) calc(100vw - 350px), (min-width: 740px) calc(100vw - 320px), 100vw\" srcset=\"        https:\/\/e00-xlk-ue-marca.uecdn.es\/files\/article_360_widen\/uploads\/2025\/04\/29\/6810bf8fe7164.png 360w,        https:\/\/e00-xlk-ue-marca.uecdn.es\/files\/article_375_widen\/uploads\/2025\/04\/29\/6810bf8fe7164.png 375w,        https:\/\/e00-xlk-ue-marca.uecdn.es\/files\/article_414_widen\/uploads\/2025\/04\/29\/6810bf8fe7164.png 414w,        https:\/\/e00-xlk-ue-marca.uecdn.es\/files\/article_660_widen\/uploads\/2025\/04\/29\/6810bf8fe7164.png 660w,        https:\/\/e00-xlk-ue-marca.uecdn.es\/files\/article_720_widen\/uploads\/2025\/04\/29\/6810bf8fe7164.png 720w,        https:\/\/e00-xlk-ue-marca.uecdn.es\/files\/article_750_widen\/uploads\/2025\/04\/29\/6810bf8fe7164.png 750w,        https:\/\/e00-xlk-ue-marca.uecdn.es\/files\/article_828_widen\/uploads\/2025\/04\/29\/6810bf8fe7164.png 828w,        https:\/\/e00-xlk-ue-marca.uecdn.es\/files\/article_1320_widen\/uploads\/2025\/04\/29\/6810bf8fe7164.png 1320w\"><img loading=\"lazy\" decoding=\"async\" width=\"1500\" height=\"1500\" class=\"ue-c-article__image\" alt=\"MARCA-XG-021388BF-68BC-4806-948C-851543256FF4\" src=\"https:\/\/e00-xlk-ue-marca.uecdn.es\/uploads\/2025\/04\/29\/6810bf8fe7164.png\"\/><\/source><\/source><\/picture><\/div><figcaption class=\"ue-c-article__media-caption\"\/><\/figure>\n<h2 class=\"ue-c-article__subheadline\">Baj\u00f3n del Inter<\/h2>\n<p data-mrf-recirculation=\"Links P\u00e1rrafos\" class=\"ue-c-article__\">Enfrente del Barcelona estar\u00e1 el <strong>Inter Mil\u00e1n<\/strong>un equipo que esta siendo un <strong>cerrojo<\/strong> en esta edici\u00f3n de la Champions League. Los italianos s\u00f3lo han <strong>perdido un partido<\/strong> y son los que m\u00e1s veces han dejado la <strong>porter\u00eda a cero (8) <\/strong>por delante del<strong> Arsenal<\/strong>otro de los semifinalistas, que lo ha conseguido en<strong> seis encuentros.<\/strong> <\/p>\n<p data-mrf-recirculation=\"Links P\u00e1rrafos\" class=\"ue-c-article__\">Hasta la vuelta de cuartos frente al Bayern M\u00fanich en San Siro (2-2), los de Inzaghi s\u00f3lo hab\u00edan <strong>encajado<\/strong> tres goles, ahora llevan apenas <strong>Cinco<\/strong>. Sin embargo, el Inter parece que ha perdido algo de ese rigor defensivo en los \u00faltimos tiempos y acumula <strong>nueve partidos consecutivos recibiendo al menos un tanto <\/strong>entre todas las competiciones<strong>. <\/strong>En concreto, desde<strong> el pasado 16 de marzo <\/strong>cuando se impuso<strong> 0-2 a la Atalanta.<\/strong><\/p>\n<figure class=\"ue-c-article__media ue-c-article__media--image\">\n<div class=\"ue-c-article__media-img-container ue-l-article--expand-edge-right-until-tablet ue-l-article--expand-edge-left-until-tablet\"><picture><source type=\"image\/webp\" sizes=\"(min-width: 1010px) 660px, (min-width: 980px) calc(100vw - 350px), (min-width: 740px) calc(100vw - 320px), 100vw\" srcset=\"        https:\/\/e00-xlk-ue-marca.uecdn.es\/files\/article_360_widen_webp\/uploads\/2025\/04\/29\/6810b7c3e3428.webp 360w,        https:\/\/e00-xlk-ue-marca.uecdn.es\/files\/article_375_widen_webp\/uploads\/2025\/04\/29\/6810b7c3e3428.webp 375w,        https:\/\/e00-xlk-ue-marca.uecdn.es\/files\/article_414_widen_webp\/uploads\/2025\/04\/29\/6810b7c3e3428.webp 414w,        https:\/\/e00-xlk-ue-marca.uecdn.es\/files\/article_660_widen_webp\/uploads\/2025\/04\/29\/6810b7c3e3428.webp 660w,        https:\/\/e00-xlk-ue-marca.uecdn.es\/files\/article_720_widen_webp\/uploads\/2025\/04\/29\/6810b7c3e3428.webp 720w,        https:\/\/e00-xlk-ue-marca.uecdn.es\/files\/article_750_widen_webp\/uploads\/2025\/04\/29\/6810b7c3e3428.webp 750w,        https:\/\/e00-xlk-ue-marca.uecdn.es\/files\/article_828_widen_webp\/uploads\/2025\/04\/29\/6810b7c3e3428.webp 828w,        https:\/\/e00-xlk-ue-marca.uecdn.es\/files\/article_1320_widen_webp\/uploads\/2025\/04\/29\/6810b7c3e3428.webp 1320w\"><source type=\"image\/png\" sizes=\"(min-width: 1010px) 660px, (min-width: 980px) calc(100vw - 350px), (min-width: 740px) calc(100vw - 320px), 100vw\" srcset=\"        https:\/\/e00-xlk-ue-marca.uecdn.es\/files\/article_360_widen\/uploads\/2025\/04\/29\/6810b7c3e3428.png 360w,        https:\/\/e00-xlk-ue-marca.uecdn.es\/files\/article_375_widen\/uploads\/2025\/04\/29\/6810b7c3e3428.png 375w,        https:\/\/e00-xlk-ue-marca.uecdn.es\/files\/article_414_widen\/uploads\/2025\/04\/29\/6810b7c3e3428.png 414w,        https:\/\/e00-xlk-ue-marca.uecdn.es\/files\/article_660_widen\/uploads\/2025\/04\/29\/6810b7c3e3428.png 660w,        https:\/\/e00-xlk-ue-marca.uecdn.es\/files\/article_720_widen\/uploads\/2025\/04\/29\/6810b7c3e3428.png 720w,        https:\/\/e00-xlk-ue-marca.uecdn.es\/files\/article_750_widen\/uploads\/2025\/04\/29\/6810b7c3e3428.png 750w,        https:\/\/e00-xlk-ue-marca.uecdn.es\/files\/article_828_widen\/uploads\/2025\/04\/29\/6810b7c3e3428.png 828w,        https:\/\/e00-xlk-ue-marca.uecdn.es\/files\/article_1320_widen\/uploads\/2025\/04\/29\/6810b7c3e3428.png 1320w\"><img loading=\"lazy\" decoding=\"async\" width=\"1500\" height=\"1500\" class=\"ue-c-article__image\" alt=\"Ranking de MARCA-6F2C8EDD-BBE1-4AEA-8A2E-14CD9D392981\" src=\"https:\/\/e00-xlk-ue-marca.uecdn.es\/uploads\/2025\/04\/29\/6810b7c3e3428.png\"\/><\/source><\/source><\/picture><\/div><figcaption class=\"ue-c-article__media-caption\"\/><\/figure>\n<p data-mrf-recirculation=\"Links P\u00e1rrafos\" class=\"ue-c-article__\">Loss <strong>problemas<\/strong> se la acumulan al <strong>Enterrar<\/strong> que a la &#8216;flojera&#8217; defensiva a\u00f1ade <strong>tres derrotas consecutivas<\/strong> apuesta inicial <strong>Bolonia<\/strong>, <strong>Mil\u00e1n<\/strong> Y <strong>Roma, <\/strong>algo que no les suced\u00eda a los italianos desde<strong> desde 2019 <\/strong>cuando los entrenaba <strong>Luciano Spalletti.<\/strong><\/p>\n<h2 class=\"ue-c-article__subheadline\">Atacar, atacar y atacar<\/h2>\n<p data-mrf-recirculation=\"Links P\u00e1rrafos\" class=\"ue-c-article__\">El <strong>PSG<\/strong>por su parte, basa su <strong>fortaleza<\/strong> en un estilo de juego, un f\u00fatbol total, muy definido. <strong>Posesi\u00f3n (60,9%<\/strong> de media y el tercero en el ranking globlal por detr\u00e1s de Manchester City y Bayern M\u00fanich), <strong>ataque<\/strong> (estafa <strong>910 acciones ofensivas<\/strong> es el l\u00edder de la clasificaci\u00f3n) y <strong>recuperaci\u00f3n<\/strong> (tambi\u00e9n ocupa el <strong>primer puesto<\/strong> estafa <strong>629<\/strong> balones recuperados). Los <strong>parisinos<\/strong> tambi\u00e9n son el equipo que <strong>m\u00e1s pases<\/strong> ha dado <strong>(9.449) <\/strong>y tiene a <strong>Dembel\u00e9<\/strong>el jugador que m\u00e1s ha <strong>terminado (58)<\/strong>. Y todo esto lo est\u00e1 consiguiendo <strong>Luis Enrique<\/strong>seg\u00fan L&#8217;Equipe, con la <strong>plantilla m\u00e1s joven<\/strong>con una media de <strong>24 a\u00f1os y 91 d\u00edas, <\/strong>de las que a\u00fan quedan en la competici\u00f3n y la cuarta de todos los equipos que participaron.<\/p>\n<figure class=\"ue-c-article__media ue-c-article__media--image\">\n<div class=\"ue-c-article__media-img-container ue-l-article--expand-edge-right-until-tablet ue-l-article--expand-edge-left-until-tablet\"><picture><source type=\"image\/webp\" sizes=\"(min-width: 1010px) 660px, (min-width: 980px) calc(100vw - 350px), (min-width: 740px) calc(100vw - 320px), 100vw\" srcset=\"        https:\/\/e00-xlk-ue-marca.uecdn.es\/files\/article_360_widen_webp\/uploads\/2025\/04\/29\/6810c10017c8c.webp 360w,        https:\/\/e00-xlk-ue-marca.uecdn.es\/files\/article_375_widen_webp\/uploads\/2025\/04\/29\/6810c10017c8c.webp 375w,        https:\/\/e00-xlk-ue-marca.uecdn.es\/files\/article_414_widen_webp\/uploads\/2025\/04\/29\/6810c10017c8c.webp 414w,        https:\/\/e00-xlk-ue-marca.uecdn.es\/files\/article_660_widen_webp\/uploads\/2025\/04\/29\/6810c10017c8c.webp 660w,        https:\/\/e00-xlk-ue-marca.uecdn.es\/files\/article_720_widen_webp\/uploads\/2025\/04\/29\/6810c10017c8c.webp 720w,        https:\/\/e00-xlk-ue-marca.uecdn.es\/files\/article_750_widen_webp\/uploads\/2025\/04\/29\/6810c10017c8c.webp 750w,        https:\/\/e00-xlk-ue-marca.uecdn.es\/files\/article_828_widen_webp\/uploads\/2025\/04\/29\/6810c10017c8c.webp 828w,        https:\/\/e00-xlk-ue-marca.uecdn.es\/files\/article_1320_widen_webp\/uploads\/2025\/04\/29\/6810c10017c8c.webp 1320w\"><source type=\"image\/png\" sizes=\"(min-width: 1010px) 660px, (min-width: 980px) calc(100vw - 350px), (min-width: 740px) calc(100vw - 320px), 100vw\" srcset=\"        https:\/\/e00-xlk-ue-marca.uecdn.es\/files\/article_360_widen\/uploads\/2025\/04\/29\/6810c10017c8c.png 360w,        https:\/\/e00-xlk-ue-marca.uecdn.es\/files\/article_375_widen\/uploads\/2025\/04\/29\/6810c10017c8c.png 375w,        https:\/\/e00-xlk-ue-marca.uecdn.es\/files\/article_414_widen\/uploads\/2025\/04\/29\/6810c10017c8c.png 414w,        https:\/\/e00-xlk-ue-marca.uecdn.es\/files\/article_660_widen\/uploads\/2025\/04\/29\/6810c10017c8c.png 660w,        https:\/\/e00-xlk-ue-marca.uecdn.es\/files\/article_720_widen\/uploads\/2025\/04\/29\/6810c10017c8c.png 720w,        https:\/\/e00-xlk-ue-marca.uecdn.es\/files\/article_750_widen\/uploads\/2025\/04\/29\/6810c10017c8c.png 750w,        https:\/\/e00-xlk-ue-marca.uecdn.es\/files\/article_828_widen\/uploads\/2025\/04\/29\/6810c10017c8c.png 828w,        https:\/\/e00-xlk-ue-marca.uecdn.es\/files\/article_1320_widen\/uploads\/2025\/04\/29\/6810c10017c8c.png 1320w\"><img loading=\"lazy\" decoding=\"async\" width=\"1500\" height=\"1500\" class=\"ue-c-article__image\" alt=\"Ranking de MARCA-0 CEBFF072-E3EE-4E29-A5B6-EFD6B3639549\" src=\"https:\/\/e00-xlk-ue-marca.uecdn.es\/uploads\/2025\/04\/29\/6810c10017c8c.png\"\/><\/source><\/source><\/picture><\/div><figcaption class=\"ue-c-article__media-caption\"\/><\/figure>\n<p data-mrf-recirculation=\"Links P\u00e1rrafos\" class=\"ue-c-article__\">\u00abHemos mostrado un nivel alto, todo el equipo. Es un objetivo complicado y exigente, pero lo estamos gestionando bien. Queremos hacer historia, hacer algo que no ha hecho nadie anteriormente. <strong>Es una presi\u00f3n bonita que espero que no nos afecte. El equipo me ha dado confianza por c\u00f3mo hemos competido.<\/strong> Lo que percibo, yo no soy de pasear, pero estos d\u00edas he paseado por Par\u00eds y lo que he visto de nuestros aficionados ha sido muy bonito\u00bb, aseguraba Luis Enrique, el entrenador, en la previa del encuentro.<\/p>\n<blockquote class=\"ue-c-article__blockquote\">\n<p>Hemos mostrado un nivel alto, todo el equipo<\/p>\n<p><span class=\"ue-c-article__blockquote-author\">Luis Enrique<\/span><\/p><\/blockquote>\n<p data-mrf-recirculation=\"Links P\u00e1rrafos\" class=\"ue-c-article__\">El rival de los galos ser\u00e1 el <strong>Arsenal<\/strong>un equipo que dio un golpe encima de la mesa eliminando con solvencia en cuartos al <strong>Real Madrid<\/strong>el actual campe\u00f3n, con un global de <strong>5-1<\/strong> en la eliminatoria. Los &#8216;gunners&#8217;, que ya saben que no ganar\u00e1n la Premier League tras proclamarse campe\u00f3n el Liverpool, son, sin embargo, seg\u00fan el <strong>Superordenador de Opta el favorito <\/strong>para criar<strong> La Liga de Campeones <\/strong>el pr\u00f3ximo 31 de mayo\u00a0con un <strong>31,3%<\/strong> de posibilidades por el <strong>27,4% del Barcelona, el\u00a022% del PSG y el\u00a019,2% del Inter Mil\u00e1n.<\/strong><\/p>\n<\/div>\n\n","protected":false},"excerpt":{"rendered":"<p>Una m\u00e1quina de hacer goles que tiene un guante contra un cerrojo con problmas y el favorito a levantar el t\u00edtulo frente a un &#8216;stopper&#8217; muy joven. As\u00ed se presentan el Arsenal-Paris Saint-Germain y el Barcelona-Inter Mil\u00e1n, las dos eliminatorias de las semifinales de la Liga de Campeones, que arrancan esta noche con el encuentro &hellip;<\/p>\n","protected":false},"author":1,"featured_media":25047,"comment_status":"open","ping_status":"open","sticky":false,"template":"","format":"standard","meta":{"fifu_image_url":"https:\/\/e00-xlk-ue-marca.uecdn.es\/files\/phantom_desktop_1200w\/uploads\/2025\/04\/29\/6810c62cd7af9.jpeg","fifu_image_alt":"","footnotes":""},"categories":[6],"tags":[],"class_list":["post-25045","post","type-post","status-publish","format-standard","has-post-thumbnail","","category-deportes"],"_links":{"self":[{"href":"https:\/\/noticiasveraces.com\/index.php?rest_route=\/wp\/v2\/posts\/25045","targetHints":{"allow":["GET"]}}],"collection":[{"href":"https:\/\/noticiasveraces.com\/index.php?rest_route=\/wp\/v2\/posts"}],"about":[{"href":"https:\/\/noticiasveraces.com\/index.php?rest_route=\/wp\/v2\/types\/post"}],"author":[{"embeddable":true,"href":"https:\/\/noticiasveraces.com\/index.php?rest_route=\/wp\/v2\/users\/1"}],"replies":[{"embeddable":true,"href":"https:\/\/noticiasveraces.com\/index.php?rest_route=%2Fwp%2Fv2%2Fcomments&post=25045"}],"version-history":[{"count":0,"href":"https:\/\/noticiasveraces.com\/index.php?rest_route=\/wp\/v2\/posts\/25045\/revisions"}],"wp:featuredmedia":[{"embeddable":true,"href":"https:\/\/noticiasveraces.com\/index.php?rest_route=\/wp\/v2\/media\/25047"}],"wp:attachment":[{"href":"https:\/\/noticiasveraces.com\/index.php?rest_route=%2Fwp%2Fv2%2Fmedia&parent=25045"}],"wp:term":[{"taxonomy":"category","embeddable":true,"href":"https:\/\/noticiasveraces.com\/index.php?rest_route=%2Fwp%2Fv2%2Fcategories&post=25045"},{"taxonomy":"post_tag","embeddable":true,"href":"https:\/\/noticiasveraces.com\/index.php?rest_route=%2Fwp%2Fv2%2Ftags&post=25045"}],"curies":[{"name":"wp","href":"https:\/\/api.w.org\/{rel}","templated":true}]}}