{"id":25034,"date":"2025-04-29T09:08:23","date_gmt":"2025-04-29T13:08:23","guid":{"rendered":"https:\/\/noticiasveraces.com\/?p=25034"},"modified":"2025-04-29T09:08:23","modified_gmt":"2025-04-29T13:08:23","slug":"trump-hace-un-movimiento-radical-en-el-escenario-mundial-en-los-primeros-100-dias-en-el-cargo","status":"publish","type":"post","link":"https:\/\/noticiasveraces.com\/?p=25034","title":{"rendered":"Trump hace un movimiento radical en el escenario mundial en los primeros 100 d\u00edas en el cargo"},"content":{"rendered":"<p> \n<\/p>\n<div>\n<p class=\"speakable\">El segundo mandato del presidente Donald Trump ha asumido al mundo en sus primeros 100 d\u00edas, dejando a los aliados y adversarios luchando para responder a las nuevas tarifas estadounidenses, las negociaciones de paz estancadas y la diplomacia de hardball de la Casa Blanca.<\/p>\n<p class=\"speakable\">En el sendero de la campa\u00f1a, se comprometi\u00f3 a golpear aliados y enemigos por igual con aranceles masivos, terminar la guerra de Rusia en Ucrania en las 24 horas y amenaz\u00f3 que \u00abtodo el infierno\u00bb estallar\u00eda si todos los rehenes no fueran liberados de las garras de Hamas en Gaza cuando ingres\u00f3 a la Oficina Oval.<\/p>\n<p>Si bien Trump ha podido cumplir con algunas de sus promesas, otras ambiciones permanecen insatisfechas. Esto es lo que Trump ha logrado y los desaf\u00edos quedan:<\/p>\n<p><strong>Posici\u00f3n de la encuesta: donde Donald Trump se encuentra con los estadounidenses 100 d\u00edas en su segunda presidencia<\/strong><\/p>\n<div class=\"image-ct inline\">\n<div class=\"m\"><picture><source media=\"(max-width: 767px)\" srcset=\"https:\/\/a57.foxnews.com\/static.foxnews.com\/foxnews.com\/content\/uploads\/2025\/03\/343\/192\/donald-trump-oval-office-march-26-2025.jpg?ve=1&amp;tl=1, https:\/\/a57.foxnews.com\/static.foxnews.com\/foxnews.com\/content\/uploads\/2025\/03\/686\/384\/donald-trump-oval-office-march-26-2025.jpg?ve=1&amp;tl=1 2x\" height=\"192\" width=\"343\"><source media=\"(min-width: 768px) and (max-width: 1023px)\" srcset=\"https:\/\/a57.foxnews.com\/static.foxnews.com\/foxnews.com\/content\/uploads\/2025\/03\/672\/378\/donald-trump-oval-office-march-26-2025.jpg?ve=1&amp;tl=1, https:\/\/a57.foxnews.com\/static.foxnews.com\/foxnews.com\/content\/uploads\/2025\/03\/1344\/756\/donald-trump-oval-office-march-26-2025.jpg?ve=1&amp;tl=1 2x\" height=\"378\" width=\"672\"><source media=\"(min-width: 1024px) and (max-width: 1279px)\" srcset=\"https:\/\/a57.foxnews.com\/static.foxnews.com\/foxnews.com\/content\/uploads\/2025\/03\/931\/523\/donald-trump-oval-office-march-26-2025.jpg?ve=1&amp;tl=1, https:\/\/a57.foxnews.com\/static.foxnews.com\/foxnews.com\/content\/uploads\/2025\/03\/1862\/1046\/donald-trump-oval-office-march-26-2025.jpg?ve=1&amp;tl=1 2x\" height=\"523\" width=\"931\"><source media=\"(min-width: 1280px)\" srcset=\"https:\/\/a57.foxnews.com\/static.foxnews.com\/foxnews.com\/content\/uploads\/2025\/03\/720\/405\/donald-trump-oval-office-march-26-2025.jpg?ve=1&amp;tl=1, https:\/\/a57.foxnews.com\/static.foxnews.com\/foxnews.com\/content\/uploads\/2025\/03\/1440\/810\/donald-trump-oval-office-march-26-2025.jpg?ve=1&amp;tl=1 2x\" height=\"405\" width=\"720\"><img loading=\"lazy\" decoding=\"async\" src=\"https:\/\/a57.foxnews.com\/static.foxnews.com\/foxnews.com\/content\/uploads\/2025\/03\/1200\/675\/donald-trump-oval-office-march-26-2025.jpg?ve=1&amp;tl=1\" alt=\"Donald Trump en la Oficina Oval.\" width=\"1200\" height=\"675\"\/><\/source><\/source><\/source><\/source><\/picture><\/div>\n<div class=\"info\">\n<div class=\"caption\">\n<p><span>El presidente de los Estados Unidos, Donald Trump, habla con los medios de comunicaci\u00f3n en la Oficina Oval de la Casa Blanca en Washington, DC<\/span> <span>(Reuters\/Evelyn Hockstein)<\/span><\/p>\n<\/div>\n<\/div>\n<\/div>\n<h2>Donde se encuentra la guerra de Rusia en Ucrania<\/h2>\n<p>Trump admiti\u00f3 la semana pasada que su promesa de poner fin a la guerra de tres a\u00f1os en Ucrania dentro de las 24 horas posteriores a la asumir el cargo era \u00abfigurado\u00bb, reconociendo que nunca fue un objetivo realista. El conflicto ha reclamado un mill\u00f3n de bajas reportadas.<\/p>\n<p>\u00abLo dije como una exageraci\u00f3n\u00bb, dijo a los periodistas. <\/p>\n<p>Si bien Trump ha enfrentado cr\u00edticas por su capacidad para llevar al presidente ruso Vladimir Putin a la mesa de negociaciones, su equipo, dirigido por el enviado especial Steve Witkoff y el secretario de Estado Antony Rubio, ha avanzado, asegurando un alto el fuego de 30 d\u00edas que protege la infraestructura energ\u00e9tica de Ucrania.<\/p>\n<p>Pero Putin hasta ahora se ha negado a ingresar a cualquier otro acuerdos negociados, a pesar de la voluntad de Kiev de jugar a la pelota incluso despu\u00e9s de la hist\u00f3rica explosi\u00f3n de la Oficina Oval entre Trump y el presidente ucraniano Volodymyr Zelenskyy en febrero.<\/p>\n<p>Aunque Trump parec\u00eda guardar rencor contra Zelenskyy despu\u00e9s de que Ucrania rechaz\u00f3 un acuerdo de minerales propuesto, incluso culparlo en parte por la invasi\u00f3n ilegal de Rusia, las relaciones entre los dos l\u00edderes parec\u00edan mejorar durante el fin de semana. Trump tambi\u00e9n estableci\u00f3 un nuevo ultim\u00e1tum para Putin, emitiendo una fecha l\u00edmite para llegar a un acuerdo de alto el fuego.<\/p>\n<p>\u00abDos semanas o menos\u00bb, dijo Trump a los periodistas el domingo, aunque luego agreg\u00f3 un poco m\u00e1s de tiempo ser\u00eda aceptable. \u00abVeremos qu\u00e9 sucede en los pr\u00f3ximos d\u00edas. Probablemente aprenderemos mucho\u00bb.<\/p>\n<p><strong>Trump y Zelenskyy tienen una charla &#8216;muy productiva&#8217; mientras asisten al funeral del Papa Francisco<\/strong><\/p>\n<p>Trump dijo que estaba \u00absorprendido y decepcionado\u00bb despu\u00e9s de que Putin la semana pasada recaud\u00f3 un aluvi\u00f3n de misiles en la capital de Kiev de Ucrania en una huelga que mat\u00f3 a 12 civiles e hiri\u00f3 a casi 100 m\u00e1s.<\/p>\n<p>\u00abQuiero que deje de disparar, se siente y firme un trato\u00bb, dijo Trump en referencia a Putin. \u00abCreo que tenemos los l\u00edmites de un trato, y quiero que lo firme y termine con \u00e9l y vuelva a la vida\u00bb.<\/p>\n<p>Trump no ha dicho c\u00f3mo o si le responsabilizar\u00e1 a Putin si no est\u00e1 de acuerdo con un alto el fuego y la Casa Blanca no ha respondido a las repetidas preguntas repetidas de Fox News Digital con respecto al problema.<\/p>\n<div class=\"image-ct inline\">\n<div class=\"m\"><picture><source media=\"(max-width: 767px)\" srcset=\"https:\/\/a57.foxnews.com\/static.foxnews.com\/foxnews.com\/content\/uploads\/2025\/04\/343\/192\/trump-zelenskyy-2.jpg?ve=1&amp;tl=1, https:\/\/a57.foxnews.com\/static.foxnews.com\/foxnews.com\/content\/uploads\/2025\/04\/686\/384\/trump-zelenskyy-2.jpg?ve=1&amp;tl=1 2x\" height=\"192\" width=\"343\"><source media=\"(min-width: 768px) and (max-width: 1023px)\" srcset=\"https:\/\/a57.foxnews.com\/static.foxnews.com\/foxnews.com\/content\/uploads\/2025\/04\/672\/378\/trump-zelenskyy-2.jpg?ve=1&amp;tl=1, https:\/\/a57.foxnews.com\/static.foxnews.com\/foxnews.com\/content\/uploads\/2025\/04\/1344\/756\/trump-zelenskyy-2.jpg?ve=1&amp;tl=1 2x\" height=\"378\" width=\"672\"><source media=\"(min-width: 1024px) and (max-width: 1279px)\" srcset=\"https:\/\/a57.foxnews.com\/static.foxnews.com\/foxnews.com\/content\/uploads\/2025\/04\/931\/523\/trump-zelenskyy-2.jpg?ve=1&amp;tl=1, https:\/\/a57.foxnews.com\/static.foxnews.com\/foxnews.com\/content\/uploads\/2025\/04\/1862\/1046\/trump-zelenskyy-2.jpg?ve=1&amp;tl=1 2x\" height=\"523\" width=\"931\"><source media=\"(min-width: 1280px)\" srcset=\"https:\/\/a57.foxnews.com\/static.foxnews.com\/foxnews.com\/content\/uploads\/2025\/04\/720\/405\/trump-zelenskyy-2.jpg?ve=1&amp;tl=1, https:\/\/a57.foxnews.com\/static.foxnews.com\/foxnews.com\/content\/uploads\/2025\/04\/1440\/810\/trump-zelenskyy-2.jpg?ve=1&amp;tl=1 2x\" height=\"405\" width=\"720\"><img loading=\"lazy\" decoding=\"async\" src=\"https:\/\/a57.foxnews.com\/static.foxnews.com\/foxnews.com\/content\/uploads\/2025\/04\/1200\/675\/trump-zelenskyy-2.jpg?ve=1&amp;tl=1\" alt=\"Trump y Zelenskyy se encuentran en Roma\" width=\"1200\" height=\"675\"\/><\/source><\/source><\/source><\/source><\/picture><\/div>\n<div class=\"info\">\n<div class=\"caption\">\n<p><span>El presidente Donald Trump y el presidente ucraniano Volodymyr Zelenskyy hablan en Roma, donde ambos asistieron al funeral del Papa Francisco el 26 de abril de 2025.<\/span> <span>(Vaticano y Ucrania Embajador en Santa Sede)<\/span><\/p>\n<\/div>\n<\/div>\n<\/div>\n<h2>Gaza Cesefire<\/h2>\n<p>Antes de entrar en el cargo, Trump amenaz\u00f3 repetidamente a Hamas de que \u00abtodo el infierno\u00bb estallar\u00eda si no devolvieran a todos los rehenes cuando lleg\u00f3 a la Casa Blanca. <\/p>\n<p>Pero el grupo terrorista palestino ha ignorado sus amenazas y rechaz\u00f3 la propuesta de Trump en febrero de cambiar la franja de Gaza<i><strong> <\/strong><\/i>En la \u00abRiviera del Medio Oriente\u00bb, diciendo que se adherir\u00eda a un acuerdo de alto el fuego negociado entre la organizaci\u00f3n terrorista e Israel, mediada por los Estados Unidos, Qatar y Egipto. <\/p>\n<p>Trump no ha golpeado a Hamas, ni sus negociaciones para liberar a los rehenes se ve\u00edan tan diferentes a los de su predecesor.  <\/p>\n<p>La primera fase de lo que pretend\u00eda ser un alto el fuego trif\u00e1sico vio el regreso de 33 rehenes tomados por Hamas, la mayor\u00eda de los cuales fueron secuestrados en el ataque del 7 de octubre de 2023 contra Israel, as\u00ed como la liberaci\u00f3n de 1.800 prisioneros palestinos en manos de Jerusal\u00e9n. <\/p>\n<p>Pero 59 rehenes permanecen en Gaza, incluido Edan Alexander estadounidense-israel\u00ed, y las esperanzas de una segunda fase colapsaron despu\u00e9s de que las negociaciones estancadas en t\u00e9rminos que rodean futuros lanzamientos de rehenes, y en marzo Israel reaviv\u00f3 las operaciones militares en la Franja de Gaza.<\/p>\n<p>Un funcionario de Qatari el domingo dijo el domingo que el principal inconveniente al asegurar un alto el fuego despu\u00e9s de la \u00faltima ronda de conversaciones la semana pasada es que Israel no ha presentado una soluci\u00f3n clara para poner fin a la guerra a cambio de lanzamientos de rehenes, inform\u00f3 Reuters. <\/p>\n<p>Trump dijo el viernes que empuj\u00f3 al primer ministro israel\u00ed Netanyahu a reabrir a los corredores de ayuda a Gaza, que han sido bloqueados desde el 2 de marzo, para permitir que la comida y la medicina lleguen a los palestinos, aunque los corredores humanitarios a\u00fan no se han abierto. <\/p>\n<p><strong>Ir\u00e1n, EE. UU. Comienza las negociaciones sobre el programa nuclear avanzado de Teher\u00e1n<\/strong><\/p>\n<div class=\"image-ct inline\">\n<div class=\"m\"><picture><source media=\"(max-width: 767px)\" srcset=\"https:\/\/a57.foxnews.com\/static.foxnews.com\/foxnews.com\/content\/uploads\/2025\/02\/343\/192\/gaza.jpg?ve=1&amp;tl=1, https:\/\/a57.foxnews.com\/static.foxnews.com\/foxnews.com\/content\/uploads\/2025\/02\/686\/384\/gaza.jpg?ve=1&amp;tl=1 2x\" height=\"192\" width=\"343\"><source media=\"(min-width: 768px) and (max-width: 1023px)\" srcset=\"https:\/\/a57.foxnews.com\/static.foxnews.com\/foxnews.com\/content\/uploads\/2025\/02\/672\/378\/gaza.jpg?ve=1&amp;tl=1, https:\/\/a57.foxnews.com\/static.foxnews.com\/foxnews.com\/content\/uploads\/2025\/02\/1344\/756\/gaza.jpg?ve=1&amp;tl=1 2x\" height=\"378\" width=\"672\"><source media=\"(min-width: 1024px) and (max-width: 1279px)\" srcset=\"https:\/\/a57.foxnews.com\/static.foxnews.com\/foxnews.com\/content\/uploads\/2025\/02\/931\/523\/gaza.jpg?ve=1&amp;tl=1, https:\/\/a57.foxnews.com\/static.foxnews.com\/foxnews.com\/content\/uploads\/2025\/02\/1862\/1046\/gaza.jpg?ve=1&amp;tl=1 2x\" height=\"523\" width=\"931\"><source media=\"(min-width: 1280px)\" srcset=\"https:\/\/a57.foxnews.com\/static.foxnews.com\/foxnews.com\/content\/uploads\/2025\/02\/720\/405\/gaza.jpg?ve=1&amp;tl=1, https:\/\/a57.foxnews.com\/static.foxnews.com\/foxnews.com\/content\/uploads\/2025\/02\/1440\/810\/gaza.jpg?ve=1&amp;tl=1 2x\" height=\"405\" width=\"720\"><img loading=\"lazy\" decoding=\"async\" src=\"https:\/\/a57.foxnews.com\/static.foxnews.com\/foxnews.com\/content\/uploads\/2025\/02\/1200\/675\/gaza.jpg?ve=1&amp;tl=1\" alt=\"Una vista general de las personas que caminan por los escombros en la ciudad de Gaza\" width=\"1200\" height=\"675\"\/><\/source><\/source><\/source><\/source><\/picture><\/div>\n<div class=\"info\">\n<div class=\"caption\">\n<p><span>Ciudad de Gaza, Gaza el 02 de febrero de 2025. <\/span> <span>(Ali Jadallah\/Anadolu a trav\u00e9s de Getty Images)<\/span><\/p>\n<\/div>\n<\/div>\n<\/div>\n<h2>Acuerdo nuclear de Ir\u00e1n<\/h2>\n<p>Trump dijo el domingo que cree que un acuerdo para poner fin al programa nuclear de Ir\u00e1n se puede lograr \u00absin tener que comenzar a lanzar bombas por todas partes\u00bb.<\/p>\n<p>Los detalles sobre las negociaciones nucleares entre los Estados Unidos e Ir\u00e1n en Om\u00e1n el s\u00e1bado, en el que se celebraron la tercera ronda de conversaciones, siguen siendo nulos, aunque, seg\u00fan los informes, el ministro de Relaciones Exteriores iran\u00ed, Abbas Araghchi, dijo a los medios estatales iran\u00edes que estaban \u00abmuy graves y centrados en el trabajo\u00bb. <\/p>\n<p>Araghchi describi\u00f3 que las conversaciones de una hora finalmente \u00abparticiparon en discusiones m\u00e1s profundas y detalladas\u00bb, aunque no se han publicado detalles de las negociaciones. <\/p>\n<p>No est\u00e1 claro si la administraci\u00f3n Trump est\u00e1 deteniendo el avance nuclear de Teher\u00e1n o un acuerdo completo de desarme, lo que ver\u00eda la destrucci\u00f3n de las instalaciones de centr\u00edfuga de Ir\u00e1n y sus reservas de uranio enriquecido de nivel cercano a las armas. <\/p>\n<p>Tampoco sigue claro cu\u00e1nto tiempo permitir\u00e1 que el presidente permita que las negociaciones contin\u00faen. <\/p>\n<p><strong>Los problemas econ\u00f3micos de China amenazan la guerra real en medio de la batalla arancelaria<\/strong><\/p>\n<div class=\"image-ct inline\">\n<div class=\"m\"><picture><source media=\"(max-width: 767px)\" srcset=\"https:\/\/a57.foxnews.com\/static.foxnews.com\/foxnews.com\/content\/uploads\/2025\/04\/343\/192\/iranenvoy.png?ve=1&amp;tl=1, https:\/\/a57.foxnews.com\/static.foxnews.com\/foxnews.com\/content\/uploads\/2025\/04\/686\/384\/iranenvoy.png?ve=1&amp;tl=1 2x\" height=\"192\" width=\"343\"><source media=\"(min-width: 768px) and (max-width: 1023px)\" srcset=\"https:\/\/a57.foxnews.com\/static.foxnews.com\/foxnews.com\/content\/uploads\/2025\/04\/672\/378\/iranenvoy.png?ve=1&amp;tl=1, https:\/\/a57.foxnews.com\/static.foxnews.com\/foxnews.com\/content\/uploads\/2025\/04\/1344\/756\/iranenvoy.png?ve=1&amp;tl=1 2x\" height=\"378\" width=\"672\"><source media=\"(min-width: 1024px) and (max-width: 1279px)\" srcset=\"https:\/\/a57.foxnews.com\/static.foxnews.com\/foxnews.com\/content\/uploads\/2025\/04\/931\/523\/iranenvoy.png?ve=1&amp;tl=1, https:\/\/a57.foxnews.com\/static.foxnews.com\/foxnews.com\/content\/uploads\/2025\/04\/1862\/1046\/iranenvoy.png?ve=1&amp;tl=1 2x\" height=\"523\" width=\"931\"><source media=\"(min-width: 1280px)\" srcset=\"https:\/\/a57.foxnews.com\/static.foxnews.com\/foxnews.com\/content\/uploads\/2025\/04\/720\/405\/iranenvoy.png?ve=1&amp;tl=1, https:\/\/a57.foxnews.com\/static.foxnews.com\/foxnews.com\/content\/uploads\/2025\/04\/1440\/810\/iranenvoy.png?ve=1&amp;tl=1 2x\" height=\"405\" width=\"720\"><img loading=\"lazy\" decoding=\"async\" src=\"https:\/\/a57.foxnews.com\/static.foxnews.com\/foxnews.com\/content\/uploads\/2025\/04\/1200\/675\/iranenvoy.png?ve=1&amp;tl=1\" alt=\"Ministro de Relaciones Exteriores iran\u00ed Abbas Araghchi\" width=\"1200\" height=\"675\"\/><\/source><\/source><\/source><\/source><\/picture><\/div>\n<div class=\"info\">\n<div class=\"caption\">\n<p><span>El ministro de Relaciones Exteriores iran\u00ed, Abbas Araghchi, a la derecha, sale de su avi\u00f3n cuando llega a Muscat, Om\u00e1n, el viernes 25 de abril de 2025, un d\u00eda antes de las negociaciones con el enviado del Medio Oriente de los Estados Unidos Steve Witkoff.<\/span> <span>(AP)<\/span><\/p>\n<\/div>\n<\/div>\n<\/div>\n<h2>Las relaciones con China se deterioran<\/h2>\n<p>Las relaciones entre los Estados Unidos y China han alcanzado un nivel de animosidad que no se ve entre las dos superpotencias desde que Washington normaliz\u00f3 los lazos con el Partido Comunista Chino (PCCh) en la d\u00e9cada de 1970. <\/p>\n<p>La guerra comercial inicial de los Estados Unidos-China comenz\u00f3 durante el primer mandato de Trump, en el que golpe\u00f3 a China con aranceles del 25% en $ 50 mil millones en productos chinos en abril de 2018.<\/p>\n<p>Beijing respondi\u00f3 abofeteando a los aranceles rec\u00edprocos en bienes de $ 50 mil millones en productos estadounidenses, en su mayor\u00eda dirigidos a productos agr\u00edcolas estadounidenses por un valor de unos $ 16.5 mil millones, una guerra comercial que vio la p\u00e9rdida de un cuarto de mill\u00f3n de empleos en EE. UU. Para enero de 2021, seg\u00fan el Consejo de Negocios de la Ci\u00f3nica US-China (USCBC).<\/p>\n<p>Desde la campa\u00f1a, Trump amenaz\u00f3 con golpear a China con un 60% de aranceles, lo que casi hizo a principios de abril cuando anunci\u00f3 un arancel adicional del 34% sobre los impuestos existentes ya existentes. <\/p>\n<p>Pero lo que ya hab\u00eda enviado ondas de choque geopol\u00edticas y provoc\u00f3 preocupaciones de mercado casi inm\u00f3viles se intensific\u00f3 un poco m\u00e1s de una semana despu\u00e9s, cuando Trump aument\u00f3 las tarifas de Beijing al 145%. <\/p>\n<p>China ha respondido golpeando a Washington con sus propios aranceles rec\u00edprocos del 125% sobre las importaciones estadounidenses y, seg\u00fan un informe de Bloomberg el lunes, los env\u00edos de suministros de carga ya han disminuido en un 60%.<\/p>\n<p>Se espera que los estadounidenses comiencen a sentir que los dolores de la guerra comercial llegan a mediados de mayo.<\/p>\n<div class=\"image-ct inline\">\n<div class=\"m\"><picture><source media=\"(max-width: 767px)\" srcset=\"https:\/\/a57.foxnews.com\/static.foxnews.com\/foxnews.com\/content\/uploads\/2025\/04\/343\/192\/trump-nyse.png?ve=1&amp;tl=1, https:\/\/a57.foxnews.com\/static.foxnews.com\/foxnews.com\/content\/uploads\/2025\/04\/686\/384\/trump-nyse.png?ve=1&amp;tl=1 2x\" height=\"192\" width=\"343\"><source media=\"(min-width: 768px) and (max-width: 1023px)\" srcset=\"https:\/\/a57.foxnews.com\/static.foxnews.com\/foxnews.com\/content\/uploads\/2025\/04\/672\/378\/trump-nyse.png?ve=1&amp;tl=1, https:\/\/a57.foxnews.com\/static.foxnews.com\/foxnews.com\/content\/uploads\/2025\/04\/1344\/756\/trump-nyse.png?ve=1&amp;tl=1 2x\" height=\"378\" width=\"672\"><source media=\"(min-width: 1024px) and (max-width: 1279px)\" srcset=\"https:\/\/a57.foxnews.com\/static.foxnews.com\/foxnews.com\/content\/uploads\/2025\/04\/931\/523\/trump-nyse.png?ve=1&amp;tl=1, https:\/\/a57.foxnews.com\/static.foxnews.com\/foxnews.com\/content\/uploads\/2025\/04\/1862\/1046\/trump-nyse.png?ve=1&amp;tl=1 2x\" height=\"523\" width=\"931\"><source media=\"(min-width: 1280px)\" srcset=\"https:\/\/a57.foxnews.com\/static.foxnews.com\/foxnews.com\/content\/uploads\/2025\/04\/720\/405\/trump-nyse.png?ve=1&amp;tl=1, https:\/\/a57.foxnews.com\/static.foxnews.com\/foxnews.com\/content\/uploads\/2025\/04\/1440\/810\/trump-nyse.png?ve=1&amp;tl=1 2x\" height=\"405\" width=\"720\"><img loading=\"lazy\" decoding=\"async\" src=\"https:\/\/a57.foxnews.com\/static.foxnews.com\/foxnews.com\/content\/uploads\/2025\/04\/1200\/675\/trump-nyse.png?ve=1&amp;tl=1\" alt=\"Fotos del presidente Donald Trump firmando una orden ejecutiva en la Oficina Oval de la Casa Blanca, junto a las fotos de la Bolsa de Nueva York (NYSE) mientras los inversores y mercados reaccionaron a principios de este mes ante la noticia de los aranceles rec\u00edprocos de Trump. Fotos a trav\u00e9s de Getty Images\" width=\"1200\" height=\"675\"\/><\/source><\/source><\/source><\/source><\/picture><\/div>\n<div class=\"info\">\n<div class=\"caption\">\n<p><span>Fotos del presidente Donald Trump firmando una orden ejecutiva en la Oficina Oval de la Casa Blanca, junto a las fotos de la Bolsa de Nueva York (NYSE) mientras los inversores y mercados reaccionaron a principios de este mes ante la noticia de los aranceles rec\u00edprocos de Trump. Fotos a trav\u00e9s de Getty Images <\/span> <span>(Getty Images)<\/span><\/p>\n<\/div>\n<\/div>\n<\/div>\n<p><strong>Haga clic aqu\u00ed para obtener la aplicaci\u00f3n Fox News<\/strong><\/p>\n<p>Trump dijo la semana pasada que hab\u00eda alcanzado unos 200 acuerdos comerciales con pa\u00edses afectados por sus aranceles radicales, medidas que afectaron a casi todos los socios comerciales de los Estados Unidos, incluidos los aliados de toda la vida. Hizo una pausa para los aranceles durante 90 d\u00edas a principios de este mes despu\u00e9s de una intensa reacci\u00f3n violenta.<\/p>\n<p>El estado de las relaciones comerciales con socios estadounidenses sigue sin estar claro, junto con si la administraci\u00f3n implementar\u00e1 los aranceles generales en esas naciones en julio.<\/p>\n<p>Los aranceles del 25% sobre el acero, el aluminio y los veh\u00edculos importados permanecen vigentes.<\/p>\n<p>La Casa Blanca no respondi\u00f3 directamente a las preguntas de Fox News Digital con respecto a los pr\u00f3ximos pasos que Trump tomar\u00e1 cuando se trata de manejar hasta ahora un conflicto no resuelto en Ucrania y la Franja de Gaza.<\/p>\n<p>En cambio, un portavoz de la Casa Blanca dijo: \u00abEl presidente Trump hered\u00f3 conflictos extranjeros generalizados y una posici\u00f3n d\u00e9bil en el escenario mundial de Joe Biden. Ahora, Estados Unidos vuelve a ser fuerte, los rehenes est\u00e1n libres de Gaza, Marc Fogel y Ksenia Karelina est\u00e1n en el hogar, cientos de hut\u00edes y otros terroristas han sido eliminados, y nosotros estamos cerca de la paz que nunca antes. <\/p>\n<p>\u00abEste presidente nunca obtendr\u00e1 el cr\u00e9dito que merece por sus vastos logros de pol\u00edtica exterior, pero los estadounidenses saben que son m\u00e1s libres y m\u00e1s seguros bajo su liderazgo\u00bb, agreg\u00f3 el portavoz.<\/p>\n<p> <!----> <\/p>\n<div class=\"article-meta\">\n<div class=\"author-bio\">\n<p>Caitlin McFall es reportero de Fox News Digital Cubting Politics, US y World News.<\/p>\n<\/div>\n<\/div>\n<\/div>\n\n","protected":false},"excerpt":{"rendered":"<p>El segundo mandato del presidente Donald Trump ha asumido al mundo en sus primeros 100 d\u00edas, dejando a los aliados y adversarios luchando para responder a las nuevas tarifas estadounidenses, las negociaciones de paz estancadas y la diplomacia de hardball de la Casa Blanca. En el sendero de la campa\u00f1a, se comprometi\u00f3 a golpear aliados &hellip;<\/p>\n","protected":false},"author":1,"featured_media":25036,"comment_status":"open","ping_status":"open","sticky":false,"template":"","format":"standard","meta":{"fifu_image_url":"https:\/\/static.foxnews.com\/foxnews.com\/content\/uploads\/2025\/01\/putin_trump_xi.png","fifu_image_alt":"","footnotes":""},"categories":[13],"tags":[],"class_list":["post-25034","post","type-post","status-publish","format-standard","has-post-thumbnail","","category-mundo"],"_links":{"self":[{"href":"https:\/\/noticiasveraces.com\/index.php?rest_route=\/wp\/v2\/posts\/25034","targetHints":{"allow":["GET"]}}],"collection":[{"href":"https:\/\/noticiasveraces.com\/index.php?rest_route=\/wp\/v2\/posts"}],"about":[{"href":"https:\/\/noticiasveraces.com\/index.php?rest_route=\/wp\/v2\/types\/post"}],"author":[{"embeddable":true,"href":"https:\/\/noticiasveraces.com\/index.php?rest_route=\/wp\/v2\/users\/1"}],"replies":[{"embeddable":true,"href":"https:\/\/noticiasveraces.com\/index.php?rest_route=%2Fwp%2Fv2%2Fcomments&post=25034"}],"version-history":[{"count":0,"href":"https:\/\/noticiasveraces.com\/index.php?rest_route=\/wp\/v2\/posts\/25034\/revisions"}],"wp:featuredmedia":[{"embeddable":true,"href":"https:\/\/noticiasveraces.com\/index.php?rest_route=\/wp\/v2\/media\/25036"}],"wp:attachment":[{"href":"https:\/\/noticiasveraces.com\/index.php?rest_route=%2Fwp%2Fv2%2Fmedia&parent=25034"}],"wp:term":[{"taxonomy":"category","embeddable":true,"href":"https:\/\/noticiasveraces.com\/index.php?rest_route=%2Fwp%2Fv2%2Fcategories&post=25034"},{"taxonomy":"post_tag","embeddable":true,"href":"https:\/\/noticiasveraces.com\/index.php?rest_route=%2Fwp%2Fv2%2Ftags&post=25034"}],"curies":[{"name":"wp","href":"https:\/\/api.w.org\/{rel}","templated":true}]}}