{"id":25031,"date":"2025-04-29T08:05:14","date_gmt":"2025-04-29T12:05:14","guid":{"rendered":"https:\/\/noticiasveraces.com\/?p=25031"},"modified":"2025-04-29T08:05:14","modified_gmt":"2025-04-29T12:05:14","slug":"el-equipo-de-biden-peso-un-discurso-para-lastimar-a-netanyahu-despues-de-que-el-acuerdo-de-alto-el-fuego-fallo-informe","status":"publish","type":"post","link":"https:\/\/noticiasveraces.com\/?p=25031","title":{"rendered":"El equipo de Biden pes\u00f3 un discurso para lastimar a Netanyahu despu\u00e9s de que el acuerdo de alto el fuego fall\u00f3: Informe"},"content":{"rendered":"<p> \n<\/p>\n<div>\n<p class=\"speakable\">Un nuevo informe de Bombshell sobre un programa de noticias de televisi\u00f3n israel\u00ed revel\u00f3 que los funcionarios de Biden discutieron la idea de trabajar para desencadenar una elecci\u00f3n con la esperanza de derrotar al primer ministro israel\u00ed Benjamin Netanyahu para poder impulsar el acuerdo de alto el fuego del presidente. <\/p>\n<p class=\"speakable\">El plan finalmente fue bloqueado por el presidente.<\/p>\n<p>Uno de los asesores del presidente en la regi\u00f3n dijo que despu\u00e9s de que el primer acuerdo de alto el fuego en la Guerra de Israel-Hamas se derrumb\u00f3, la idea de trabajar contra Netanyahu comenz\u00f3 a circular en la administraci\u00f3n del presidente Joe Biden, seg\u00fan los ex funcionarios de la Casa Blanca entrevistados en el Show 13 de Israel \u00abHamakor\u00bb.<\/p>\n<p>La idea flotada era que Biden pronunciar\u00eda un discurso directamente al p\u00fablico israel\u00ed, presentando dos opciones, seg\u00fan su asesor de Medio Oriente, Ilan Goldenberg. \u00abMucha gente estaba hablando, incluso en la Oficina Oval a veces, la idea de, como, el presidente saliendo y dando un discurso. Benny Gantz (el l\u00edder de la oposici\u00f3n) estaba a los 37 a\u00f1os. [seats] Y Bibi era como a los 15 a\u00f1os, \u00bfverdad? Como, \u00e9l era muy d\u00e9bil. Joe Biden todav\u00eda era incre\u00edblemente popular en Israel \u00ab, afirm\u00f3.<\/p>\n<p><strong>Biden critica a Netanyahu sobre la guerra de Israel-Hamas, dice el l\u00edder israel\u00ed que comete un \u00aberror\u00bb<\/strong><\/p>\n<div class=\"image-ct inline\">\n<div class=\"m\"><picture><source media=\"(max-width: 767px)\" srcset=\"https:\/\/a57.foxnews.com\/static.foxnews.com\/foxnews.com\/content\/uploads\/2024\/11\/343\/192\/netan-1.jpg?ve=1&amp;tl=1, https:\/\/a57.foxnews.com\/static.foxnews.com\/foxnews.com\/content\/uploads\/2024\/11\/686\/384\/netan-1.jpg?ve=1&amp;tl=1 2x\" height=\"192\" width=\"343\"><source media=\"(min-width: 768px) and (max-width: 1023px)\" srcset=\"https:\/\/a57.foxnews.com\/static.foxnews.com\/foxnews.com\/content\/uploads\/2024\/11\/672\/378\/netan-1.jpg?ve=1&amp;tl=1, https:\/\/a57.foxnews.com\/static.foxnews.com\/foxnews.com\/content\/uploads\/2024\/11\/1344\/756\/netan-1.jpg?ve=1&amp;tl=1 2x\" height=\"378\" width=\"672\"><source media=\"(min-width: 1024px) and (max-width: 1279px)\" srcset=\"https:\/\/a57.foxnews.com\/static.foxnews.com\/foxnews.com\/content\/uploads\/2024\/11\/931\/523\/netan-1.jpg?ve=1&amp;tl=1, https:\/\/a57.foxnews.com\/static.foxnews.com\/foxnews.com\/content\/uploads\/2024\/11\/1862\/1046\/netan-1.jpg?ve=1&amp;tl=1 2x\" height=\"523\" width=\"931\"><source media=\"(min-width: 1280px)\" srcset=\"https:\/\/a57.foxnews.com\/static.foxnews.com\/foxnews.com\/content\/uploads\/2024\/11\/720\/405\/netan-1.jpg?ve=1&amp;tl=1, https:\/\/a57.foxnews.com\/static.foxnews.com\/foxnews.com\/content\/uploads\/2024\/11\/1440\/810\/netan-1.jpg?ve=1&amp;tl=1 2x\" height=\"405\" width=\"720\"><img loading=\"lazy\" decoding=\"async\" src=\"https:\/\/a57.foxnews.com\/static.foxnews.com\/foxnews.com\/content\/uploads\/2024\/11\/1200\/675\/netan-1.jpg?ve=1&amp;tl=1\" alt=\"Netanyahu\" width=\"1200\" height=\"675\"\/><\/source><\/source><\/source><\/source><\/picture><\/div>\n<div class=\"info\">\n<div class=\"caption\">\n<p><span>El primer ministro israel\u00ed Benjamin Netanyahu se re\u00fane con los comandantes de las FDI en el corredor Netzarim en Gaza para discutir la actividad de Hamas el 19 de noviembre de 2024.<\/span> <span>(Foto proporcionada por TPS)<\/span><\/p>\n<\/div>\n<\/div>\n<\/div>\n<p>Goldenberg dijo: \u00abLa idea era que Biden dir\u00eda que puedes terminar la guerra, sacar a todos los rehenes, obtener un acuerdo que incluya incluso, ya sabes, tal vez tratar de que los elementos de Hamas se vayan, o puedes seguir haciendo lo que est\u00e1s haciendo, e Israel ser\u00e1 en una guerra para siempre. Sus hijos e hijas seguir\u00e1n luchando. La mayor\u00eda de los rehenes van a llegar a casa. Pol\u00edtica y ver si podr\u00edas activar las elecciones.<\/p>\n<p>Sin embargo, Goldenberg dijo que Biden bloque\u00f3 el movimiento. \u00abCreo que al final del d\u00eda [Biden] se sent\u00eda inc\u00f3modo con la idea de salir directamente contra Netanyahu \u00ab.<\/p>\n<p>En un momento en que la cooperaci\u00f3n estadounidense-israel\u00ed era vital, la profunda desconfianza y las tensiones personales entre el ex presidente Biden y el primer ministro Netanyahu amenazaron con descarrilar oportunidades diplom\u00e1ticas clave. El reciente informe cont\u00f3 con ideas de nueve funcionarios de la administraci\u00f3n Biden y arroja luz sobre las complejidades que definieron sus interacciones.<\/p>\n<div class=\"image-ct inline\">\n<div class=\"m\"><picture><source media=\"(max-width: 767px)\" srcset=\"https:\/\/a57.foxnews.com\/static.foxnews.com\/foxnews.com\/content\/uploads\/2024\/07\/343\/192\/biden-netanyahu-oval-office.jpg?ve=1&amp;tl=1, https:\/\/a57.foxnews.com\/static.foxnews.com\/foxnews.com\/content\/uploads\/2024\/07\/686\/384\/biden-netanyahu-oval-office.jpg?ve=1&amp;tl=1 2x\" height=\"192\" width=\"343\"><source media=\"(min-width: 768px) and (max-width: 1023px)\" srcset=\"https:\/\/a57.foxnews.com\/static.foxnews.com\/foxnews.com\/content\/uploads\/2024\/07\/672\/378\/biden-netanyahu-oval-office.jpg?ve=1&amp;tl=1, https:\/\/a57.foxnews.com\/static.foxnews.com\/foxnews.com\/content\/uploads\/2024\/07\/1344\/756\/biden-netanyahu-oval-office.jpg?ve=1&amp;tl=1 2x\" height=\"378\" width=\"672\"><source media=\"(min-width: 1024px) and (max-width: 1279px)\" srcset=\"https:\/\/a57.foxnews.com\/static.foxnews.com\/foxnews.com\/content\/uploads\/2024\/07\/931\/523\/biden-netanyahu-oval-office.jpg?ve=1&amp;tl=1, https:\/\/a57.foxnews.com\/static.foxnews.com\/foxnews.com\/content\/uploads\/2024\/07\/1862\/1046\/biden-netanyahu-oval-office.jpg?ve=1&amp;tl=1 2x\" height=\"523\" width=\"931\"><source media=\"(min-width: 1280px)\" srcset=\"https:\/\/a57.foxnews.com\/static.foxnews.com\/foxnews.com\/content\/uploads\/2024\/07\/720\/405\/biden-netanyahu-oval-office.jpg?ve=1&amp;tl=1, https:\/\/a57.foxnews.com\/static.foxnews.com\/foxnews.com\/content\/uploads\/2024\/07\/1440\/810\/biden-netanyahu-oval-office.jpg?ve=1&amp;tl=1 2x\" height=\"405\" width=\"720\"><img loading=\"lazy\" decoding=\"async\" src=\"https:\/\/a57.foxnews.com\/static.foxnews.com\/foxnews.com\/content\/uploads\/2024\/07\/1200\/675\/biden-netanyahu-oval-office.jpg?ve=1&amp;tl=1\" alt=\"US-Israel-Diplomacy-Pol\u00edtico-Biden-Netanyahu\" width=\"1200\" height=\"675\"\/><\/source><\/source><\/source><\/source><\/picture><\/div>\n<div class=\"info\">\n<div class=\"caption\">\n<p><span>El entonces presidente Joe Biden, a la derecha, se re\u00fane con el primer ministro israel\u00ed Benjamin Netanyahu en la Oficina Oval de la Casa Blanca en Washington, DC, el 25 de julio de 2024.<\/span> <span>(Jim Watson\/AFP a trav\u00e9s de Getty Images)<\/span><\/p>\n<\/div>\n<\/div>\n<\/div>\n<p>Tom Nides, ex embajador estadounidense en Israel, record\u00f3 c\u00f3mo el presidente se enfrentaba con frecuencia con el liderazgo de Netanyahu. <\/p>\n<p>\u00abBiden realmente no confiaba en Netanyahu\u00bb, dijo Nides. \u00abNetanyahu, quiero decir, vamos a todos, es un sobreviviente, un manipulador, ya sabes, un mago cuando se trata de relaciones. Biden vio todo eso\u00bb.<\/p>\n<p><strong>La elecci\u00f3n de Kamala Harris para el enlace jud\u00edo provoca cr\u00edticas sobre las opiniones de Israel, Ir\u00e1n: &#8216;Bandera roja&#8217;<\/strong><\/p>\n<p>Antes del 7 de octubre, las tensiones se centraron en el impulso de Netanyahu para la reforma judicial, que provoc\u00f3 manifestaciones y enfrentamientos masivos entre el p\u00fablico israel\u00ed. \u00abEstaba en medio de todo esto &#8230; Tuve muchos partidos de gritos con Ron Dermer (el Ministro de Asuntos Estrat\u00e9gicos de Israel) sobre esto\u00bb, dijo Nides. Biden inst\u00f3 repetidamente a Netanyahu a reducir la velocidad y buscar consenso, mientras que las ansiedades aumentaron sobre cifras como el ministro nacionalista de extrema derecha Ben Gvir. <\/p>\n<p>\u00abHubo muchas ansiedades sobre los problemas relacionados con la reforma judicial, lo que pens\u00e9 que era una locura\u00bb, dijo Nides.<\/p>\n<p>La tensi\u00f3n personal a veces estallaba p\u00fablicamente. Cuando se le pregunt\u00f3 si Biden alguna vez us\u00f3 un lenguaje duro para Netanyahu, Nides dijo: \u00abAl presidente a Biden, le gusta usar un lenguaje colorido y, en ocasiones, el primer ministro pudo extraer ese colorido lenguaje del presidente\u00bb. Dijo que Netanyahu cuestion\u00f3 el compromiso de Biden con Israel, particularmente lo enfureci\u00f3.<\/p>\n<div class=\"image-ct inline\">\n<div class=\"m\"><picture><source media=\"(max-width: 767px)\" srcset=\"https:\/\/a57.foxnews.com\/static.foxnews.com\/foxnews.com\/content\/uploads\/2023\/10\/343\/192\/Hamas-fighter.jpg?ve=1&amp;tl=1, https:\/\/a57.foxnews.com\/static.foxnews.com\/foxnews.com\/content\/uploads\/2023\/10\/686\/384\/Hamas-fighter.jpg?ve=1&amp;tl=1 2x\" height=\"192\" width=\"343\"><source media=\"(min-width: 768px) and (max-width: 1023px)\" srcset=\"https:\/\/a57.foxnews.com\/static.foxnews.com\/foxnews.com\/content\/uploads\/2023\/10\/672\/378\/Hamas-fighter.jpg?ve=1&amp;tl=1, https:\/\/a57.foxnews.com\/static.foxnews.com\/foxnews.com\/content\/uploads\/2023\/10\/1344\/756\/Hamas-fighter.jpg?ve=1&amp;tl=1 2x\" height=\"378\" width=\"672\"><source media=\"(min-width: 1024px) and (max-width: 1279px)\" srcset=\"https:\/\/a57.foxnews.com\/static.foxnews.com\/foxnews.com\/content\/uploads\/2023\/10\/931\/523\/Hamas-fighter.jpg?ve=1&amp;tl=1, https:\/\/a57.foxnews.com\/static.foxnews.com\/foxnews.com\/content\/uploads\/2023\/10\/1862\/1046\/Hamas-fighter.jpg?ve=1&amp;tl=1 2x\" height=\"523\" width=\"931\"><source media=\"(min-width: 1280px)\" srcset=\"https:\/\/a57.foxnews.com\/static.foxnews.com\/foxnews.com\/content\/uploads\/2023\/10\/720\/405\/Hamas-fighter.jpg?ve=1&amp;tl=1, https:\/\/a57.foxnews.com\/static.foxnews.com\/foxnews.com\/content\/uploads\/2023\/10\/1440\/810\/Hamas-fighter.jpg?ve=1&amp;tl=1 2x\" height=\"405\" width=\"720\"><img loading=\"lazy\" decoding=\"async\" src=\"https:\/\/a57.foxnews.com\/static.foxnews.com\/foxnews.com\/content\/uploads\/2023\/10\/1200\/675\/Hamas-fighter.jpg?ve=1&amp;tl=1\" alt=\"Terroristas de Hamas dentro de Israel durante el ataque\" width=\"1200\" height=\"675\"\/><\/source><\/source><\/source><\/source><\/picture><\/div>\n<div class=\"info\">\n<div class=\"caption\">\n<p><span>Esta imagen, hecha de im\u00e1genes de video de CodyCam sin fecha tomadas por un terrorista de Hamas ca\u00eddo y lanzada por las Fuerzas de Defensa de Israel, muestra a un terrorista de Hamas caminando por un vecindario residencial en un lugar no revelado en el sur de Israel. El ej\u00e9rcito de Israel reuni\u00f3 a un grupo de corresponsales extranjeros el lunes 16 de octubre de 2023 para evaluar un carrete de im\u00e1genes de 40 minutos compiladas del ataque de Hamas el 7 de octubre.<\/span> <span>(Fuerzas de Defensa de Israel a trav\u00e9s de AP)<\/span><\/p>\n<\/div>\n<\/div>\n<\/div>\n<p>Despu\u00e9s del 7 de octubre, cuando Biden se convirti\u00f3 en el primer presidente en ejercicio en visitar Israel durante la guerra, las tensiones se profundizaron cuando Netanyahu rechaz\u00f3 los planes de EE. UU. Para el futuro de Gaza. Seg\u00fan Michael Herzog, el entonces ambassador de Israel a Washington, Biden cre\u00eda que Netanyahu estaba ayudando a Trump pol\u00edticamente, mientras que Netanyahu sospechaba de Biden de \u00abcaminar sobre su cabeza\u00bb deliberadamente.<\/p>\n<p>La tensi\u00f3n se extendi\u00f3 a las negociaciones de rehenes. El asesor de seguridad nacional Jake Sullivan dijo que Hamas era reacio a hablar en serio durante meses. Cuando se le pregunt\u00f3 si Netanyahu agreg\u00f3 condiciones, dijo: \u00abNo estoy diciendo eso\u00bb.<\/p>\n<p>A diferencia de sus declaraciones p\u00fablicas, los l\u00edderes \u00e1rabes apoyaban silenciosamente los esfuerzos de Israel para derrotar a Hamas, Dan Shapiro, ex subsecretario de defensa adjunto, revel\u00f3 en la entrevista. \u00abDijeron muy claramente, d\u00edgale a los israel\u00edes que tienen nuestro apoyo para eliminar a Hamas\u00bb, dijo.<\/p>\n<p><strong>Haga clic aqu\u00ed para obtener la aplicaci\u00f3n Fox News<\/strong><\/p>\n<div class=\"image-ct inline\">\n<div class=\"m\"><picture><source media=\"(max-width: 767px)\" srcset=\"https:\/\/a57.foxnews.com\/static.foxnews.com\/foxnews.com\/content\/uploads\/2025\/02\/343\/192\/netanyahu-trump.jpg?ve=1&amp;tl=1, https:\/\/a57.foxnews.com\/static.foxnews.com\/foxnews.com\/content\/uploads\/2025\/02\/686\/384\/netanyahu-trump.jpg?ve=1&amp;tl=1 2x\" height=\"192\" width=\"343\"><source media=\"(min-width: 768px) and (max-width: 1023px)\" srcset=\"https:\/\/a57.foxnews.com\/static.foxnews.com\/foxnews.com\/content\/uploads\/2025\/02\/672\/378\/netanyahu-trump.jpg?ve=1&amp;tl=1, https:\/\/a57.foxnews.com\/static.foxnews.com\/foxnews.com\/content\/uploads\/2025\/02\/1344\/756\/netanyahu-trump.jpg?ve=1&amp;tl=1 2x\" height=\"378\" width=\"672\"><source media=\"(min-width: 1024px) and (max-width: 1279px)\" srcset=\"https:\/\/a57.foxnews.com\/static.foxnews.com\/foxnews.com\/content\/uploads\/2025\/02\/931\/523\/netanyahu-trump.jpg?ve=1&amp;tl=1, https:\/\/a57.foxnews.com\/static.foxnews.com\/foxnews.com\/content\/uploads\/2025\/02\/1862\/1046\/netanyahu-trump.jpg?ve=1&amp;tl=1 2x\" height=\"523\" width=\"931\"><source media=\"(min-width: 1280px)\" srcset=\"https:\/\/a57.foxnews.com\/static.foxnews.com\/foxnews.com\/content\/uploads\/2025\/02\/720\/405\/netanyahu-trump.jpg?ve=1&amp;tl=1, https:\/\/a57.foxnews.com\/static.foxnews.com\/foxnews.com\/content\/uploads\/2025\/02\/1440\/810\/netanyahu-trump.jpg?ve=1&amp;tl=1 2x\" height=\"405\" width=\"720\"><img loading=\"lazy\" decoding=\"async\" src=\"https:\/\/a57.foxnews.com\/static.foxnews.com\/foxnews.com\/content\/uploads\/2025\/02\/1200\/675\/netanyahu-trump.jpg?ve=1&amp;tl=1\" alt=\"Primer ministro israel\u00ed Benjamin Netanyahu y el presidente Donald Trump\" width=\"1200\" height=\"675\"\/><\/source><\/source><\/source><\/source><\/picture><\/div>\n<div class=\"info\">\n<div class=\"caption\">\n<p><span>El presidente Donald Trump y el primer ministro israel\u00ed Benjamin Netanyahu, se fueron en la Casa Blanca en Washington, DC, el 4 de febrero de 2025.<\/span> <span>(Anna Moneymaker\/Getty Images)<\/span><\/p>\n<\/div>\n<\/div>\n<\/div>\n<p>Al mismo tiempo, mientras las tensiones con Netanyahu estaban creciendo, una gran oportunidad se estaba escapando. Amos Hochstein, ex enviado especial de los Estados Unidos para Asuntos de Energ\u00eda Internacional, llam\u00f3 a Arabia Saudita \u00abel pa\u00eds musulm\u00e1n m\u00e1s importante del mundo\u00bb, que describe el pr\u00edncipe heredero Mohammed bin Salman como una figura hist\u00f3rica capaz de remodelar la regi\u00f3n. <\/p>\n<p>Herzog, el ex embajador de Israel en Washington, confirm\u00f3 que hab\u00edan tenido lugar serias discusiones sobre el avance de la normalizaci\u00f3n durante el per\u00edodo de transici\u00f3n antes de que Trump pudiera regresar al cargo. \u00abBiden traer\u00eda dem\u00f3cratas, y Trump traer\u00eda republicanos\u00bb, explic\u00f3 Herzog, pero dijo que Trump prefer\u00eda esperar, no querer compartir el logro. \u00abCreo que suceder\u00e1, simplemente no s\u00e9 cu\u00e1ndo\u00bb, dijo Herzog.<\/p>\n<p>Fox News Digital envi\u00f3 preguntas al portavoz del ex presidente Biden para hacer comentarios.<\/p>\n<p> <!----> <\/p>\n<div class=\"article-meta\">\n<div class=\"author-bio\">\n<p>Efrat Lachter es un reportero de investigaci\u00f3n y corresponsal de guerra. Su trabajo la ha llevado a 40 pa\u00edses, incluidos Ucrania, Rusia, Irak, Siria, Sud\u00e1n y Afganist\u00e1n. Recibi\u00f3 la Comunidad para el Periodismo 2024 Knight-Wallace para periodismo. Lachter se puede seguir en x @efratlachter.<\/p>\n<\/div>\n<\/div>\n<\/div>\n\n","protected":false},"excerpt":{"rendered":"<p>Un nuevo informe de Bombshell sobre un programa de noticias de televisi\u00f3n israel\u00ed revel\u00f3 que los funcionarios de Biden discutieron la idea de trabajar para desencadenar una elecci\u00f3n con la esperanza de derrotar al primer ministro israel\u00ed Benjamin Netanyahu para poder impulsar el acuerdo de alto el fuego del presidente. El plan finalmente fue bloqueado &hellip;<\/p>\n","protected":false},"author":1,"featured_media":25033,"comment_status":"open","ping_status":"open","sticky":false,"template":"","format":"standard","meta":{"fifu_image_url":"https:\/\/static.foxnews.com\/foxnews.com\/content\/uploads\/2024\/05\/biden-netanyahu.jpg","fifu_image_alt":"","footnotes":""},"categories":[13],"tags":[],"class_list":["post-25031","post","type-post","status-publish","format-standard","has-post-thumbnail","","category-mundo"],"_links":{"self":[{"href":"https:\/\/noticiasveraces.com\/index.php?rest_route=\/wp\/v2\/posts\/25031","targetHints":{"allow":["GET"]}}],"collection":[{"href":"https:\/\/noticiasveraces.com\/index.php?rest_route=\/wp\/v2\/posts"}],"about":[{"href":"https:\/\/noticiasveraces.com\/index.php?rest_route=\/wp\/v2\/types\/post"}],"author":[{"embeddable":true,"href":"https:\/\/noticiasveraces.com\/index.php?rest_route=\/wp\/v2\/users\/1"}],"replies":[{"embeddable":true,"href":"https:\/\/noticiasveraces.com\/index.php?rest_route=%2Fwp%2Fv2%2Fcomments&post=25031"}],"version-history":[{"count":0,"href":"https:\/\/noticiasveraces.com\/index.php?rest_route=\/wp\/v2\/posts\/25031\/revisions"}],"wp:featuredmedia":[{"embeddable":true,"href":"https:\/\/noticiasveraces.com\/index.php?rest_route=\/wp\/v2\/media\/25033"}],"wp:attachment":[{"href":"https:\/\/noticiasveraces.com\/index.php?rest_route=%2Fwp%2Fv2%2Fmedia&parent=25031"}],"wp:term":[{"taxonomy":"category","embeddable":true,"href":"https:\/\/noticiasveraces.com\/index.php?rest_route=%2Fwp%2Fv2%2Fcategories&post=25031"},{"taxonomy":"post_tag","embeddable":true,"href":"https:\/\/noticiasveraces.com\/index.php?rest_route=%2Fwp%2Fv2%2Ftags&post=25031"}],"curies":[{"name":"wp","href":"https:\/\/api.w.org\/{rel}","templated":true}]}}