{"id":25020,"date":"2025-04-29T07:04:46","date_gmt":"2025-04-29T11:04:46","guid":{"rendered":"https:\/\/noticiasveraces.com\/?p=25020"},"modified":"2025-04-29T07:04:46","modified_gmt":"2025-04-29T11:04:46","slug":"apagon-como-el-de-espana-seria-improbable-en-alemania-dw-29-04-2025","status":"publish","type":"post","link":"https:\/\/noticiasveraces.com\/?p=25020","title":{"rendered":"Apag\u00f3n como el de Espa\u00f1a ser\u00eda \u00abimprobable\u00bb en Alemania \u2013 DW \u2013 29\/04\/2025"},"content":{"rendered":"<p> \n<\/p>\n<div>\n<p>El presidente de la Agencia Federal de Redes alemana, Klaus M\u00fcller, considera improbable que en Alemania se de un apag\u00f3n similar al registrado en Espa\u00f1a, seg\u00fan dijo en declaraciones a la Primera Cadena de la Televisi\u00f3n Alemana (ARD).<\/p>\n<p>\u00abEs algo altamente improbable, las redes alemanas tienen una estructura redundante. Eso significa que cuando una conexi\u00f3n falla siempre hay una que la reemplaza\u00bb, explic\u00f3.<\/p>\n<p>Adem\u00e1s, seg\u00fan M\u00fcller, en la red alemana hay diversos sistemas de seguridad y recursos que permiten volver a ponerla en funcionamiento sin necesidad de suministro externo de energ\u00eda.<\/p>\n<figure class=\"placeholder-image master_landscape big\"><img data-format=\"MASTER_LANDSCAPE\" data-id=\"72380853\" data-url=\"https:\/\/static.dw.com\/image\/72380853_${formatId}.jpg\" data-aspect-ratio=\"16\/9\" alt=\"Un guardia vigila la entrada a la estaci\u00f3n subterr\u00e1nea de Atocha, en Madrid, clausurada durante el apag\u00f3n energ\u00e9tico que afect\u00f3 el transporte.\" style=\"padding-bottom: 56.25%; height: 0; max-height: 0;\"\/><figcaption class=\"img-caption\">Un guardia vigila la entrada a la estaci\u00f3n subterr\u00e1nea de Atocha, en Madrid, clausurada durante el apag\u00f3n energ\u00e9tico que afect\u00f3 el transporte.<small class=\"copyright\">Imagen: Manu Fern\u00e1ndez\/AP Photo\/Picture Alliance<\/small><\/figcaption><\/figure>\n<p>Los medios alemanes han destacado lo ocurrido en partes de Espa\u00f1a y Portugal y han se\u00f1alado que la causa del apag\u00f3n todav\u00eda no ha sido precisada.<\/p>\n<h2><strong>\u00bfQu\u00e9 tanto dependemos de la energ\u00eda como civilizaci\u00f3n?<\/strong><\/h2>\n<p>\u00abComo el apag\u00f3n ha paralizado a Espa\u00f1a y Portugal\u00bb, titula un art\u00edculo de este martes la revista \u00abDer Spiegel\u00bb.<\/p>\n<p>\u00abLa buena noticia es que en muchas regiones ha vuelto la electricidad. Pero hay preguntas sobre la causa del apag\u00f3n\u00bb, dice ese medio.<\/p>\n<p>El diario \u00abS\u00fcddeutsche Zeitung\u00bb dedica un an\u00e1lisis a lo ocurrido y dice que el apag\u00f3n obliga a preguntarnos si la civilizaci\u00f3n moderna est\u00e1 preparada para el caso de que de repente no haya electricidad.<\/p>\n<p>\u00abEso fue lo que ocurri\u00f3 el mi\u00e9rcoles a las 12:32 en Europa, un continente afortunado en el que la electricidad, la telefon\u00eda m\u00f3vil, las tarjetas de cr\u00e9dito y el wifi se consideran parte de la normalidad\u00bb, dice el art\u00edculo titulado \u00abUn aliento de cat\u00e1strofe\u00bb.<\/p>\n<p>el(EFE)<\/p>\n<\/div>\n\n","protected":false},"excerpt":{"rendered":"<p>El presidente de la Agencia Federal de Redes alemana, Klaus M\u00fcller, considera improbable que en Alemania se de un apag\u00f3n similar al registrado en Espa\u00f1a, seg\u00fan dijo en declaraciones a la Primera Cadena de la Televisi\u00f3n Alemana (ARD). \u00abEs algo altamente improbable, las redes alemanas tienen una estructura redundante. Eso significa que cuando una conexi\u00f3n &hellip;<\/p>\n","protected":false},"author":1,"featured_media":25021,"comment_status":"open","ping_status":"open","sticky":false,"template":"","format":"standard","meta":{"fifu_image_url":"https:\/\/static.dw.com\/image\/72384215_6.jpg","fifu_image_alt":"","footnotes":""},"categories":[13],"tags":[],"class_list":["post-25020","post","type-post","status-publish","format-standard","has-post-thumbnail","","category-mundo"],"_links":{"self":[{"href":"https:\/\/noticiasveraces.com\/index.php?rest_route=\/wp\/v2\/posts\/25020","targetHints":{"allow":["GET"]}}],"collection":[{"href":"https:\/\/noticiasveraces.com\/index.php?rest_route=\/wp\/v2\/posts"}],"about":[{"href":"https:\/\/noticiasveraces.com\/index.php?rest_route=\/wp\/v2\/types\/post"}],"author":[{"embeddable":true,"href":"https:\/\/noticiasveraces.com\/index.php?rest_route=\/wp\/v2\/users\/1"}],"replies":[{"embeddable":true,"href":"https:\/\/noticiasveraces.com\/index.php?rest_route=%2Fwp%2Fv2%2Fcomments&post=25020"}],"version-history":[{"count":0,"href":"https:\/\/noticiasveraces.com\/index.php?rest_route=\/wp\/v2\/posts\/25020\/revisions"}],"wp:featuredmedia":[{"embeddable":true,"href":"https:\/\/noticiasveraces.com\/index.php?rest_route=\/wp\/v2\/media\/25021"}],"wp:attachment":[{"href":"https:\/\/noticiasveraces.com\/index.php?rest_route=%2Fwp%2Fv2%2Fmedia&parent=25020"}],"wp:term":[{"taxonomy":"category","embeddable":true,"href":"https:\/\/noticiasveraces.com\/index.php?rest_route=%2Fwp%2Fv2%2Fcategories&post=25020"},{"taxonomy":"post_tag","embeddable":true,"href":"https:\/\/noticiasveraces.com\/index.php?rest_route=%2Fwp%2Fv2%2Ftags&post=25020"}],"curies":[{"name":"wp","href":"https:\/\/api.w.org\/{rel}","templated":true}]}}