{"id":25010,"date":"2025-04-29T06:03:04","date_gmt":"2025-04-29T10:03:04","guid":{"rendered":"https:\/\/noticiasveraces.com\/?p=25010"},"modified":"2025-04-29T06:03:04","modified_gmt":"2025-04-29T10:03:04","slug":"el-hombre-se-traslado-en-avion-del-monte-fuji-de-japon-rescatado-nuevamente-despues-de-que-regreso-para-buscar-su-telefono","status":"publish","type":"post","link":"https:\/\/noticiasveraces.com\/?p=25010","title":{"rendered":"El hombre se traslad\u00f3 en avi\u00f3n del monte Fuji de Jap\u00f3n rescatado nuevamente despu\u00e9s de que regres\u00f3 para buscar su tel\u00e9fono"},"content":{"rendered":"<p> \n<\/p>\n<div>\n<div class=\"article-gating gated-overlay show-gate\">\n<div class=\"article-gating-wrapper\">\n<p>\u00danase a Fox News para acceder a este contenido<\/p>\n<p>Has alcanzado su n\u00famero m\u00e1ximo de art\u00edculos. Inicie sesi\u00f3n o cree una cuenta de forma gratuita para continuar leyendo.<\/p>\n<div class=\"article-gating-legal tablet-desktop\">Al ingresar su correo electr\u00f3nico y presionar continuar, usted acepta los t\u00e9rminos de uso y la pol\u00edtica de privacidad de Fox News, que incluye nuestro aviso de incentivo financiero.\n    <\/div>\n<p><span>Por favor, introduce una direcci\u00f3n de correo electr\u00f3nico v\u00e1lida.<\/span><\/p>\n<footer class=\"article-gating-footer\">\u00bfTiene problemas? Haga clic aqu\u00ed.<\/footer>\n<\/div>\n<\/div>\n<p class=\"speakable\">Un escalador transmitido con una enfermedad de altitud desde cerca del pico del Monte Fuji de Jap\u00f3n la semana pasada fue rescatado nuevamente solo cuatro d\u00edas despu\u00e9s despu\u00e9s de regresar a la pendiente para recuperar su tel\u00e9fono celular, anunciaron las autoridades el lunes.<\/p>\n<p class=\"speakable\">El escalador, identificado solo como un estudiante chino de 27 a\u00f1os que viv\u00eda en Jap\u00f3n, hizo una llamada de emergencia el 22 de abril despu\u00e9s de desarrollar s\u00edntomas de altitud de altitud, dijo la polic\u00eda prefectura de Shizuoka. Sus planchas de escalada tambi\u00e9n fueron da\u00f1adas.<\/p>\n<p>Posteriormente, el hombre fue trasladado en avi\u00f3n de la monta\u00f1a.<\/p>\n<p><strong>El vuelo de American Airlines a Tokio desde Nueva York se desvi\u00f3 a Texas por &#8216;problema de mantenimiento&#8217;<\/strong><\/p>\n<div class=\"image-ct inline\">\n<div class=\"m\"><picture><source media=\"(max-width: 767px)\" srcset=\"https:\/\/a57.foxnews.com\/static.foxnews.com\/foxnews.com\/content\/uploads\/2025\/04\/343\/192\/mount-fuji.png?ve=1&amp;tl=1, https:\/\/a57.foxnews.com\/static.foxnews.com\/foxnews.com\/content\/uploads\/2025\/04\/686\/384\/mount-fuji.png?ve=1&amp;tl=1 2x\" height=\"192\" width=\"343\"><source media=\"(min-width: 768px) and (max-width: 1023px)\" srcset=\"https:\/\/a57.foxnews.com\/static.foxnews.com\/foxnews.com\/content\/uploads\/2025\/04\/672\/378\/mount-fuji.png?ve=1&amp;tl=1, https:\/\/a57.foxnews.com\/static.foxnews.com\/foxnews.com\/content\/uploads\/2025\/04\/1344\/756\/mount-fuji.png?ve=1&amp;tl=1 2x\" height=\"378\" width=\"672\"><source media=\"(min-width: 1024px) and (max-width: 1279px)\" srcset=\"https:\/\/a57.foxnews.com\/static.foxnews.com\/foxnews.com\/content\/uploads\/2025\/04\/931\/523\/mount-fuji.png?ve=1&amp;tl=1, https:\/\/a57.foxnews.com\/static.foxnews.com\/foxnews.com\/content\/uploads\/2025\/04\/1862\/1046\/mount-fuji.png?ve=1&amp;tl=1 2x\" height=\"523\" width=\"931\"><source media=\"(min-width: 1280px)\" srcset=\"https:\/\/a57.foxnews.com\/static.foxnews.com\/foxnews.com\/content\/uploads\/2025\/04\/720\/405\/mount-fuji.png?ve=1&amp;tl=1, https:\/\/a57.foxnews.com\/static.foxnews.com\/foxnews.com\/content\/uploads\/2025\/04\/1440\/810\/mount-fuji.png?ve=1&amp;tl=1 2x\" height=\"405\" width=\"720\"><img loading=\"lazy\" decoding=\"async\" src=\"https:\/\/a57.foxnews.com\/static.foxnews.com\/foxnews.com\/content\/uploads\/2025\/04\/1200\/675\/mount-fuji.png?ve=1&amp;tl=1\" alt=\"Monte Fuji\" width=\"1200\" height=\"675\"\/><\/source><\/source><\/source><\/source><\/picture><\/div>\n<div class=\"info\">\n<div class=\"caption\">\n<p><span>Un escalador transmitido desde cerca del pico del Monte Fuji de Jap\u00f3n la semana pasada fue rescatado de la pendiente nuevamente solo cuatro d\u00edas despu\u00e9s.<\/span> <span>(AP)<\/span><\/p>\n<\/div>\n<\/div>\n<\/div>\n<p>El s\u00e1bado, regres\u00f3 al sendero Fujinomiya de la monta\u00f1a ubicado a unos 10,000 pies sobre el nivel del mar, para buscar su tel\u00e9fono celular y otras pertenencias que dej\u00f3 cuando fue rescatado, dijo la polic\u00eda.<\/p>\n<p>Otro escalador lo encontr\u00f3 incapaz de moverse despu\u00e9s de que parec\u00eda desarrollar la enfermedad de la altitud por segunda vez.<\/p>\n<p>Las autoridades instaron a las personas a ser cautelosos con las duras condiciones en el pico m\u00e1s alto de Jap\u00f3n durante su temporada baja. La polic\u00eda dijo que la monta\u00f1a tiene bajas temperaturas y est\u00e1 cubierta de nieve, incluso en primavera.<\/p>\n<div class=\"image-ct inline\">\n<div class=\"m\"><picture><source media=\"(max-width: 767px)\" srcset=\"https:\/\/a57.foxnews.com\/static.foxnews.com\/foxnews.com\/content\/uploads\/2024\/05\/343\/192\/Fuji.png?ve=1&amp;tl=1, https:\/\/a57.foxnews.com\/static.foxnews.com\/foxnews.com\/content\/uploads\/2024\/05\/686\/384\/Fuji.png?ve=1&amp;tl=1 2x\" height=\"192\" width=\"343\"><source media=\"(min-width: 768px) and (max-width: 1023px)\" srcset=\"https:\/\/a57.foxnews.com\/static.foxnews.com\/foxnews.com\/content\/uploads\/2024\/05\/672\/378\/Fuji.png?ve=1&amp;tl=1, https:\/\/a57.foxnews.com\/static.foxnews.com\/foxnews.com\/content\/uploads\/2024\/05\/1344\/756\/Fuji.png?ve=1&amp;tl=1 2x\" height=\"378\" width=\"672\"><source media=\"(min-width: 1024px) and (max-width: 1279px)\" srcset=\"https:\/\/a57.foxnews.com\/static.foxnews.com\/foxnews.com\/content\/uploads\/2024\/05\/931\/523\/Fuji.png?ve=1&amp;tl=1, https:\/\/a57.foxnews.com\/static.foxnews.com\/foxnews.com\/content\/uploads\/2024\/05\/1862\/1046\/Fuji.png?ve=1&amp;tl=1 2x\" height=\"523\" width=\"931\"><source media=\"(min-width: 1280px)\" srcset=\"https:\/\/a57.foxnews.com\/static.foxnews.com\/foxnews.com\/content\/uploads\/2024\/05\/720\/405\/Fuji.png?ve=1&amp;tl=1, https:\/\/a57.foxnews.com\/static.foxnews.com\/foxnews.com\/content\/uploads\/2024\/05\/1440\/810\/Fuji.png?ve=1&amp;tl=1 2x\" height=\"405\" width=\"720\"><img loading=\"lazy\" decoding=\"async\" src=\"https:\/\/a57.foxnews.com\/static.foxnews.com\/foxnews.com\/content\/uploads\/2024\/05\/1200\/675\/Fuji.png?ve=1&amp;tl=1\" alt=\"Monte Fuji de Jap\u00f3n\" width=\"1200\" height=\"675\"\/><\/source><\/source><\/source><\/source><\/picture><\/div>\n<div class=\"info\">\n<div class=\"caption\">\n<p><span>El escalador fue identificado solo como un estudiante chino de 27 a\u00f1os que vive en Jap\u00f3n.<\/span> <span>(AP)<\/span><\/p>\n<\/div>\n<\/div>\n<\/div>\n<p>Las rutas de senderismo de la monta\u00f1a est\u00e1n oficialmente abiertas solo de julio a principios de septiembre, aunque no hay penalizaci\u00f3n por caminar fuera de temporada.<\/p>\n<p>Los escaladores tampoco enfrentar\u00e1n cargos o sanciones si necesitan ser rescatados, pero el caso del estudiante chino condujo a llamadas en l\u00ednea para que lo cobraran, al menos por su segundo rescate.<\/p>\n<p>En 2023, m\u00e1s de 220,000 personas subieron la monta\u00f1a entre julio y septiembre, seg\u00fan la BBC.<\/p>\n<p><strong>Hegseth anuncia un plan para las actualizaciones de comandos de EE. UU. En Jap\u00f3n para disuadir a China<\/strong><\/p>\n<div class=\"image-ct inline\">\n<div class=\"m\"><picture><source media=\"(max-width: 767px)\" srcset=\"https:\/\/a57.foxnews.com\/static.foxnews.com\/foxnews.com\/content\/uploads\/2025\/04\/343\/192\/mtfuji.png?ve=1&amp;tl=1, https:\/\/a57.foxnews.com\/static.foxnews.com\/foxnews.com\/content\/uploads\/2025\/04\/686\/384\/mtfuji.png?ve=1&amp;tl=1 2x\" height=\"192\" width=\"343\"><source media=\"(min-width: 768px) and (max-width: 1023px)\" srcset=\"https:\/\/a57.foxnews.com\/static.foxnews.com\/foxnews.com\/content\/uploads\/2025\/04\/672\/378\/mtfuji.png?ve=1&amp;tl=1, https:\/\/a57.foxnews.com\/static.foxnews.com\/foxnews.com\/content\/uploads\/2025\/04\/1344\/756\/mtfuji.png?ve=1&amp;tl=1 2x\" height=\"378\" width=\"672\"><source media=\"(min-width: 1024px) and (max-width: 1279px)\" srcset=\"https:\/\/a57.foxnews.com\/static.foxnews.com\/foxnews.com\/content\/uploads\/2025\/04\/931\/523\/mtfuji.png?ve=1&amp;tl=1, https:\/\/a57.foxnews.com\/static.foxnews.com\/foxnews.com\/content\/uploads\/2025\/04\/1862\/1046\/mtfuji.png?ve=1&amp;tl=1 2x\" height=\"523\" width=\"931\"><source media=\"(min-width: 1280px)\" srcset=\"https:\/\/a57.foxnews.com\/static.foxnews.com\/foxnews.com\/content\/uploads\/2025\/04\/720\/405\/mtfuji.png?ve=1&amp;tl=1, https:\/\/a57.foxnews.com\/static.foxnews.com\/foxnews.com\/content\/uploads\/2025\/04\/1440\/810\/mtfuji.png?ve=1&amp;tl=1 2x\" height=\"405\" width=\"720\"><img loading=\"lazy\" decoding=\"async\" src=\"https:\/\/a57.foxnews.com\/static.foxnews.com\/foxnews.com\/content\/uploads\/2025\/04\/1200\/675\/mtfuji.png?ve=1&amp;tl=1\" alt=\"Monte Fuji en Jap\u00f3n\" width=\"1200\" height=\"675\"\/><\/source><\/source><\/source><\/source><\/picture><\/div>\n<div class=\"info\">\n<div class=\"caption\">\n<p><span>Las rutas de senderismo de la monta\u00f1a est\u00e1n oficialmente abiertas solo de julio a principios de septiembre, aunque no hay penalizaci\u00f3n por caminar fuera de temporada.<\/span> <span>(Getty Images)<\/span><\/p>\n<\/div>\n<\/div>\n<\/div>\n<p><strong><u>Haga clic aqu\u00ed para obtener la aplicaci\u00f3n Fox News<\/u><\/strong><\/p>\n<p>La monta\u00f1a de 12,388 pies de altura fue designada como un sitio de patrimonio cultural mundial de la UNESCO en 2013. La monta\u00f1a sol\u00eda ser un lugar de peregrinaci\u00f3n y ahora es cada vez m\u00e1s popular entre los excursionistas.<\/p>\n<p>El a\u00f1o pasado, las autoridades locales intentaron controlar el hacinamiento y los riesgos de la escalada durante la noche a lo largo de las laderas rocosas para ver el amanecer introduciendo una tarifa de entrada y l\u00edmite en la cantidad de personas que pueden ingresar al sendero m\u00e1s popular. Se introducir\u00e1n reglas similares en otros senderos principales este a\u00f1o.<\/p>\n<p><i>Associated Press contribuy\u00f3 a este informe.<\/i><\/p>\n<\/div>\n\n","protected":false},"excerpt":{"rendered":"<p>\u00danase a Fox News para acceder a este contenido Has alcanzado su n\u00famero m\u00e1ximo de art\u00edculos. Inicie sesi\u00f3n o cree una cuenta de forma gratuita para continuar leyendo. Al ingresar su correo electr\u00f3nico y presionar continuar, usted acepta los t\u00e9rminos de uso y la pol\u00edtica de privacidad de Fox News, que incluye nuestro aviso de &hellip;<\/p>\n","protected":false},"author":1,"featured_media":25012,"comment_status":"open","ping_status":"open","sticky":false,"template":"","format":"standard","meta":{"fifu_image_url":"https:\/\/static.foxnews.com\/foxnews.com\/content\/uploads\/2025\/04\/mount-fuji.png","fifu_image_alt":"","footnotes":""},"categories":[13],"tags":[],"class_list":["post-25010","post","type-post","status-publish","format-standard","has-post-thumbnail","","category-mundo"],"_links":{"self":[{"href":"https:\/\/noticiasveraces.com\/index.php?rest_route=\/wp\/v2\/posts\/25010","targetHints":{"allow":["GET"]}}],"collection":[{"href":"https:\/\/noticiasveraces.com\/index.php?rest_route=\/wp\/v2\/posts"}],"about":[{"href":"https:\/\/noticiasveraces.com\/index.php?rest_route=\/wp\/v2\/types\/post"}],"author":[{"embeddable":true,"href":"https:\/\/noticiasveraces.com\/index.php?rest_route=\/wp\/v2\/users\/1"}],"replies":[{"embeddable":true,"href":"https:\/\/noticiasveraces.com\/index.php?rest_route=%2Fwp%2Fv2%2Fcomments&post=25010"}],"version-history":[{"count":0,"href":"https:\/\/noticiasveraces.com\/index.php?rest_route=\/wp\/v2\/posts\/25010\/revisions"}],"wp:featuredmedia":[{"embeddable":true,"href":"https:\/\/noticiasveraces.com\/index.php?rest_route=\/wp\/v2\/media\/25012"}],"wp:attachment":[{"href":"https:\/\/noticiasveraces.com\/index.php?rest_route=%2Fwp%2Fv2%2Fmedia&parent=25010"}],"wp:term":[{"taxonomy":"category","embeddable":true,"href":"https:\/\/noticiasveraces.com\/index.php?rest_route=%2Fwp%2Fv2%2Fcategories&post=25010"},{"taxonomy":"post_tag","embeddable":true,"href":"https:\/\/noticiasveraces.com\/index.php?rest_route=%2Fwp%2Fv2%2Ftags&post=25010"}],"curies":[{"name":"wp","href":"https:\/\/api.w.org\/{rel}","templated":true}]}}