{"id":24985,"date":"2025-04-28T23:56:06","date_gmt":"2025-04-29T03:56:06","guid":{"rendered":"https:\/\/noticiasveraces.com\/?p=24985"},"modified":"2025-04-28T23:56:06","modified_gmt":"2025-04-29T03:56:06","slug":"eleccion-de-canada-partido-liberal-proyectado-para-liderar-el-cuarto-gobierno-consecutivo","status":"publish","type":"post","link":"https:\/\/noticiasveraces.com\/?p=24985","title":{"rendered":"Elecci\u00f3n de Canad\u00e1: Partido Liberal proyectado para liderar el cuarto gobierno consecutivo"},"content":{"rendered":"<p> \n<\/p>\n<div>\n<p class=\"speakable\">Se proyecta que el Partido Liberal de Canad\u00e1 gane las elecciones federales del pa\u00eds por cuarto tiempo consecutivo.<\/p>\n<p class=\"speakable\">Los liberales est\u00e1n dirigidos por el primer ministro canadiense Mark Carney, quien asumi\u00f3 el cargo de que Justin Trudeau renunci\u00f3.<\/p>\n<p>Al final del lunes, el Partido Liberal tambi\u00e9n lideraba con 137 esca\u00f1os ganados en el Parlamento en lugar de los 98 esca\u00f1os en poder del Partido Conservador.<\/p>\n<p>Una fiesta necesita ganar 172 asientos para celebrar la mayor\u00eda. <\/p>\n<div class=\"image-ct inline\">\n<div class=\"m\"><picture><source media=\"(max-width: 767px)\" srcset=\"https:\/\/a57.foxnews.com\/static.foxnews.com\/foxnews.com\/content\/uploads\/2025\/03\/343\/192\/mark-carney-1.jpg?ve=1&amp;tl=1, https:\/\/a57.foxnews.com\/static.foxnews.com\/foxnews.com\/content\/uploads\/2025\/03\/686\/384\/mark-carney-1.jpg?ve=1&amp;tl=1 2x\" height=\"192\" width=\"343\"><source media=\"(min-width: 768px) and (max-width: 1023px)\" srcset=\"https:\/\/a57.foxnews.com\/static.foxnews.com\/foxnews.com\/content\/uploads\/2025\/03\/672\/378\/mark-carney-1.jpg?ve=1&amp;tl=1, https:\/\/a57.foxnews.com\/static.foxnews.com\/foxnews.com\/content\/uploads\/2025\/03\/1344\/756\/mark-carney-1.jpg?ve=1&amp;tl=1 2x\" height=\"378\" width=\"672\"><source media=\"(min-width: 1024px) and (max-width: 1279px)\" srcset=\"https:\/\/a57.foxnews.com\/static.foxnews.com\/foxnews.com\/content\/uploads\/2025\/03\/931\/523\/mark-carney-1.jpg?ve=1&amp;tl=1, https:\/\/a57.foxnews.com\/static.foxnews.com\/foxnews.com\/content\/uploads\/2025\/03\/1862\/1046\/mark-carney-1.jpg?ve=1&amp;tl=1 2x\" height=\"523\" width=\"931\"><source media=\"(min-width: 1280px)\" srcset=\"https:\/\/a57.foxnews.com\/static.foxnews.com\/foxnews.com\/content\/uploads\/2025\/03\/720\/405\/mark-carney-1.jpg?ve=1&amp;tl=1, https:\/\/a57.foxnews.com\/static.foxnews.com\/foxnews.com\/content\/uploads\/2025\/03\/1440\/810\/mark-carney-1.jpg?ve=1&amp;tl=1 2x\" height=\"405\" width=\"720\"><img loading=\"lazy\" decoding=\"async\" src=\"https:\/\/a57.foxnews.com\/static.foxnews.com\/foxnews.com\/content\/uploads\/2025\/03\/1200\/675\/mark-carney-1.jpg?ve=1&amp;tl=1\" alt=\"Canad\u00e1, primer ministro, Mark Carney\" width=\"1200\" height=\"675\"\/><\/source><\/source><\/source><\/source><\/picture><\/div>\n<div class=\"info\">\n<div class=\"caption\">\n<p><span>Los liberales, bajo el primer ministro canadiense Mark Carney, liderar\u00e1n un cuarto gobierno consecutivo.<\/span> <span>(Adrian Wyld\/The Canadian Press a trav\u00e9s de AP)<\/span><\/p>\n<\/div>\n<\/div>\n<\/div>\n<p><i>Esta es una noticia de \u00faltima hora. Vuelva a consultar las actualizaciones.<\/i><\/p>\n<p> <!----> <\/div>\n\n","protected":false},"excerpt":{"rendered":"<p>Se proyecta que el Partido Liberal de Canad\u00e1 gane las elecciones federales del pa\u00eds por cuarto tiempo consecutivo. Los liberales est\u00e1n dirigidos por el primer ministro canadiense Mark Carney, quien asumi\u00f3 el cargo de que Justin Trudeau renunci\u00f3. Al final del lunes, el Partido Liberal tambi\u00e9n lideraba con 137 esca\u00f1os ganados en el Parlamento en &hellip;<\/p>\n","protected":false},"author":1,"featured_media":24987,"comment_status":"open","ping_status":"open","sticky":false,"template":"","format":"standard","meta":{"fifu_image_url":"https:\/\/static.foxnews.com\/foxnews.com\/content\/uploads\/2025\/03\/mark-carney-1.jpg","fifu_image_alt":"","footnotes":""},"categories":[13],"tags":[],"class_list":["post-24985","post","type-post","status-publish","format-standard","has-post-thumbnail","","category-mundo"],"_links":{"self":[{"href":"https:\/\/noticiasveraces.com\/index.php?rest_route=\/wp\/v2\/posts\/24985","targetHints":{"allow":["GET"]}}],"collection":[{"href":"https:\/\/noticiasveraces.com\/index.php?rest_route=\/wp\/v2\/posts"}],"about":[{"href":"https:\/\/noticiasveraces.com\/index.php?rest_route=\/wp\/v2\/types\/post"}],"author":[{"embeddable":true,"href":"https:\/\/noticiasveraces.com\/index.php?rest_route=\/wp\/v2\/users\/1"}],"replies":[{"embeddable":true,"href":"https:\/\/noticiasveraces.com\/index.php?rest_route=%2Fwp%2Fv2%2Fcomments&post=24985"}],"version-history":[{"count":0,"href":"https:\/\/noticiasveraces.com\/index.php?rest_route=\/wp\/v2\/posts\/24985\/revisions"}],"wp:featuredmedia":[{"embeddable":true,"href":"https:\/\/noticiasveraces.com\/index.php?rest_route=\/wp\/v2\/media\/24987"}],"wp:attachment":[{"href":"https:\/\/noticiasveraces.com\/index.php?rest_route=%2Fwp%2Fv2%2Fmedia&parent=24985"}],"wp:term":[{"taxonomy":"category","embeddable":true,"href":"https:\/\/noticiasveraces.com\/index.php?rest_route=%2Fwp%2Fv2%2Fcategories&post=24985"},{"taxonomy":"post_tag","embeddable":true,"href":"https:\/\/noticiasveraces.com\/index.php?rest_route=%2Fwp%2Fv2%2Ftags&post=24985"}],"curies":[{"name":"wp","href":"https:\/\/api.w.org\/{rel}","templated":true}]}}