{"id":24977,"date":"2025-04-28T22:55:11","date_gmt":"2025-04-29T02:55:11","guid":{"rendered":"https:\/\/noticiasveraces.com\/?p=24977"},"modified":"2025-04-28T22:55:11","modified_gmt":"2025-04-29T02:55:11","slug":"electricidad-vuelve-a-espana-y-portugal-tras-apagon-masivo-dw-29-04-2025","status":"publish","type":"post","link":"https:\/\/noticiasveraces.com\/?p=24977","title":{"rendered":"Electricidad vuelve a Espa\u00f1a y Portugal tras apag\u00f3n masivo \u2013 DW \u2013 29\/04\/2025"},"content":{"rendered":"<p> \n<\/p>\n<div>\n<p>La electricidad iba regresando progresivamente la noche del lunes (28.04.2025) en Espa\u00f1a y Portugal, tras largas horas de un apag\u00f3n el\u00e9ctrico masivo, de origen desconocido, que se inici\u00f3 despu\u00e9s del mediod\u00eda dando paso a una jornada ca\u00f3tica en la pen\u00ednsula ib\u00e9rica.<\/p>\n<p>\u00abRecuperado ya el 61,35% de la demanda\u00bb en Espa\u00f1a peninsular, indic\u00f3 la Red El\u00e9ctrica en la medianoche del lunes al martes, en un mensaje en X.<\/p>\n<p>Poco antes, el presidente del gobierno espa\u00f1ol, Pedro S\u00e1nchez, hab\u00eda reconocido que no se pod\u00eda decir \u00aba\u00fan con certeza\u00bb cu\u00e1ndo se llegar\u00e1 al 100%.<\/p>\n<p>La electricidad, mientras, comenzaba a llegar a varios barrios de Madrid o Lisboa, donde era recibida con aplausos y algarab\u00eda por los vecinos, seg\u00fan constataron periodistas y otras personas que publicaron videos en las redes sociales.<\/p>\n<blockquote class=\"tweet embed\" data-id=\"1917008972134953247\"\/>\n<h2>Algo nunca visto en esos pa\u00edses<\/h2>\n<p>Esta \u00absituaci\u00f3n grave e in\u00e9dita\u00bb deber\u00eda solucionarse en las pr\u00f3ximas horas en Portugal, indic\u00f3 el primer ministro Luis Montenegro, que consider\u00f3 que el origen de la aver\u00eda estar\u00eda \u00abprobablemente en Espa\u00f1a\u00bb.<\/p>\n<p><span data-slot-id=\"Article_InContent-1\" class=\"rich-text-ad\"\/><\/p>\n<p>Media hora despu\u00e9s del mediod\u00eda, gran parte de la pen\u00ednsula ib\u00e9rica se qued\u00f3 sin energ\u00eda. De repente, los celulares perdieron se\u00f1al, los aparatos electr\u00f3nicos se desconectaron, y los ascensores y trenes se pararon.<\/p>\n<p>Confusas y preocupadas, muchas personas salieron a las calles de ciudades como Madrid o Barcelona tratando de encontrar respuestas a una desconexi\u00f3n que se prolong\u00f3 durante horas.<\/p>\n<figure class=\"placeholder-image master_landscape big\"><img data-format=\"MASTER_LANDSCAPE\" data-id=\"72380650\" data-url=\"https:\/\/static.dw.com\/image\/72380650_${formatId}.jpg\" data-aspect-ratio=\"16\/9\" alt=\"Personal m\u00e9dico de un hospital de Pamplona, Espa\u00f1a, reubica a pacientes durante el apag\u00f3n masivo del lunes (28.04.2025)\" style=\"padding-bottom: 56.25%; height: 0; max-height: 0;\"\/><figcaption class=\"img-caption\">Personal m\u00e9dico de un hospital de Pamplona, Espa\u00f1a, reubica a pacientes durante el apag\u00f3n masivo del lunes (28.04.2025)<small class=\"copyright\">Imagen: Miguel Oses\/AP Photo\/Picture Alliance<\/small><\/figcaption><\/figure>\n<h2>Servicios recuperan normallidad<\/h2>\n<p>A la madrugada (local) del martes, Espa\u00f1a hab\u00eda recuperado ya el 82,4 % de la demanda energ\u00e9tica en las comunidades aut\u00f3nomas peninsulares afectadas por el gran apag\u00f3n.<\/p>\n<p>Este martes, el rey Felipe VI presidir\u00e1 por la ma\u00f1ana en la sede del Gobierno espa\u00f1ol, el Palacio de la Moncloa, la reuni\u00f3n del Consejo de Seguridad Nacional por el gran apag\u00f3n.<\/p>\n<p>Los pasajeros de varios trenes han tenido que ser rescatados y muchas de las estaciones permanecer\u00e1n abiertas durante toda la madrugada para dar cobijo a los viajeros.<\/p>\n<p>El tr\u00e1fico portuario est\u00e1 funcionando con normalidad, y el a\u00e9reo ha sufrido algunos retrasos y cancelaciones, ha proseguido, con solo 300 vuelos anulados de los 6.000 programados en toda Espa\u00f1a.<\/p>\n<p>Del mismo modo, no ha rese\u00f1ado incidencias en las carreteras, m\u00e1s all\u00e1 de los grandes atascos durante la jornada, y ha apuntado que el principal problema sigue siendo el transporte ferroviario, donde se ha auxiliado a unos 35.000 pasajeros atrapados en convoyes.<\/p>\n<p>GS (AFP, Efe)<\/p>\n<\/div>\n\n","protected":false},"excerpt":{"rendered":"<p>La electricidad iba regresando progresivamente la noche del lunes (28.04.2025) en Espa\u00f1a y Portugal, tras largas horas de un apag\u00f3n el\u00e9ctrico masivo, de origen desconocido, que se inici\u00f3 despu\u00e9s del mediod\u00eda dando paso a una jornada ca\u00f3tica en la pen\u00ednsula ib\u00e9rica. \u00abRecuperado ya el 61,35% de la demanda\u00bb en Espa\u00f1a peninsular, indic\u00f3 la Red El\u00e9ctrica &hellip;<\/p>\n","protected":false},"author":1,"featured_media":24978,"comment_status":"open","ping_status":"open","sticky":false,"template":"","format":"standard","meta":{"fifu_image_url":"https:\/\/static.dw.com\/image\/72380827_6.jpg","fifu_image_alt":"","footnotes":""},"categories":[13],"tags":[],"class_list":["post-24977","post","type-post","status-publish","format-standard","has-post-thumbnail","","category-mundo"],"_links":{"self":[{"href":"https:\/\/noticiasveraces.com\/index.php?rest_route=\/wp\/v2\/posts\/24977","targetHints":{"allow":["GET"]}}],"collection":[{"href":"https:\/\/noticiasveraces.com\/index.php?rest_route=\/wp\/v2\/posts"}],"about":[{"href":"https:\/\/noticiasveraces.com\/index.php?rest_route=\/wp\/v2\/types\/post"}],"author":[{"embeddable":true,"href":"https:\/\/noticiasveraces.com\/index.php?rest_route=\/wp\/v2\/users\/1"}],"replies":[{"embeddable":true,"href":"https:\/\/noticiasveraces.com\/index.php?rest_route=%2Fwp%2Fv2%2Fcomments&post=24977"}],"version-history":[{"count":0,"href":"https:\/\/noticiasveraces.com\/index.php?rest_route=\/wp\/v2\/posts\/24977\/revisions"}],"wp:featuredmedia":[{"embeddable":true,"href":"https:\/\/noticiasveraces.com\/index.php?rest_route=\/wp\/v2\/media\/24978"}],"wp:attachment":[{"href":"https:\/\/noticiasveraces.com\/index.php?rest_route=%2Fwp%2Fv2%2Fmedia&parent=24977"}],"wp:term":[{"taxonomy":"category","embeddable":true,"href":"https:\/\/noticiasveraces.com\/index.php?rest_route=%2Fwp%2Fv2%2Fcategories&post=24977"},{"taxonomy":"post_tag","embeddable":true,"href":"https:\/\/noticiasveraces.com\/index.php?rest_route=%2Fwp%2Fv2%2Ftags&post=24977"}],"curies":[{"name":"wp","href":"https:\/\/api.w.org\/{rel}","templated":true}]}}