{"id":24959,"date":"2025-04-28T21:43:08","date_gmt":"2025-04-29T01:43:08","guid":{"rendered":"https:\/\/noticiasveraces.com\/?p=24959"},"modified":"2025-04-28T21:43:08","modified_gmt":"2025-04-29T01:43:08","slug":"una-mirada-interna-a-la-prision-de-el-salvador-donde-kilmar-abrego-garcia-fue-trasladado-despues-del-sitio-de-supermax","status":"publish","type":"post","link":"https:\/\/noticiasveraces.com\/?p=24959","title":{"rendered":"Una mirada interna a la prisi\u00f3n de El Salvador donde Kilmar Abrego Garc\u00eda fue trasladado despu\u00e9s del sitio de Supermax"},"content":{"rendered":"<p> \n<\/p>\n<div>\n<p class=\"body-graf\">SANTA ANA, El Salvador-La extensa penitenciar\u00eda donde se conoc\u00eda a Kilmar Abrego Garc\u00eda, por \u00faltima vez, que se mantiene ofrece un fuerte contraste con la mega prisi\u00f3n de Supermax a la que fue deportado por primera vez. <\/p>\n<p class=\"body-graf\">En lugar de miembros de pandillas tatuados en celdas brillantes y llenas de gente, los reclusos en la prisi\u00f3n industrial del Centro en Santa Ana usan camisetas amarillas y se mueven m\u00e1s o menos libremente. Algunos pasan gran parte de su tiempo al aire libre criando vacas lecheras y cultivando verduras. Otros trabajan en f\u00e1bricas haciendo uniformes para las fuerzas armadas o escritorios para las escuelas p\u00fablicas. <\/p>\n<p class=\"body-graf\">El gobierno llama a estos \u00abreclusos de confianza\u00bb: han exhibido un buen comportamiento y est\u00e1n en los \u00faltimos a\u00f1os de sus oraciones. Y la prisi\u00f3n excluye categ\u00f3ricamente a cualquier persona acusada de pertenecer a una pandilla. <\/p>\n<figure class=\"styles_inlineImage__FvnTh styles_medium__MEKii\"><picture class=\"styles_image__i32F7\" data-testid=\"picture\"><source media=\"(min-width: 1000px)\" srcset=\"https:\/\/media-cldnry.s-nbcnews.com\/image\/upload\/t_fit-560w,f_avif,q_auto:eco,dpr_2\/rockcms\/2025-04\/250428-Santa-Ana-El-Salvador-Centro-Industrial-prison-Inmate-feeding-baby-cow-ac-836p-b04178.jpg 2x, https:\/\/media-cldnry.s-nbcnews.com\/image\/upload\/t_fit-560w,f_auto,q_auto:best\/rockcms\/2025-04\/250428-Santa-Ana-El-Salvador-Centro-Industrial-prison-Inmate-feeding-baby-cow-ac-836p-b04178.jpg 1x\"\/><source media=\"(min-width: 320px)\" srcset=\"https:\/\/media-cldnry.s-nbcnews.com\/image\/upload\/t_fit-760w,f_avif,q_auto:eco,dpr_2\/rockcms\/2025-04\/250428-Santa-Ana-El-Salvador-Centro-Industrial-prison-Inmate-feeding-baby-cow-ac-836p-b04178.jpg 2x, https:\/\/media-cldnry.s-nbcnews.com\/image\/upload\/t_fit-760w,f_auto,q_auto:best\/rockcms\/2025-04\/250428-Santa-Ana-El-Salvador-Centro-Industrial-prison-Inmate-feeding-baby-cow-ac-836p-b04178.jpg 1x\"\/><img decoding=\"async\" loading=\"lazy\" src=\"https:\/\/media-cldnry.s-nbcnews.com\/image\/upload\/t_fit-760w,f_auto,q_auto:best\/rockcms\/2025-04\/250428-Santa-Ana-El-Salvador-Centro-Industrial-prison-Inmate-feeding-baby-cow-ac-836p-b04178.jpg\" alt=\"Centro Industrial prison in Santa Ana el salvador\" height=\"1667\" width=\"2500\"\/><\/picture><figcaption class=\"caption styles_caption__TCewG\" data-testid=\"caption\"><span class=\"caption__container\" data-testid=\"caption__container\">Un imate alimenta a una vaca beb\u00e9 en la prisi\u00f3n industrial del centro en Santa Ana El Salvador, en abril de 2025. <\/span><span class=\"caption__source\" data-testid=\"caption__source\">Noticias de NBC<\/span><\/figcaption><\/figure>\n<p class=\"body-graf\">\u00abSolo alberguamos a la poblaci\u00f3n com\u00fan\u00bb, dijo Samuel D\u00edaz, director y director de la prisi\u00f3n. \u00abNing\u00fan miembro de pandillas trabaja aqu\u00ed\u00bb.<\/p>\n<p class=\"body-graf\">NBC News obtuvo acceso el lunes al Centro Industrial en Santa Ana en una gira cuidadosamente coreografiada. Las autoridades no proporcionaron acceso a Abrego Garc\u00eda, y no respond\u00edan preguntas sobre su ubicaci\u00f3n, las condiciones de su detenci\u00f3n o cualquier otro aspecto de su caso. Pero facilitaron entrevistas con otros reclusos, quienes describieron las condiciones en la prisi\u00f3n como \u00abperfectas\u00bb y \u00abexcelentes\u00bb.<\/p>\n<p class=\"body-graf\">La Corte Suprema orden\u00f3 a la administraci\u00f3n Trump que \u00abfacilitara\u00bb el regreso de Abrego Garc\u00eda, un hombre de Maryland que el Departamento de Justicia ha reconocido no deber\u00eda haber sido enviado a una prisi\u00f3n en su natal El Salvador debido a la orden de un juez de inmigraci\u00f3n en 2019 que proh\u00edbe dicha acci\u00f3n.<\/p>\n<p class=\"body-graf\">Para los defensores de los derechos humanos en El Salvador y los Estados Unidos, los detalles de la transferencia de Abrego Garc\u00eda: desde el Centro de Confinamiento del Terrorismo, o Cecot, una prisi\u00f3n de Supermax espec\u00edficamente dise\u00f1ada para miembros de pandillas, hasta una prisi\u00f3n de baja seguridad desde la cual se excluyen los miembros de las pandillas, se excluye una reclamaci\u00f3n central hecha por ambos gobiernos: que Abrego Gumpia es un miembro peligroso de MS-13 y un terrorista de terrorista. (Su esposa y su abogado niegan esas acusaciones).<\/p>\n<figure class=\"styles_inlineImage__FvnTh styles_medium__MEKii\"><picture class=\"styles_image__i32F7\" data-testid=\"picture\"><source media=\"(min-width: 1000px)\" srcset=\"https:\/\/media-cldnry.s-nbcnews.com\/image\/upload\/t_fit-560w,f_avif,q_auto:eco,dpr_2\/rockcms\/2025-04\/250428-Santa-Ana-El-Salvador-Centro-Industrial-prison-inmates-art-program-ac-831p-c5d432.jpg 2x, https:\/\/media-cldnry.s-nbcnews.com\/image\/upload\/t_fit-560w,f_auto,q_auto:best\/rockcms\/2025-04\/250428-Santa-Ana-El-Salvador-Centro-Industrial-prison-inmates-art-program-ac-831p-c5d432.jpg 1x\"\/><source media=\"(min-width: 320px)\" srcset=\"https:\/\/media-cldnry.s-nbcnews.com\/image\/upload\/t_fit-760w,f_avif,q_auto:eco,dpr_2\/rockcms\/2025-04\/250428-Santa-Ana-El-Salvador-Centro-Industrial-prison-inmates-art-program-ac-831p-c5d432.jpg 2x, https:\/\/media-cldnry.s-nbcnews.com\/image\/upload\/t_fit-760w,f_auto,q_auto:best\/rockcms\/2025-04\/250428-Santa-Ana-El-Salvador-Centro-Industrial-prison-inmates-art-program-ac-831p-c5d432.jpg 1x\"\/><img decoding=\"async\" loading=\"lazy\" src=\"https:\/\/media-cldnry.s-nbcnews.com\/image\/upload\/t_fit-760w,f_auto,q_auto:best\/rockcms\/2025-04\/250428-Santa-Ana-El-Salvador-Centro-Industrial-prison-inmates-art-program-ac-831p-c5d432.jpg\" alt=\"Centro Industrial prison in Santa Ana el salvador\" height=\"1667\" width=\"2500\"\/><\/picture><figcaption class=\"caption styles_caption__TCewG\" data-testid=\"caption\"><span class=\"caption__container\" data-testid=\"caption__container\">Centro Industrial es Santa Ana, El Salvador.<\/span><span class=\"caption__source\" data-testid=\"caption__source\">Noticias de NBC<\/span><\/figcaption><\/figure>\n<p class=\"body-graf\">El paradero preciso de Abrego Garc\u00eda y la condici\u00f3n siguen siendo desconocidos. Desde su deportaci\u00f3n, a Abrego Garc\u00eda no se le ha permitido ning\u00fan contacto con su familia o abogados. En una reuni\u00f3n con el senador dem\u00f3crata Chris Van Hollen el 17 de abril (la \u00fanica vez que ha sido visto desde su deportaci\u00f3n), Abrego Garc\u00eda dijo que hab\u00eda sido transferido fuera de Cecot a una instalaci\u00f3n diferente. Los documentos presentados en el Tribunal Federal por el Departamento de Justicia de los Estados Unidos el 20 de abril confirmaron posteriormente que la instalaci\u00f3n de ser el Centro Industrial en Santa Ana. No ha habido actualizaciones desde entonces. <\/p>\n<p class=\"body-graf\">Desde esa perspectiva, la transferencia de Abrego Garc\u00eda fuera de Cecot es preocupante, dijo Gabriela Santos, directora del Instituto de Derechos Humanos de la Universidad Central Americana en San Salvador. <\/p>\n<p class=\"body-graf\">\u00ab\u00bfPor qu\u00e9 se mud\u00f3?\u00bb Santos dijo. \u00ab\u00bfY d\u00f3nde est\u00e1n todos los otros migrantes que fueron tra\u00eddos aqu\u00ed, \u00bfest\u00e1n en Cecot o se les pone en diferentes c\u00e1rceles en El Salvador?\u00bb <\/p>\n<figure class=\"styles_inlineImage__FvnTh styles_medium__MEKii\"><picture class=\"styles_image__i32F7\" data-testid=\"picture\"><source media=\"(min-width: 1000px)\" srcset=\"https:\/\/media-cldnry.s-nbcnews.com\/image\/upload\/t_fit-560w,f_avif,q_auto:eco,dpr_2\/rockcms\/2025-04\/250428-Santa-Ana-el-salvador-Centro-Industrial-Prison-ac-834p-7c01c2.jpg 2x, https:\/\/media-cldnry.s-nbcnews.com\/image\/upload\/t_fit-560w,f_auto,q_auto:best\/rockcms\/2025-04\/250428-Santa-Ana-el-salvador-Centro-Industrial-Prison-ac-834p-7c01c2.jpg 1x\"\/><source media=\"(min-width: 320px)\" srcset=\"https:\/\/media-cldnry.s-nbcnews.com\/image\/upload\/t_fit-760w,f_avif,q_auto:eco,dpr_2\/rockcms\/2025-04\/250428-Santa-Ana-el-salvador-Centro-Industrial-Prison-ac-834p-7c01c2.jpg 2x, https:\/\/media-cldnry.s-nbcnews.com\/image\/upload\/t_fit-760w,f_auto,q_auto:best\/rockcms\/2025-04\/250428-Santa-Ana-el-salvador-Centro-Industrial-Prison-ac-834p-7c01c2.jpg 1x\"\/><img decoding=\"async\" loading=\"lazy\" src=\"https:\/\/media-cldnry.s-nbcnews.com\/image\/upload\/t_fit-760w,f_auto,q_auto:best\/rockcms\/2025-04\/250428-Santa-Ana-el-salvador-Centro-Industrial-Prison-ac-834p-7c01c2.jpg\" alt=\"Centro Industrial prison in Santa Ana el salvador\" height=\"1667\" width=\"2500\"\/><\/picture><figcaption class=\"caption styles_caption__TCewG\" data-testid=\"caption\"><span class=\"caption__container\" data-testid=\"caption__container\">Los reclusos usan m\u00e1quinas de coser en la prisi\u00f3n industrial del centro en Santa Ana, El Salvador, en abril de 2025.<\/span><span class=\"caption__source\" data-testid=\"caption__source\">Noticias de NBC<\/span><\/figcaption><\/figure>\n<p class=\"body-graf\">Santos dijo que no hay una base legal evidente para el acuerdo del presidente salvadore\u00f1o Nayib Bukele con Trump para recibir y encarcelar a los deportados de los Estados Unidos.<\/p>\n<p class=\"body-graf\">\u00abDesde un punto de vista legal, no hay raz\u00f3n para [Abrego Garcia] estar aqu\u00ed \u201d, dijo Santos. Y debido a que Bukele ha consolidado el poder sobre todas las ramas del gobierno, agreg\u00f3, no hay una v\u00eda viable para desafiar la pol\u00edtica. <\/p>\n<p class=\"body-graf\">\u00abNo hay un estado de derecho aqu\u00ed en El Salvador. No hay respeto por el principio de legalidad\u00bb, dijo.<\/p>\n<p class=\"body-graf\">Al igual que Abrego Garc\u00eda y otros, la administraci\u00f3n Trump deportada directamente a Cecot, todos los reclusos en el sistema penitenciario salvadore\u00f1o est\u00e1n interrumpidos del contacto con abogados, seres queridos y otros en el exterior. Esta pol\u00edtica es el resultado de un \u00abestado de excepci\u00f3n\u00bb que Bukele declar\u00f3 en 2022 despu\u00e9s de una ola particularmente brutal de violencia de pandillas, en la que suspendi\u00f3 muchas protecciones constitucionales para encarcelar r\u00e1pidamente a decenas de miles sin el debido proceso. <\/p>\n<p class=\"body-graf\">Unas 85,000 personas fueron encarceladas en el estado de excepci\u00f3n, seg\u00fan grupos de derechos humanos salvadore\u00f1os. Muchos fueron sometidos a juicios en masa de cien o m\u00e1s acusados \u200b\u200bsin acceso al abogado. Los defensores han documentado numerosas historias de personas sin afiliaci\u00f3n probada con pandillas que fueron encarceladas indefinidamente sin pr\u00e1cticamente ning\u00fan recurso para apelar. <\/p>\n<p class=\"body-graf\">Adem\u00e1s, los grupos de derechos en El Salvador y en el extranjero han criticado a las condiciones penitenciarias en el pa\u00eds, alegando tortura sistem\u00e1tica, desnutrici\u00f3n y otros abusos. La ONG Legal Socorro Jur\u00eddico Humanitario ha documentado 370 muertes en las c\u00e1rceles salvadore\u00f1o desde que se declar\u00f3 el estado de excepci\u00f3n, un n\u00famero que el grupo dice que es probable que sea un descuidado. <\/p>\n<figure class=\"styles_inlineImage__FvnTh styles_medium__MEKii styles_portrait__NEQhG\"><picture class=\"styles_image__i32F7\" data-testid=\"picture\"><source media=\"(min-width: 1000px)\" srcset=\"https:\/\/media-cldnry.s-nbcnews.com\/image\/upload\/t_fit-560w,f_avif,q_auto:eco,dpr_2\/rockcms\/2025-04\/250428-Santa-Ana-El-Salvador-Centro-Industrial-prison-wood-work-built-by-inmates-ac-837p-04018c.jpg 2x, https:\/\/media-cldnry.s-nbcnews.com\/image\/upload\/t_fit-560w,f_auto,q_auto:best\/rockcms\/2025-04\/250428-Santa-Ana-El-Salvador-Centro-Industrial-prison-wood-work-built-by-inmates-ac-837p-04018c.jpg 1x\"\/><source media=\"(min-width: 320px)\" srcset=\"https:\/\/media-cldnry.s-nbcnews.com\/image\/upload\/t_fit-760w,f_avif,q_auto:eco,dpr_2\/rockcms\/2025-04\/250428-Santa-Ana-El-Salvador-Centro-Industrial-prison-wood-work-built-by-inmates-ac-837p-04018c.jpg 2x, https:\/\/media-cldnry.s-nbcnews.com\/image\/upload\/t_fit-760w,f_auto,q_auto:best\/rockcms\/2025-04\/250428-Santa-Ana-El-Salvador-Centro-Industrial-prison-wood-work-built-by-inmates-ac-837p-04018c.jpg 1x\"\/><img decoding=\"async\" loading=\"lazy\" src=\"https:\/\/media-cldnry.s-nbcnews.com\/image\/upload\/t_fit-760w,f_auto,q_auto:best\/rockcms\/2025-04\/250428-Santa-Ana-El-Salvador-Centro-Industrial-prison-wood-work-built-by-inmates-ac-837p-04018c.jpg\" alt=\"carpinter\u00eda de trabajo de madera Prisi\u00f3n industrial en Santa Ana El Salvador\" height=\"2500\" width=\"1875\"\/><\/picture><figcaption class=\"caption styles_caption__TCewG\" data-testid=\"caption\"><span class=\"caption__container\" data-testid=\"caption__container\">Trabajo de madera creado por reclusos en la prisi\u00f3n industrial del Centro en Santa Ana, El Salvador, en abril de 2025.<\/span><span class=\"caption__source\" data-testid=\"caption__source\">Noticias de NBC<\/span><\/figcaption><\/figure>\n<p class=\"body-graf\">\u00abDurante tres a\u00f1os, hemos perdido todos los derechos humanos y garant\u00edas constitucionales en El Salvador\u00bb, dijo Ingrid Escobar, abogado de la organizaci\u00f3n. <\/p>\n<p class=\"body-graf\">Bukele ha reconocido que algunas personas inocentes han sido arrestadas bajo el estado de excepci\u00f3n. <\/p>\n<p class=\"body-graf\">\u00abObviamente, nuestras operaciones no son perfectas, y sin la intenci\u00f3n de lastimar a nadie inocente, algunos inocentes han sido arrestados, de la misma manera que han estado en Francia, Alemania, Jap\u00f3n y todos los pa\u00edses del mundo\u00bb, dijo Bukele en noviembre. \u00abY los estamos liberando: hemos liberado a 8,000 personas y liberaremos el 100% de los inocentes\u00bb.<\/p>\n<p class=\"body-graf\">La administraci\u00f3n de Bukele dice que celebrar prisioneros en el incomunicado era una medida necesaria para romper el control que las pandillas ten\u00edan sobre las prisiones de El Salvador, que implicaban regularmente organizar asesinatos, extorsi\u00f3n y otras actividades criminales de los penitenciarios internos. <\/p>\n<p class=\"body-graf\">Desde el estado de la excepci\u00f3n, la seguridad p\u00fablica ha mejorado dram\u00e1ticamente en El Salvador. Numerosas personas entrevistadas en las calles de San Salvador dijeron que ahora se sienten libres de mudarse por la ciudad y hacer sus negocios sin temor al acoso, la extorsi\u00f3n o la violencia de las pandillas. Estas mejoras han convertido a Bukele en uno de los jefes de estado m\u00e1s populares del mundo. <\/p>\n<p class=\"body-graf\">Pero los defensores de los derechos humanos dicen que las mejoras han tenido un gran costo para la democracia salvadora, y que la popularidad de Bukele no es justificaci\u00f3n para el autoritarismo. <\/p>\n<p class=\"endmark body-graf\">\u00abLa popularidad no puede ser un cheque en blanco para que haga lo que quiera\u00bb, dijo Santos. \u00abLa historia nos ha ense\u00f1ado que solo porque alguien es popular, eso no significa que est\u00e9 haciendo lo correcto\u00bb.<\/p>\n<\/div>\n\n","protected":false},"excerpt":{"rendered":"<p>SANTA ANA, El Salvador-La extensa penitenciar\u00eda donde se conoc\u00eda a Kilmar Abrego Garc\u00eda, por \u00faltima vez, que se mantiene ofrece un fuerte contraste con la mega prisi\u00f3n de Supermax a la que fue deportado por primera vez. En lugar de miembros de pandillas tatuados en celdas brillantes y llenas de gente, los reclusos en la &hellip;<\/p>\n","protected":false},"author":1,"featured_media":24961,"comment_status":"open","ping_status":"open","sticky":false,"template":"","format":"standard","meta":{"fifu_image_url":"https:\/\/media-cldnry.s-nbcnews.com\/image\/upload\/t_nbcnews-fp-1200-630,f_auto,q_auto:best\/rockcms\/2025-04\/250428-Santa-Ana-El-Salvador-Centro-Industrial-prison-inmates-art-program-ac-831p-c5d432.jpg","fifu_image_alt":"","footnotes":""},"categories":[4],"tags":[],"class_list":["post-24959","post","type-post","status-publish","format-standard","has-post-thumbnail","","category-historias-destacadas"],"_links":{"self":[{"href":"https:\/\/noticiasveraces.com\/index.php?rest_route=\/wp\/v2\/posts\/24959","targetHints":{"allow":["GET"]}}],"collection":[{"href":"https:\/\/noticiasveraces.com\/index.php?rest_route=\/wp\/v2\/posts"}],"about":[{"href":"https:\/\/noticiasveraces.com\/index.php?rest_route=\/wp\/v2\/types\/post"}],"author":[{"embeddable":true,"href":"https:\/\/noticiasveraces.com\/index.php?rest_route=\/wp\/v2\/users\/1"}],"replies":[{"embeddable":true,"href":"https:\/\/noticiasveraces.com\/index.php?rest_route=%2Fwp%2Fv2%2Fcomments&post=24959"}],"version-history":[{"count":0,"href":"https:\/\/noticiasveraces.com\/index.php?rest_route=\/wp\/v2\/posts\/24959\/revisions"}],"wp:featuredmedia":[{"embeddable":true,"href":"https:\/\/noticiasveraces.com\/index.php?rest_route=\/wp\/v2\/media\/24961"}],"wp:attachment":[{"href":"https:\/\/noticiasveraces.com\/index.php?rest_route=%2Fwp%2Fv2%2Fmedia&parent=24959"}],"wp:term":[{"taxonomy":"category","embeddable":true,"href":"https:\/\/noticiasveraces.com\/index.php?rest_route=%2Fwp%2Fv2%2Fcategories&post=24959"},{"taxonomy":"post_tag","embeddable":true,"href":"https:\/\/noticiasveraces.com\/index.php?rest_route=%2Fwp%2Fv2%2Ftags&post=24959"}],"curies":[{"name":"wp","href":"https:\/\/api.w.org\/{rel}","templated":true}]}}