{"id":24953,"date":"2025-04-28T19:48:46","date_gmt":"2025-04-28T23:48:46","guid":{"rendered":"https:\/\/noticiasveraces.com\/?p=24953"},"modified":"2025-04-28T19:48:46","modified_gmt":"2025-04-28T23:48:46","slug":"activistas-anti-israel-acusados-en-demanda-de-actuar-como-soldados-de-pies-de-hamas","status":"publish","type":"post","link":"https:\/\/noticiasveraces.com\/?p=24953","title":{"rendered":"Activistas anti-Israel acusados \u200b\u200ben demanda de actuar como &#8216;soldados de pies&#8217; de Hamas &#8216;"},"content":{"rendered":"<p> \n<\/p>\n<div>\n<p class=\"speakable\">El mes pasado, una demanda presentada en el Distrito Sur de Nueva York reclama que los l\u00edderes de varios grupos radicales antiisrael\u00ed involucrados en 18 meses de protestas disruptivas, violentas y antisemitas en los campus y en las calles de la ciudad de Nueva York son \u00abresponsables de ayudar e incitar a los actos continuos de Hamas de terrorismo internacional\u00bb.<\/p>\n<p class=\"speakable\">En la supuesta violaci\u00f3n de la Ley de Antiterrorismo y la estatua de agravio alien\u00edgena, se dice que los acusados \u200b\u200b\u00bbactuaron como soldados de pie de Hamas en la ciudad de Nueva York\u00bb, y pueden haber tenido conocimiento de los devastadores ataques de la organizaci\u00f3n terrorista de la organizaci\u00f3n terrorista designada.<\/p>\n<p>Defendants in the case are Within Our Lifetime and its founder Nerdeen Kiswani, Columbia Students for Justice in Palestine (SJP) and its representative Maryam Alwan, Columbia-Barnard Jewish Voice for Peace (JVP) and its representative Cameron Jones, and Columbia University Apartheid Divest (CUAD) and its representative Mahmoud Khalil, who is currently in custody of Immigration and Customs Cumplimiento (hielo).<\/p>\n<p>La demanda afirma que los acusados \u200b\u200basociativos han \u00abdistribuido[d] Propaganda creada por Hamas y afiliada, incite[d] miedo y violencia, y atacar[ed] Centros de infraestructura acad\u00e9micos, econ\u00f3micos e de infraestructura cr\u00edticos en la ciudad de Nueva York \u00ab, adem\u00e1s de haber\u00bb aterrorizado repetidamente a los jud\u00edos en toda la ciudad de Nueva York y en el campus de la Universidad de Columbia, agredidos f\u00edsicamente a los empleados de la Universidad de Columbia, y se apoderaron ilegalmente de propiedad p\u00fablica y privada \u00ab.<\/p>\n<p><strong>Duffy golpea a MTA sobre &#8216;verificaci\u00f3n de hechos&#8217; sobre la adquisici\u00f3n de Grand Central de Anti-Israel<\/strong><\/p>\n<div class=\"image-ct inline\">\n<div class=\"m\"><picture><source media=\"(max-width: 767px)\" srcset=\"https:\/\/a57.foxnews.com\/static.foxnews.com\/foxnews.com\/content\/uploads\/2024\/07\/343\/192\/GettyImages-1981895289.jpg?ve=1&amp;tl=1, https:\/\/a57.foxnews.com\/static.foxnews.com\/foxnews.com\/content\/uploads\/2024\/07\/686\/384\/GettyImages-1981895289.jpg?ve=1&amp;tl=1 2x\" height=\"192\" width=\"343\"><source media=\"(min-width: 768px) and (max-width: 1023px)\" srcset=\"https:\/\/a57.foxnews.com\/static.foxnews.com\/foxnews.com\/content\/uploads\/2024\/07\/672\/378\/GettyImages-1981895289.jpg?ve=1&amp;tl=1, https:\/\/a57.foxnews.com\/static.foxnews.com\/foxnews.com\/content\/uploads\/2024\/07\/1344\/756\/GettyImages-1981895289.jpg?ve=1&amp;tl=1 2x\" height=\"378\" width=\"672\"><source media=\"(min-width: 1024px) and (max-width: 1279px)\" srcset=\"https:\/\/a57.foxnews.com\/static.foxnews.com\/foxnews.com\/content\/uploads\/2024\/07\/931\/523\/GettyImages-1981895289.jpg?ve=1&amp;tl=1, https:\/\/a57.foxnews.com\/static.foxnews.com\/foxnews.com\/content\/uploads\/2024\/07\/1862\/1046\/GettyImages-1981895289.jpg?ve=1&amp;tl=1 2x\" height=\"523\" width=\"931\"><source media=\"(min-width: 1280px)\" srcset=\"https:\/\/a57.foxnews.com\/static.foxnews.com\/foxnews.com\/content\/uploads\/2024\/07\/720\/405\/GettyImages-1981895289.jpg?ve=1&amp;tl=1, https:\/\/a57.foxnews.com\/static.foxnews.com\/foxnews.com\/content\/uploads\/2024\/07\/1440\/810\/GettyImages-1981895289.jpg?ve=1&amp;tl=1 2x\" height=\"405\" width=\"720\"><img loading=\"lazy\" decoding=\"async\" src=\"https:\/\/a57.foxnews.com\/static.foxnews.com\/foxnews.com\/content\/uploads\/2024\/07\/1200\/675\/GettyImages-1981895289.jpg?ve=1&amp;tl=1\" alt=\"Nedeen Kiswani\" width=\"1200\" height=\"675\"\/><\/source><\/source><\/source><\/source><\/picture><\/div>\n<div class=\"info\">\n<div class=\"caption\">\n<p><span>Nerdeen Kiswani, cofundador y l\u00edder de dentro de nuestra vida, habla en una manifestaci\u00f3n cerca de la Universidad de Columbia el 2 de febrero de 2024 en la ciudad de Nueva York.<\/span> <span>(Alexi J. Rosenfeld\/Getty Images)<\/span><\/p>\n<\/div>\n<\/div>\n<\/div>\n<p>Los detalles de las acusaciones son minuciosos. Para demostrar c\u00f3mo los acusados \u200b\u200b\u00bbrespondieron con resoluci\u00f3n y a sabiendas el llamado a la acci\u00f3n de Hamas\u00bb a partir del 7 de octubre, la demanda cita c\u00f3mo los acusados \u200b\u200b\u00bbobtienen a sabiendas\u00bb[ed] and disseminat[ed]\u00bbUn documento de propaganda de Hamas, que conten\u00eda instrucciones creadas por la oficina de Hamas Media para hacer girar la narrativa de sus ataques mortales.\u00bb Sigue minuciosamente[ing]\u00bbEl documento, la demanda alega que los acusados\u00bb respondieron directamente y siguieron \u00f3rdenes de Hamas \u00ab. <\/p>\n<p>La demanda tambi\u00e9n proporciona varios indicadores de que los acusados \u200b\u200bpueden haber tenido conocimiento previo del atroz ataque del 7 de octubre, para incluir \u00abuna publicaci\u00f3n de redes sociales muy sugerente publicada momentos antes del ataque del 7 de octubre\u00bb en el que Columbia SJP public\u00f3 en Instagram \u00ab\u00a1\u00a1\u00a1\u00a1\u00a1\u00a1\u00a1\u00a1\u00a1\u00a1 despu\u00e9s de un par\u00e9ntesis de un mes de duraci\u00f3n. <\/p>\n<p>El 7 de octubre, Kiswani utiliz\u00f3 materiales de marketing que \u00abno se lanzar\u00edan hasta el d\u00eda siguiente\u00bb en un \u00abkit de herramientas\u00bb de los estudiantes nacionales de justicia en Palestina (NSJP) que demuestren c\u00f3mo las organizaciones SJP en todo el pa\u00eds podr\u00edan apoyar a la \u00abresistencia\u00bb de Gaz\u00e1n. <\/p>\n<div class=\"image-ct inline\">\n<div class=\"m\"><picture><source media=\"(max-width: 767px)\" srcset=\"https:\/\/a57.foxnews.com\/static.foxnews.com\/foxnews.com\/content\/uploads\/2025\/02\/343\/192\/hamas-hostages.jpg?ve=1&amp;tl=1, https:\/\/a57.foxnews.com\/static.foxnews.com\/foxnews.com\/content\/uploads\/2025\/02\/686\/384\/hamas-hostages.jpg?ve=1&amp;tl=1 2x\" height=\"192\" width=\"343\"><source media=\"(min-width: 768px) and (max-width: 1023px)\" srcset=\"https:\/\/a57.foxnews.com\/static.foxnews.com\/foxnews.com\/content\/uploads\/2025\/02\/672\/378\/hamas-hostages.jpg?ve=1&amp;tl=1, https:\/\/a57.foxnews.com\/static.foxnews.com\/foxnews.com\/content\/uploads\/2025\/02\/1344\/756\/hamas-hostages.jpg?ve=1&amp;tl=1 2x\" height=\"378\" width=\"672\"><source media=\"(min-width: 1024px) and (max-width: 1279px)\" srcset=\"https:\/\/a57.foxnews.com\/static.foxnews.com\/foxnews.com\/content\/uploads\/2025\/02\/931\/523\/hamas-hostages.jpg?ve=1&amp;tl=1, https:\/\/a57.foxnews.com\/static.foxnews.com\/foxnews.com\/content\/uploads\/2025\/02\/1862\/1046\/hamas-hostages.jpg?ve=1&amp;tl=1 2x\" height=\"523\" width=\"931\"><source media=\"(min-width: 1280px)\" srcset=\"https:\/\/a57.foxnews.com\/static.foxnews.com\/foxnews.com\/content\/uploads\/2025\/02\/720\/405\/hamas-hostages.jpg?ve=1&amp;tl=1, https:\/\/a57.foxnews.com\/static.foxnews.com\/foxnews.com\/content\/uploads\/2025\/02\/1440\/810\/hamas-hostages.jpg?ve=1&amp;tl=1 2x\" height=\"405\" width=\"720\"><img loading=\"lazy\" decoding=\"async\" src=\"https:\/\/a57.foxnews.com\/static.foxnews.com\/foxnews.com\/content\/uploads\/2025\/02\/1200\/675\/hamas-hostages.jpg?ve=1&amp;tl=1\" alt=\"Hamas libera rehenes israel\u00edes\" width=\"1200\" height=\"675\"\/><\/source><\/source><\/source><\/source><\/picture><\/div>\n<div class=\"info\">\n<div class=\"caption\">\n<p><span>Los rehenes israel\u00edes demacrados, desde la izquierda, Ohad Ben Ami, Eli Sharabi y la Levy son llevadas por terroristas a una etapa antes de ser entregadas a la Cruz Roja en Deir al-Balah en la Franja Central de Gaza el 8 de febrero de 2025.<\/span> <span>(AP\/Abdel Kareem Hana)<\/span><\/p>\n<\/div>\n<\/div>\n<\/div>\n<p>Despu\u00e9s del 7 de octubre, dentro de nuestra vida promovi\u00f3 un \u00abd\u00eda de ira\u00bb en la ciudad de Nueva York, mientras que Columbia SJP y Columbia JVP promovieron su propio \u00abD\u00eda de Resistencia\u00bb. Los meros anuncios de estos eventos forzaron los cierres de las escuelas e instituciones jud\u00edas, e \u00abincluso forz\u00f3 la Universidad de Columbia, una instituci\u00f3n no jud\u00eda, a cerrar su campus como una precauci\u00f3n de seguridad\u00bb, mientras que los estudiantes jud\u00edos \u00abse aconsejaron que encerraran sus puertas y permanecieran dentro para su propia seguridad\u00bb, seg\u00fan la demanda. <\/p>\n<p>La demanda nombra a Khalil como el supuesto l\u00edder del D\u00eda de Resistencia de Columbia SJP.<\/p>\n<p><strong>Los manifestantes anti-Israel de Columbia dicen que Trump que retira $ 400 millones en subvenciones de la universidad es una &#8216;t\u00e1ctica de miedo&#8217;<\/strong><\/p>\n<p>En noviembre de 2023, la demanda describe c\u00f3mo un \u00ab&#8216;Cerrarlo para el evento Palestina&#8217; descendi\u00f3, seg\u00fan lo planeado, el odio y las amenazas vitri\u00f3licas y anti-jud\u00edas,\u00bb con oradores gritando \u00ab\u00a1Muerte a los jud\u00edos!\u00bb y \u00abFomentar[ing] Hamas y &#8230; camaradas en el campus de Columbia para cazar y asaltar a los estudiantes pro-Israel \u00ab. <\/p>\n<p>Al d\u00eda siguiente, la Universidad de Columbia suspendi\u00f3 a Columbia SJP y Columbia JVP, momento en el que \u00abKhalil y los ex miembros y\/o organizadores de Columbia SJP se convirtieron en l\u00edderes de CUAD\u00bb. Como resultado, Cuad \u00abse convirti\u00f3 en el principal organizador de las protestas violentas y antisemitas que fomentar\u00edan terror, siembrar\u00edan la discordia e interrumpir\u00edan la vida del campus en Columbia durante m\u00e1s de un a\u00f1o\u00bb. <\/p>\n<div class=\"image-ct inline\">\n<div class=\"m\"><picture><source media=\"(max-width: 767px)\" srcset=\"https:\/\/a57.foxnews.com\/static.foxnews.com\/foxnews.com\/content\/uploads\/2023\/10\/343\/192\/Hamas-hostage-trror.jpg?ve=1&amp;tl=1, https:\/\/a57.foxnews.com\/static.foxnews.com\/foxnews.com\/content\/uploads\/2023\/10\/686\/384\/Hamas-hostage-trror.jpg?ve=1&amp;tl=1 2x\" height=\"192\" width=\"343\"><source media=\"(min-width: 768px) and (max-width: 1023px)\" srcset=\"https:\/\/a57.foxnews.com\/static.foxnews.com\/foxnews.com\/content\/uploads\/2023\/10\/672\/378\/Hamas-hostage-trror.jpg?ve=1&amp;tl=1, https:\/\/a57.foxnews.com\/static.foxnews.com\/foxnews.com\/content\/uploads\/2023\/10\/1344\/756\/Hamas-hostage-trror.jpg?ve=1&amp;tl=1 2x\" height=\"378\" width=\"672\"><source media=\"(min-width: 1024px) and (max-width: 1279px)\" srcset=\"https:\/\/a57.foxnews.com\/static.foxnews.com\/foxnews.com\/content\/uploads\/2023\/10\/931\/523\/Hamas-hostage-trror.jpg?ve=1&amp;tl=1, https:\/\/a57.foxnews.com\/static.foxnews.com\/foxnews.com\/content\/uploads\/2023\/10\/1862\/1046\/Hamas-hostage-trror.jpg?ve=1&amp;tl=1 2x\" height=\"523\" width=\"931\"><source media=\"(min-width: 1280px)\" srcset=\"https:\/\/a57.foxnews.com\/static.foxnews.com\/foxnews.com\/content\/uploads\/2023\/10\/720\/405\/Hamas-hostage-trror.jpg?ve=1&amp;tl=1, https:\/\/a57.foxnews.com\/static.foxnews.com\/foxnews.com\/content\/uploads\/2023\/10\/1440\/810\/Hamas-hostage-trror.jpg?ve=1&amp;tl=1 2x\" height=\"405\" width=\"720\"><img loading=\"lazy\" decoding=\"async\" src=\"https:\/\/a57.foxnews.com\/static.foxnews.com\/foxnews.com\/content\/uploads\/2023\/10\/1200\/675\/Hamas-hostage-trror.jpg?ve=1&amp;tl=1\" alt=\"Franja de Hamas Terror Gaza\" width=\"1200\" height=\"675\"\/><\/source><\/source><\/source><\/source><\/picture><\/div>\n<div class=\"info\">\n<div class=\"caption\">\n<p><span>Los terroristas de Hamas secuestran a una mujer israel\u00ed ensangrentada en la franja de Gaza.<\/span> <span>(Hamas-Telegram)<\/span><\/p>\n<\/div>\n<\/div>\n<\/div>\n<p>M\u00e1s tarde, Khalil se convertir\u00eda en el negociador principal del campamento de Columbia, que la demanda se\u00f1ala fue \u00abbien formulada con carpas id\u00e9nticas, art\u00edculos de tocador, comida y se\u00f1alizaci\u00f3n profesional\u00bb. Basado en una declaraci\u00f3n de Shlomi Ziv, un demandante en la demanda que Hamas fue mantenida cautiva durante 246 d\u00edas despu\u00e9s de su secuestro en el Nova Music Festival \u00ab, Hamas y [American Muslims for Palestine (AMP)]\/NSJP proporcion\u00f3 apoyo financiero, organizacional y otro &#8230; para el campamento \u00ab.<\/p>\n<p>Ziv alega que sus \u00abCaptores de Hamas se jactaron de tener agentes de Hamas en los campus universitarios estadounidenses\u00bb e incluso \u00able mostraron historias de al-Jazeera y fotograf\u00edas de protestas en la Universidad de Columbia que fueron organizadas por acusados \u200b\u200basociativos\u00bb.<\/p>\n<p><strong>Aparentes activistas anti-Israel salpican la pintura roja en las casas de funcionarios jud\u00edos en el Museo de Brooklyn<\/strong><strong> <\/strong><\/p>\n<div class=\"image-ct inline\">\n<div class=\"m\"><picture><source media=\"(max-width: 767px)\" srcset=\"https:\/\/a57.foxnews.com\/static.foxnews.com\/foxnews.com\/content\/uploads\/2023\/10\/343\/192\/Israel-Palestine-Protest-Columbia-University_05.jpg?ve=1&amp;tl=1, https:\/\/a57.foxnews.com\/static.foxnews.com\/foxnews.com\/content\/uploads\/2023\/10\/686\/384\/Israel-Palestine-Protest-Columbia-University_05.jpg?ve=1&amp;tl=1 2x\" height=\"192\" width=\"343\"><source media=\"(min-width: 768px) and (max-width: 1023px)\" srcset=\"https:\/\/a57.foxnews.com\/static.foxnews.com\/foxnews.com\/content\/uploads\/2023\/10\/672\/378\/Israel-Palestine-Protest-Columbia-University_05.jpg?ve=1&amp;tl=1, https:\/\/a57.foxnews.com\/static.foxnews.com\/foxnews.com\/content\/uploads\/2023\/10\/1344\/756\/Israel-Palestine-Protest-Columbia-University_05.jpg?ve=1&amp;tl=1 2x\" height=\"378\" width=\"672\"><source media=\"(min-width: 1024px) and (max-width: 1279px)\" srcset=\"https:\/\/a57.foxnews.com\/static.foxnews.com\/foxnews.com\/content\/uploads\/2023\/10\/931\/523\/Israel-Palestine-Protest-Columbia-University_05.jpg?ve=1&amp;tl=1, https:\/\/a57.foxnews.com\/static.foxnews.com\/foxnews.com\/content\/uploads\/2023\/10\/1862\/1046\/Israel-Palestine-Protest-Columbia-University_05.jpg?ve=1&amp;tl=1 2x\" height=\"523\" width=\"931\"><source media=\"(min-width: 1280px)\" srcset=\"https:\/\/a57.foxnews.com\/static.foxnews.com\/foxnews.com\/content\/uploads\/2023\/10\/720\/405\/Israel-Palestine-Protest-Columbia-University_05.jpg?ve=1&amp;tl=1, https:\/\/a57.foxnews.com\/static.foxnews.com\/foxnews.com\/content\/uploads\/2023\/10\/1440\/810\/Israel-Palestine-Protest-Columbia-University_05.jpg?ve=1&amp;tl=1 2x\" height=\"405\" width=\"720\"><img loading=\"lazy\" decoding=\"async\" src=\"https:\/\/a57.foxnews.com\/static.foxnews.com\/foxnews.com\/content\/uploads\/2023\/10\/1200\/675\/Israel-Palestine-Protest-Columbia-University_05.jpg?ve=1&amp;tl=1\" alt=\"Los manifestantes pro-palestinos asisten a una protesta en la Universidad de Columbia\" width=\"1200\" height=\"675\"\/><\/source><\/source><\/source><\/source><\/picture><\/div>\n<div class=\"info\">\n<div class=\"caption\">\n<p><span>Los manifestantes anti-Israel asisten a una protesta en la Universidad de Columbia en la ciudad de Nueva York, pocos d\u00edas despu\u00e9s de la matanza de Hamas en el sur de Israel, el 12 de octubre de 2023.<\/span> <span>(Julia Bonavita\/Fox News Digital)<\/span><\/p>\n<\/div>\n<\/div>\n<\/div>\n<p>Dado el \u00ababismo legal entre la defensa pol\u00edtica independiente y la coordinaci\u00f3n con una organizaci\u00f3n terrorista extranjera para sembrar propaganda pro terror en toda la ciudad m\u00e1s grande de Estados Unidos\u00bb, la demanda alega que las acciones de los acusados \u200b\u200b\u00bbviolan la Ley de Antiterrorismo y la Ley de las Naciones\u00bb.<\/p>\n<p>Seg\u00fan el Jerusalem Post, el Centro Nacional de Defensa Jud\u00eda, Greenberg Traurig LLP, el bufete de abogados de Schoen y el bufete de abogados Holtzman Vogel presentaron la demanda en nombre de los demandantes que incluyen Ziv, varios estudiantes de la Universidad de Columbia que han servido con las fuerzas de defensa de Israel y un n\u00famero de ciudadanos estadounidenses e israel\u00edes cuyos familiares, la mayor\u00eda de los cuales creen que creen de muerte, permanecen en Hamas. <\/p>\n<div class=\"image-ct inline\">\n<div class=\"m\"><picture><source media=\"(max-width: 767px)\" srcset=\"https:\/\/a57.foxnews.com\/static.foxnews.com\/foxnews.com\/content\/uploads\/2023\/12\/343\/192\/GettyImages-1804965199.jpg?ve=1&amp;tl=1, https:\/\/a57.foxnews.com\/static.foxnews.com\/foxnews.com\/content\/uploads\/2023\/12\/686\/384\/GettyImages-1804965199.jpg?ve=1&amp;tl=1 2x\" height=\"192\" width=\"343\"><source media=\"(min-width: 768px) and (max-width: 1023px)\" srcset=\"https:\/\/a57.foxnews.com\/static.foxnews.com\/foxnews.com\/content\/uploads\/2023\/12\/672\/378\/GettyImages-1804965199.jpg?ve=1&amp;tl=1, https:\/\/a57.foxnews.com\/static.foxnews.com\/foxnews.com\/content\/uploads\/2023\/12\/1344\/756\/GettyImages-1804965199.jpg?ve=1&amp;tl=1 2x\" height=\"378\" width=\"672\"><source media=\"(min-width: 1024px) and (max-width: 1279px)\" srcset=\"https:\/\/a57.foxnews.com\/static.foxnews.com\/foxnews.com\/content\/uploads\/2023\/12\/931\/523\/GettyImages-1804965199.jpg?ve=1&amp;tl=1, https:\/\/a57.foxnews.com\/static.foxnews.com\/foxnews.com\/content\/uploads\/2023\/12\/1862\/1046\/GettyImages-1804965199.jpg?ve=1&amp;tl=1 2x\" height=\"523\" width=\"931\"><source media=\"(min-width: 1280px)\" srcset=\"https:\/\/a57.foxnews.com\/static.foxnews.com\/foxnews.com\/content\/uploads\/2023\/12\/720\/405\/GettyImages-1804965199.jpg?ve=1&amp;tl=1, https:\/\/a57.foxnews.com\/static.foxnews.com\/foxnews.com\/content\/uploads\/2023\/12\/1440\/810\/GettyImages-1804965199.jpg?ve=1&amp;tl=1 2x\" height=\"405\" width=\"720\"><img loading=\"lazy\" decoding=\"async\" src=\"https:\/\/a57.foxnews.com\/static.foxnews.com\/foxnews.com\/content\/uploads\/2023\/12\/1200\/675\/GettyImages-1804965199.jpg?ve=1&amp;tl=1\" alt=\"Demostraci\u00f3n gratuita de Palestina en la Universidad de Columbia\" width=\"1200\" height=\"675\"\/><\/source><\/source><\/source><\/source><\/picture><\/div>\n<div class=\"info\">\n<div class=\"caption\">\n<p><span>La gente protesta por la prohibici\u00f3n de estudiantes de justicia en Palestina y Voz Jud\u00eda para la Paz en la Universidad de Columbia el 20 de noviembre de 2023 en la ciudad de Nueva York.<\/span> <span>(Michael M. Santiago\/Getty Images)<\/span><\/p>\n<\/div>\n<\/div>\n<\/div>\n<p>La demanda establece especialmente que Khalil, \u00absobre informaci\u00f3n y creencia, coordina directamente con Hamas, AMP\/NSJP y\/u otros agentes y afiliados de Hamas y organizaciones terroristas relacionadas\u00bb. Los archivadores afirman que su detenci\u00f3n por ICE en marzo puede haber sido \u00abbasada en muchas de sus acciones descritas en esta queja\u00bb.<\/p>\n<p>La participaci\u00f3n de Khalil en las protestas de Columbia fue citada como una justificaci\u00f3n para su remoci\u00f3n durante su audiencia del 11 de abril, cuando el juez Jamee Comans dictamin\u00f3 que Khalil podr\u00eda ser deportado. Khalil tambi\u00e9n retuvo un empleo m\u00e1s all\u00e1 de la oficina siria en la Embajada Brit\u00e1nica de Beirut y la Agencia de Alivio y Obras de las Naciones Unidas para los Refugiados de Palestina en el Cercano Oriente (UNRWA), as\u00ed como su membres\u00eda en el CUAD al solicitar una tarjeta verde.<\/p>\n<p>Esta retenci\u00f3n de informaci\u00f3n, seg\u00fan funcionarios federales, hizo que Khalil fuera \u00abinadmisible en el momento de su ajuste\u00bb.<\/p>\n<p><strong>Haga clic aqu\u00ed para obtener la aplicaci\u00f3n Fox News<\/strong><\/p>\n<p>Los eventos disruptivos en la ciudad de Nueva York no muestran signos de disminuci\u00f3n. En marzo, los estudiantes asaltaron un sal\u00f3n de clases en la Universidad de Columbia y se hicieron cargo de un edificio en Barnard College afiliado, donde agredieron a un empleado. A dentro de nuestra protesta de por vida el 7 de abril \u00abse hizo cargo\u00bb de la concurrencia principal de la Estaci\u00f3n Grand Central.<\/p>\n<p>Fox News Digital se comunic\u00f3 con Cuad, Columbia SJP, dentro de nuestra vida, y Columbia-Barnard JVP para hacer comentarios sobre las acusaciones contenidas dentro de la demanda, pero no recibieron respuesta.<\/p>\n<p> <!----> <\/p>\n<div class=\"article-meta\">\n<div class=\"author-bio\">\n<p>Beth Bailey es una reportera que cubre Afganist\u00e1n, Oriente Medio, Asia y Am\u00e9rica Central. Anteriormente fue analista de inteligencia civil del Departamento del Ej\u00e9rcito. Puedes seguir a Beth en Twitter @bwbailey85<\/p>\n<\/div>\n<\/div>\n<\/div>\n\n","protected":false},"excerpt":{"rendered":"<p>El mes pasado, una demanda presentada en el Distrito Sur de Nueva York reclama que los l\u00edderes de varios grupos radicales antiisrael\u00ed involucrados en 18 meses de protestas disruptivas, violentas y antisemitas en los campus y en las calles de la ciudad de Nueva York son \u00abresponsables de ayudar e incitar a los actos continuos &hellip;<\/p>\n","protected":false},"author":1,"featured_media":24955,"comment_status":"open","ping_status":"open","sticky":false,"template":"","format":"standard","meta":{"fifu_image_url":"https:\/\/static.foxnews.com\/foxnews.com\/content\/uploads\/2024\/07\/GettyImages-1958547191.jpg","fifu_image_alt":"","footnotes":""},"categories":[13],"tags":[],"class_list":["post-24953","post","type-post","status-publish","format-standard","has-post-thumbnail","","category-mundo"],"_links":{"self":[{"href":"https:\/\/noticiasveraces.com\/index.php?rest_route=\/wp\/v2\/posts\/24953","targetHints":{"allow":["GET"]}}],"collection":[{"href":"https:\/\/noticiasveraces.com\/index.php?rest_route=\/wp\/v2\/posts"}],"about":[{"href":"https:\/\/noticiasveraces.com\/index.php?rest_route=\/wp\/v2\/types\/post"}],"author":[{"embeddable":true,"href":"https:\/\/noticiasveraces.com\/index.php?rest_route=\/wp\/v2\/users\/1"}],"replies":[{"embeddable":true,"href":"https:\/\/noticiasveraces.com\/index.php?rest_route=%2Fwp%2Fv2%2Fcomments&post=24953"}],"version-history":[{"count":0,"href":"https:\/\/noticiasveraces.com\/index.php?rest_route=\/wp\/v2\/posts\/24953\/revisions"}],"wp:featuredmedia":[{"embeddable":true,"href":"https:\/\/noticiasveraces.com\/index.php?rest_route=\/wp\/v2\/media\/24955"}],"wp:attachment":[{"href":"https:\/\/noticiasveraces.com\/index.php?rest_route=%2Fwp%2Fv2%2Fmedia&parent=24953"}],"wp:term":[{"taxonomy":"category","embeddable":true,"href":"https:\/\/noticiasveraces.com\/index.php?rest_route=%2Fwp%2Fv2%2Fcategories&post=24953"},{"taxonomy":"post_tag","embeddable":true,"href":"https:\/\/noticiasveraces.com\/index.php?rest_route=%2Fwp%2Fv2%2Ftags&post=24953"}],"curies":[{"name":"wp","href":"https:\/\/api.w.org\/{rel}","templated":true}]}}