{"id":24943,"date":"2025-04-28T16:11:28","date_gmt":"2025-04-28T20:11:28","guid":{"rendered":"https:\/\/noticiasveraces.com\/?p=24943"},"modified":"2025-04-28T16:11:28","modified_gmt":"2025-04-28T20:11:28","slug":"la-revista-piaui-denuncia-un-presunto-caso-de-corrupcion-en-la-cbf","status":"publish","type":"post","link":"https:\/\/noticiasveraces.com\/?p=24943","title":{"rendered":"La revista Piau\u00ed denuncia un presunto caso de corrupci\u00f3n en la CBF"},"content":{"rendered":"<p> \n<\/p>\n<div>\n<p data-mrf-recirculation=\"Links P\u00e1rrafos\" class=\"ue-c-article__ ue-c-article--first-letter-highlighted\">Puede haber nueva pol\u00e9mica en el f\u00fatbol brasile\u00f1o. Y en concreto en <strong>la federaci\u00f3n y su presidente<\/strong>. Todo sucedi\u00f3 en el Mundial de Catar de 2022.\u00a0Seg\u00fan informa la revista brasile\u00f1a Piau\u00ed, <strong>hasta 49 brasile\u00f1os se vieron beneficiados de varios lujos durante su estancia<\/strong>. Durante las tres semanas que estuvieron en el torneo, todos ellos \u00abdisfrutaron de varios lujos entre los que se encuentra, el hospedaje en un hotel de cinco estrellas y entradas para ver los partidos\u00bb. <strong>Y todo ello bajo el visto bueno de\u00a0Ednaldo Rodrigues, presidente de la Federaci\u00f3n Brasile\u00f1a de F\u00fatbol.<\/strong><\/p>\n<p data-mrf-recirculation=\"Links P\u00e1rrafos\" class=\"ue-c-article__\">El presidente otorg\u00f3 a este n\u00famero de personas varios lujos. La revista indica que recibieron \u00ab<strong>atenci\u00f3n VIP, vuelos en primera clase y una tarjeta corporativa para gastar 500 d\u00f3lares al d\u00eda<\/strong>\u00ab. Todo esto fue <strong>aprobado seg\u00fan se\u00f1ala la revista, por la Confederaci\u00f3n Brasile\u00f1a de F\u00fatbol y con el conocimiento de su presidente<\/strong>. Unas informaciones que podr\u00edan poner patas arriba la credibilidad de la instituci\u00f3n. Incluso habla de que el propio Ednaldo \u00ab<strong>carg\u00f3 a la cuenta de la confederaci\u00f3n los gastos de su familia: su hija, su cu\u00f1ada, su yerno y sus dos nietos<\/strong>\u00ab. Su familia tambi\u00e9n disfrut\u00f3 de los mismos derechos que estas 49 personas mencionadas que al parecer \u00abno tienen ninguna vinculaci\u00f3n con las federaciones estatales\u00bb.<\/p>\n<p data-mrf-recirculation=\"Links P\u00e1rrafos\" class=\"ue-c-article__\">La revista Piau\u00ed da mas detalles de c\u00f3mo se desarrollaron estos d\u00edas y en concreto de la familia del presidente. \u00ab<strong>Volaron en primera clase, se hospedaron en el Marriott Marquis City<\/strong> (un hotel de cinco estrellas) <strong>y s\u00f3lo los gastos de la esposa ascendieron a 37.000 d\u00f3lares<\/strong>\u00ab. Es una cifra que no es muy alta teniendo en cuenta los miles de millones que factura al a\u00f1o la federaci\u00f3n \u00abpero es un<strong> motivo suficiente que empa\u00f1a la gesti\u00f3n<\/strong>\u00ab. El propio Ednaldo, meses antes de ser reelegido, asumi\u00f3 de nuevo el cargo prometiendo \u00abexpulsar cualquier inmoralidad\u00bb. <\/p>\n<p data-mrf-recirculation=\"Links P\u00e1rrafos\" class=\"ue-c-article__\">Entre los beneficiados por estos derechos se pueden encontrar varios amigos de pol\u00edtica. El diputado federal <strong>Jos\u00e9 Alves Rocha<\/strong>  y el senador <strong>Ciro Nogueira, <\/strong>que tambi\u00e9n fueron acompa\u00f1ados de sus esposas. Entre los 49 beneficiados, tambi\u00e9n se encuentra <strong>Ricardo Almeida<\/strong>que fue el encargado de hacer las equipaciones de los jugadores brasile\u00f1os para el Mundial.<\/p>\n<p data-mrf-recirculation=\"Links P\u00e1rrafos\" class=\"ue-c-article__\">Unas acusaciones que pueden ser una aut\u00e9ntica bomba de relojer\u00eda. La revista va m\u00e1s all\u00e1 y las cifras pueden sorprender. \u00ab<strong>Se estima que el coste total fue alrededor de 3 millones de reales (<\/strong>465.000 euros) <strong>que provino de las arcas de la federaci\u00f3n<\/strong>\u00ab. Uno de los que ha hablado a la revista ha sido uno de los ocho vicepresidentes de la federaci\u00f3n. \u00abEl problema de todas estas federaciones es que se comportan de la misma manera. <strong>Es un sistema viciado<\/strong>\u00ab, Incluso sus acusaciones adoptan un tono m\u00e1s grave. \u00ab<strong>Ednaldo no es el primer presidente de la CBF en desviar fondos de la entidad para un fin personal. Pero \u00e9l, sin duda, ha llevado esta actividad a un nivel preocupante<\/strong>\u00ab.<\/p>\n<blockquote class=\"ue-c-article__blockquote\">\n<p>Ednaldo no es el primer presidente de la CBF en desviar fondos de la entidad para su fin<\/p>\n<p><span class=\"ue-c-article__blockquote-author\">Vicepresidente CBF<\/span><\/p><\/blockquote>\n<p data-mrf-recirculation=\"Links P\u00e1rrafos\" class=\"ue-c-article__\">Rodrigues mejor\u00f3 todas las condiciones salariales y a nivel de derechos y lujos cuando asumi\u00f3 el cargo. La revista\u00a0Piau\u00ed indica c\u00f3mo aumentaron las ganancias. \u00ab<strong>Hasta 2021, cada presidente de federaci\u00f3n ganaba 50 mil reales al mes. Cuando asumi\u00f3 la CBF, Rodrigues hizo generosos aumentos salariales a los dirigentes, de manera que ahora un presidente de federaci\u00f3n gana 215 mil reales, con derecho a un decimosexto salario<\/strong>\u00ab.<\/p>\n<h2 class=\"ue-c-article__subheadline\">Ronaldo rechaz\u00f3 presidir la Federaci\u00f3n<\/h2>\n<p data-mrf-recirculation=\"Links P\u00e1rrafos\" class=\"ue-c-article__\">El presidente del Valladolid se retir\u00f3 de su candidatura como presidente debido a la <strong>falta de apoyos<\/strong>. \u00abMi opini\u00f3n poco import\u00f3 si los que tienen el poder entienden que el f\u00fatbol brasile\u00f1o est\u00e1 en buenas manos\u00bb. El ex delantero contact\u00f3 con 27 federaciones regionales para plantear su propuesta pero <strong>tan s\u00f3lo cuatro le escucharon<\/strong>.<\/p>\n<p data-mrf-recirculation=\"Links P\u00e1rrafos\" class=\"ue-c-article__\">\u00ab<strong>No hubo ninguna apertura al di\u00e1logo<\/strong>. La mayor\u00eda de los dirigentes apoyan al presidente\u00bb. Ronaldo se sent\u00eda plenamente capacitado para dirigir la federaci\u00f3n <strong>consciente de los problemas a nivel de gesti\u00f3n e institucional que ten\u00eda y tiene la federaci\u00f3n brasile\u00f1a a d\u00eda de hoy<\/strong>.<\/p>\n<\/div>\n\n","protected":false},"excerpt":{"rendered":"<p>Puede haber nueva pol\u00e9mica en el f\u00fatbol brasile\u00f1o. Y en concreto en la federaci\u00f3n y su presidente. Todo sucedi\u00f3 en el Mundial de Catar de 2022.\u00a0Seg\u00fan informa la revista brasile\u00f1a Piau\u00ed, hasta 49 brasile\u00f1os se vieron beneficiados de varios lujos durante su estancia. Durante las tres semanas que estuvieron en el torneo, todos ellos \u00abdisfrutaron &hellip;<\/p>\n","protected":false},"author":1,"featured_media":24944,"comment_status":"open","ping_status":"open","sticky":false,"template":"","format":"standard","meta":{"fifu_image_url":"https:\/\/e00-xlk-ue-marca.uecdn.es\/files\/phantom_desktop_1200w\/uploads\/2025\/04\/28\/680fa116d7b2c.jpeg","fifu_image_alt":"","footnotes":""},"categories":[6],"tags":[],"class_list":["post-24943","post","type-post","status-publish","format-standard","has-post-thumbnail","","category-deportes"],"_links":{"self":[{"href":"https:\/\/noticiasveraces.com\/index.php?rest_route=\/wp\/v2\/posts\/24943","targetHints":{"allow":["GET"]}}],"collection":[{"href":"https:\/\/noticiasveraces.com\/index.php?rest_route=\/wp\/v2\/posts"}],"about":[{"href":"https:\/\/noticiasveraces.com\/index.php?rest_route=\/wp\/v2\/types\/post"}],"author":[{"embeddable":true,"href":"https:\/\/noticiasveraces.com\/index.php?rest_route=\/wp\/v2\/users\/1"}],"replies":[{"embeddable":true,"href":"https:\/\/noticiasveraces.com\/index.php?rest_route=%2Fwp%2Fv2%2Fcomments&post=24943"}],"version-history":[{"count":0,"href":"https:\/\/noticiasveraces.com\/index.php?rest_route=\/wp\/v2\/posts\/24943\/revisions"}],"wp:featuredmedia":[{"embeddable":true,"href":"https:\/\/noticiasveraces.com\/index.php?rest_route=\/wp\/v2\/media\/24944"}],"wp:attachment":[{"href":"https:\/\/noticiasveraces.com\/index.php?rest_route=%2Fwp%2Fv2%2Fmedia&parent=24943"}],"wp:term":[{"taxonomy":"category","embeddable":true,"href":"https:\/\/noticiasveraces.com\/index.php?rest_route=%2Fwp%2Fv2%2Fcategories&post=24943"},{"taxonomy":"post_tag","embeddable":true,"href":"https:\/\/noticiasveraces.com\/index.php?rest_route=%2Fwp%2Fv2%2Ftags&post=24943"}],"curies":[{"name":"wp","href":"https:\/\/api.w.org\/{rel}","templated":true}]}}