{"id":24936,"date":"2025-04-28T15:41:10","date_gmt":"2025-04-28T19:41:10","guid":{"rendered":"https:\/\/noticiasveraces.com\/?p=24936"},"modified":"2025-04-28T15:41:10","modified_gmt":"2025-04-28T19:41:10","slug":"sanchez-espera-que-servicio-electrico-se-restablezca-pronto-dw-28-04-2025","status":"publish","type":"post","link":"https:\/\/noticiasveraces.com\/?p=24936","title":{"rendered":"S\u00e1nchez espera que servicio el\u00e9ctrico se restablezca pronto \u2013 DW \u2013 28\/04\/2025"},"content":{"rendered":"<p> \n<\/p>\n<div>\n<p>El presidente del gobierno espa\u00f1ol Pedro S\u00e1nchez dijo este lunes (28.04.2025) que esperar que \u00abpronto\u00bb se restablezca el servicio el\u00e9ctrico en toda Espa\u00f1a, al tiempo que pidi\u00f3 \u00abresponsabilidad y civismo\u00bb a la poblaci\u00f3n ante el apag\u00f3n que desde el mediod\u00eda afecta a la pen\u00ednsula ib\u00e9rica.<\/p>\n<p>En una intervenci\u00f3n desde el Palacio de la Moncloa, tras una reuni\u00f3n de urgencia del Consejo de Seguridad Nacional, S\u00e1nchez se\u00f1al\u00f3 que todav\u00eda no hay informaci\u00f3n concluyente sobre las causas de la falla el\u00e9ctrica.<\/p>\n<figure class=\"placeholder-image master_landscape big\"><img data-format=\"MASTER_LANDSCAPE\" data-id=\"72377105\" data-url=\"https:\/\/static.dw.com\/image\/72377105_${formatId}.jpg\" data-aspect-ratio=\"16\/9\" alt=\"Un hombre y un ni\u00f1o en un mercado local durante el apag\u00f3n, Vigo, Espa\u00f1a (28.04.2025)\" style=\"padding-bottom: 56.25%; height: 0; max-height: 0;\"\/><figcaption class=\"img-caption\">Un hombre y un ni\u00f1o en un mercado local durante el apag\u00f3n, Vigo, Espa\u00f1a (28.04.2025)<small class=\"copyright\">Imagen: Miguel Riopa\/AFP\/Getty Images<\/small><\/figcaption><\/figure>\n<h2><strong>Servicio es reestablecido en algunas regiones de la pen\u00ednsula<\/strong><\/h2>\n<p>Se limit\u00f3 a se\u00f1alar que se registr\u00f3 \u00abuna fuerte oscilaci\u00f3n (&#8230;) en el sistema el\u00e9ctrico europeo que desencaden\u00f3 una interrupci\u00f3n generalizada del suministro en toda la pen\u00ednsula ib\u00e9rica y en algunas zonas del sur de Francia\u00bb.<\/p>\n<p>Tras m\u00e1s de seis horas de apag\u00f3n, \u00abse restableci\u00f3 el suministro en varios territorios del norte y del sur de la pen\u00ednsula\u00bb y se reactivaron \u00ablas centrales hidroel\u00e9ctricas de todo el pa\u00eds, algo que deber\u00eda permitirnos recuperar el suministro en toda Espa\u00f1a pronto\u00bb, dijo el dirigente socialista.<\/p>\n<figure class=\"placeholder-image master_landscape big\"><img data-format=\"MASTER_LANDSCAPE\" data-id=\"72377083\" data-url=\"https:\/\/static.dw.com\/image\/72377083_${formatId}.jpg\" data-aspect-ratio=\"16\/9\" alt=\"Un grupo de personas usa las linternas de sus tel\u00e9fonos en un tienda de deportes despu\u00e9s de que los partidos del Madrid Open de tenis se suspendieran por el corte de energ\u00eda (28.04.2025)\" style=\"padding-bottom: 56.25%; height: 0; max-height: 0;\"\/><figcaption class=\"img-caption\">Un grupo de personas usa las linternas de sus tel\u00e9fonos en un tienda de deportes despu\u00e9s de que los partidos del Madrid Open de tenis se suspendieran por el corte de energ\u00eda (28.04.2025)<small class=\"copyright\">Imagen: Violeta Santos Moura\/REUTERS<\/small><\/figcaption><\/figure>\n<h2><strong>S\u00e1nchez pide cordura a la ciudadan\u00eda<\/strong><\/h2>\n<p>\u00abQuiero apelar a la ciudadan\u00eda a colaborar con todas las autoridades, para actuar con responsabilidad y civismo, como siempre hemos hecho durante crisis pasadas\u00bb, pidi\u00f3 S\u00e1nchez, ante la situaci\u00f3n de caos desatada en las calles con personas sin tel\u00e9fonos, metro ni trenes.<\/p>\n<p>Asimismo, el presidente del gobierno pidi\u00f3 reducir \u00abal m\u00ednimo los desplazamientos\u00bb y \u00abno difundir informaciones de dudosa procedencia\u00bb, solo informarse mediante canales oficiales y hacer \u00abuso responsable de la telefon\u00eda m\u00f3vil\u00bb, con \u00abllamadas breves\u00bb.<\/p>\n<p>\u00abNo hay problemas de inseguridad\u00bb y \u00abnuestro sistema hospitalario est\u00e1 funcionando correctamente\u00bb, asegur\u00f3.<\/p>\n<p>RR (AFP\/EFE)<\/p>\n<\/div>\n\n","protected":false},"excerpt":{"rendered":"<p>El presidente del gobierno espa\u00f1ol Pedro S\u00e1nchez dijo este lunes (28.04.2025) que esperar que \u00abpronto\u00bb se restablezca el servicio el\u00e9ctrico en toda Espa\u00f1a, al tiempo que pidi\u00f3 \u00abresponsabilidad y civismo\u00bb a la poblaci\u00f3n ante el apag\u00f3n que desde el mediod\u00eda afecta a la pen\u00ednsula ib\u00e9rica. En una intervenci\u00f3n desde el Palacio de la Moncloa, tras &hellip;<\/p>\n","protected":false},"author":1,"featured_media":24937,"comment_status":"open","ping_status":"open","sticky":false,"template":"","format":"standard","meta":{"fifu_image_url":"https:\/\/static.dw.com\/image\/72379753_6.jpg","fifu_image_alt":"","footnotes":""},"categories":[13],"tags":[],"class_list":["post-24936","post","type-post","status-publish","format-standard","has-post-thumbnail","","category-mundo"],"_links":{"self":[{"href":"https:\/\/noticiasveraces.com\/index.php?rest_route=\/wp\/v2\/posts\/24936","targetHints":{"allow":["GET"]}}],"collection":[{"href":"https:\/\/noticiasveraces.com\/index.php?rest_route=\/wp\/v2\/posts"}],"about":[{"href":"https:\/\/noticiasveraces.com\/index.php?rest_route=\/wp\/v2\/types\/post"}],"author":[{"embeddable":true,"href":"https:\/\/noticiasveraces.com\/index.php?rest_route=\/wp\/v2\/users\/1"}],"replies":[{"embeddable":true,"href":"https:\/\/noticiasveraces.com\/index.php?rest_route=%2Fwp%2Fv2%2Fcomments&post=24936"}],"version-history":[{"count":0,"href":"https:\/\/noticiasveraces.com\/index.php?rest_route=\/wp\/v2\/posts\/24936\/revisions"}],"wp:featuredmedia":[{"embeddable":true,"href":"https:\/\/noticiasveraces.com\/index.php?rest_route=\/wp\/v2\/media\/24937"}],"wp:attachment":[{"href":"https:\/\/noticiasveraces.com\/index.php?rest_route=%2Fwp%2Fv2%2Fmedia&parent=24936"}],"wp:term":[{"taxonomy":"category","embeddable":true,"href":"https:\/\/noticiasveraces.com\/index.php?rest_route=%2Fwp%2Fv2%2Fcategories&post=24936"},{"taxonomy":"post_tag","embeddable":true,"href":"https:\/\/noticiasveraces.com\/index.php?rest_route=%2Fwp%2Fv2%2Ftags&post=24936"}],"curies":[{"name":"wp","href":"https:\/\/api.w.org\/{rel}","templated":true}]}}