{"id":24921,"date":"2025-04-28T14:37:26","date_gmt":"2025-04-28T18:37:26","guid":{"rendered":"https:\/\/noticiasveraces.com\/?p=24921"},"modified":"2025-04-28T14:37:26","modified_gmt":"2025-04-28T18:37:26","slug":"irlanda-presidencial-esperanza-conor-mcgregor-elogia-dublin-march","status":"publish","type":"post","link":"https:\/\/noticiasveraces.com\/?p=24921","title":{"rendered":"Irlanda Presidencial esperanza Conor McGregor elogia Dubl\u00edn March"},"content":{"rendered":"<p> \n<\/p>\n<div>\n<p class=\"speakable\">Miles de personas participaron en una marcha contra las pol\u00edticas de migraci\u00f3n masiva de Irlanda en la capital del pa\u00eds, Dubl\u00edn, el s\u00e1bado. <\/p>\n<p class=\"speakable\">El campe\u00f3n de UFC, Conor McGregor, que est\u00e1 considerando una posible oferta presidencial en su Irlanda natal, public\u00f3 un mensaje de video de antemano del Jard\u00edn de Recuerdo de Dubl\u00edn, donde comenz\u00f3 la marcha horas despu\u00e9s. <\/p>\n<p>\u00abHola a todos en Irlanda. 26 de abril de 2025 &#8211; Un gran d\u00eda aqu\u00ed para nuestro pa\u00eds\u00bb. Un mes hist\u00f3rico para Irlanda desde 1916 \u00ab, dijo McGregor, refiri\u00e9ndose al reciente aniversario de la Pascua que se eleva contra el dominio brit\u00e1nico. <\/p>\n<p>\u00abHace m\u00e1s de 100 a\u00f1os, nuestros valientes hombres y mujeres hicieron el \u00faltimo sacrificio para que pudi\u00e9ramos vivir libres hoy. As\u00ed que recordemos a nosotros mismos por qu\u00e9 estamos aqu\u00ed. Y tambi\u00e9n por qu\u00e9 no estamos aqu\u00ed\u00bb, dijo McGregor. \u00abNo estamos aqu\u00ed para construir odio entre nosotros. No estamos aqu\u00ed para sembrar la divisi\u00f3n. Estamos aqu\u00ed para conmemorar a los valientes h\u00e9roes que nos precisaron. Honramos su esp\u00edritu, honramos su lucha\u00bb. <\/p>\n<p><strong>Conor McGregor insta a los ciudadanos de Irlanda a votarlo como presidente del pa\u00eds despu\u00e9s de reunirse con Trump<\/strong><\/p>\n<div class=\"image-ct inline\">\n<div class=\"m\"><picture><source media=\"(max-width: 767px)\" srcset=\"https:\/\/a57.foxnews.com\/static.foxnews.com\/foxnews.com\/content\/uploads\/2025\/04\/343\/192\/gettyimages-2211524465.jpg?ve=1&amp;tl=1, https:\/\/a57.foxnews.com\/static.foxnews.com\/foxnews.com\/content\/uploads\/2025\/04\/686\/384\/gettyimages-2211524465.jpg?ve=1&amp;tl=1 2x\" height=\"192\" width=\"343\"><source media=\"(min-width: 768px) and (max-width: 1023px)\" srcset=\"https:\/\/a57.foxnews.com\/static.foxnews.com\/foxnews.com\/content\/uploads\/2025\/04\/672\/378\/gettyimages-2211524465.jpg?ve=1&amp;tl=1, https:\/\/a57.foxnews.com\/static.foxnews.com\/foxnews.com\/content\/uploads\/2025\/04\/1344\/756\/gettyimages-2211524465.jpg?ve=1&amp;tl=1 2x\" height=\"378\" width=\"672\"><source media=\"(min-width: 1024px) and (max-width: 1279px)\" srcset=\"https:\/\/a57.foxnews.com\/static.foxnews.com\/foxnews.com\/content\/uploads\/2025\/04\/931\/523\/gettyimages-2211524465.jpg?ve=1&amp;tl=1, https:\/\/a57.foxnews.com\/static.foxnews.com\/foxnews.com\/content\/uploads\/2025\/04\/1862\/1046\/gettyimages-2211524465.jpg?ve=1&amp;tl=1 2x\" height=\"523\" width=\"931\"><source media=\"(min-width: 1280px)\" srcset=\"https:\/\/a57.foxnews.com\/static.foxnews.com\/foxnews.com\/content\/uploads\/2025\/04\/720\/405\/gettyimages-2211524465.jpg?ve=1&amp;tl=1, https:\/\/a57.foxnews.com\/static.foxnews.com\/foxnews.com\/content\/uploads\/2025\/04\/1440\/810\/gettyimages-2211524465.jpg?ve=1&amp;tl=1 2x\" height=\"405\" width=\"720\"><img loading=\"lazy\" decoding=\"async\" src=\"https:\/\/a57.foxnews.com\/static.foxnews.com\/foxnews.com\/content\/uploads\/2025\/04\/1200\/675\/gettyimages-2211524465.jpg?ve=1&amp;tl=1\" alt=\"Mercada marcha con bandera irlandesa \" width=\"1200\" height=\"675\"\/><\/source><\/source><\/source><\/source><\/picture><\/div>\n<div class=\"info\">\n<div class=\"caption\">\n<p><span>Miles de manifestantes se opusieron a las pol\u00edticas de migraci\u00f3n masiva del gobierno irland\u00e9s en una marcha en el centro de la ciudad de Dubl\u00edn el s\u00e1bado 26 de abril de 2025. <\/span> <span>(Conon de Trusts \/ Paibels a trav\u00e9s de cuarenta im\u00e1genes)<\/span><\/p>\n<\/div>\n<\/div>\n<\/div>\n<p>McGregor dijo que la protesta estar\u00eda destinada a \u00abarrojar nuestra luz sobre el fracaso del gobierno de Irlanda y nuestra plena desaprobaci\u00f3n\u00bb. <\/p>\n<p>\u00abS\u00e9 respetuoso, si\u00e9ntete orgulloso, s\u00e9 unido\u00bb, dijo McGregor. \u00abPorque juntos, seremos escuchados, y como uno, saldremos victoriosos en nuestra misi\u00f3n. A quienes lideran su marcha y hablan por las decenas de miles de personas detr\u00e1s de ti: Sea tranquilo, sea claro\u00bb.<\/p>\n<p>\u00abHabla con dignidad, queremos escuchar tu voz. Juntos nos levantamos, juntos ganamos\u00bb, agreg\u00f3. \u00abDios nos bendiga a todos. Dios bendiga a Irlanda\u00bb.<\/p>\n<p>La manifestaci\u00f3n a gran escala comenz\u00f3 el s\u00e1bado por la tarde en el jard\u00edn, mientras las multitudes que transportaban banderas tricolor se dirig\u00edan por la calle O&#8217;Connell. <\/p>\n<p>Algunos manifestantes llevaban carteles que le\u00edan \u00abIrish Lives Matter\u00bb y \u00abIrlanda est\u00e1 llena\u00bb, y muchos usaban sombreros verdes con el mensaje \u00abHacer que Irlanda sea genial nuevamente\u00bb. <\/p>\n<p>La polic\u00eda irlandesa, conocida como Garda\u00ed, mostr\u00f3 una mayor presencia en la capital, manteniendo una l\u00ednea acordonada entre los manifestantes y un grupo m\u00e1s peque\u00f1o de contraprotestadores que se reunieron frente a la oficina de correos general (GPO). <\/p>\n<p>\u00abM\u00e1s de 106,000 hombres, mujeres y ni\u00f1os irlandeses asistieron al rally de ayer\u00bb, escribi\u00f3 McGregor en X Sunday, compartiendo fotos a\u00e9reas de manifestantes que ondean banderas tricolor. \u00abNo es un incidente de orden social para informar. \u00a1Tremendo! \u00a1En adelante para Irlanda!\u00bb<\/p>\n<p>M\u00e1s tarde, la polic\u00eda dijo que \u00abno ocurrieron incidentes importantes\u00bb el s\u00e1bado, aunque tres personas hab\u00edan sido arrestadas por \u00abdelitos de orden p\u00fablico\u00bb, seg\u00fan la emisora \u200b\u200bp\u00fablica irlandesa RTE. La polic\u00eda se neg\u00f3 a proporcionar informaci\u00f3n adicional. <\/p>\n<p>El contraprotesto fue organizado por United Against Racism y fue respaldado por miembros de partidos de oposici\u00f3n, incluidos Sinn F\u00e9in, Labor, People Before Butesh, los socialdem\u00f3cratas, el Partido Socialista y el Partido Verde, seg\u00fan el Irish Times.<\/p>\n<p><strong>Estados Unidos celebra la cultura y la pol\u00edtica irlandesas en ST. D\u00eda de Patrick<\/strong><\/p>\n<p>Seg\u00fan las pancartas que dec\u00edan: \u00abBoicotear el apartheid Israel\u00bb y \u00abDubl\u00edn se encuentra en contra del racismo\u00bb, seg\u00fan las fotos de la escena. <\/p>\n<div class=\"image-ct inline\">\n<div class=\"m\"><picture><source media=\"(max-width: 767px)\" srcset=\"https:\/\/a57.foxnews.com\/static.foxnews.com\/foxnews.com\/content\/uploads\/2025\/04\/343\/192\/gettyimages-2211549869.jpg?ve=1&amp;tl=1, https:\/\/a57.foxnews.com\/static.foxnews.com\/foxnews.com\/content\/uploads\/2025\/04\/686\/384\/gettyimages-2211549869.jpg?ve=1&amp;tl=1 2x\" height=\"192\" width=\"343\"><source media=\"(min-width: 768px) and (max-width: 1023px)\" srcset=\"https:\/\/a57.foxnews.com\/static.foxnews.com\/foxnews.com\/content\/uploads\/2025\/04\/672\/378\/gettyimages-2211549869.jpg?ve=1&amp;tl=1, https:\/\/a57.foxnews.com\/static.foxnews.com\/foxnews.com\/content\/uploads\/2025\/04\/1344\/756\/gettyimages-2211549869.jpg?ve=1&amp;tl=1 2x\" height=\"378\" width=\"672\"><source media=\"(min-width: 1024px) and (max-width: 1279px)\" srcset=\"https:\/\/a57.foxnews.com\/static.foxnews.com\/foxnews.com\/content\/uploads\/2025\/04\/931\/523\/gettyimages-2211549869.jpg?ve=1&amp;tl=1, https:\/\/a57.foxnews.com\/static.foxnews.com\/foxnews.com\/content\/uploads\/2025\/04\/1862\/1046\/gettyimages-2211549869.jpg?ve=1&amp;tl=1 2x\" height=\"523\" width=\"931\"><source media=\"(min-width: 1280px)\" srcset=\"https:\/\/a57.foxnews.com\/static.foxnews.com\/foxnews.com\/content\/uploads\/2025\/04\/720\/405\/gettyimages-2211549869.jpg?ve=1&amp;tl=1, https:\/\/a57.foxnews.com\/static.foxnews.com\/foxnews.com\/content\/uploads\/2025\/04\/1440\/810\/gettyimages-2211549869.jpg?ve=1&amp;tl=1 2x\" height=\"405\" width=\"720\"><img loading=\"lazy\" decoding=\"async\" src=\"https:\/\/a57.foxnews.com\/static.foxnews.com\/foxnews.com\/content\/uploads\/2025\/04\/1200\/675\/gettyimages-2211549869.jpg?ve=1&amp;tl=1\" alt=\"Contraprotestadores en Dubl\u00edn con un banner de apartheid de boicot\" width=\"1200\" height=\"675\"\/><\/source><\/source><\/source><\/source><\/picture><\/div>\n<div class=\"info\">\n<div class=\"caption\">\n<p><span>Gardai de servicio cerca de una contraprotest en el GPO el s\u00e1bado 26 de abril de 2025. <\/span> <span>(Conon de Trusts \/ Paibels a trav\u00e9s de cuarenta im\u00e1genes)<\/span><\/p>\n<\/div>\n<\/div>\n<\/div>\n<p>McGregor anunci\u00f3 por primera vez su inter\u00e9s en postularse para presidente de Irlanda despu\u00e9s de reunirse con el presidente Donald Trump en el D\u00eda de San Patricio, aunque el luchador sugiri\u00f3 que el proceso de nominaci\u00f3n del pa\u00eds est\u00e1 apilado contra extra\u00f1os como \u00e9l. <\/p>\n<p>Aquellos que hablaron en la marcha incluyeron a los concejales de la ciudad de Dubl\u00edn, Gavin Pepper, Philip Sutcliffe y Malachy Steenson y el concejal de Fingal, Patrick Quinlan, seg\u00fan BreakingNews.ie.<\/p>\n<p>\u00abEl hecho es que estamos trayendo a miles y miles de personas y poni\u00e9ndolas en hoteles, mientras que nuestra propia gente se est\u00e1 pudriendo &#8230; Hemos tenido suficiente de esto en Irlanda\u00bb, dijo Pepper a una multitud de Dubl\u00edn alegre, de acuerdo con un video compartido en X. <\/p>\n<p>El Primer Ministro de Irlanda, que posee el t\u00edtulo de Taoiseach, Miche\u00e1l Martin, dijo a los periodistas el domingo que no \u00abacept\u00f3 la negatividad de aquellos que hablaron ayer con respecto a d\u00f3nde est\u00e1 Irlanda moderna hoy\u00bb, seg\u00fan un video compartido en l\u00ednea por Susanne Delaney, colaboradora de la indague irlandesa antiglobalista irlandesa. <\/p>\n<p>\u00abEl nivel de oportunidad en la Irlanda moderna de hoy nuevamente es muy superior a cualquier cosa que las generaciones anteriores experimenten en t\u00e9rminos de finalizaci\u00f3n educativa, etc.\u00bb, dijo Martin, quien tambi\u00e9n se reuni\u00f3 con Trump en la Oficina Oval a principios de marzo. \u00abEl gran tema social de nuestro d\u00eda es la vivienda, pero estamos enfocados en las soluciones a eso y menos en la ret\u00f3rica de la misma\u00bb. <\/p>\n<p><strong><u>Haga clic aqu\u00ed para obtener la aplicaci\u00f3n Fox News<\/u><\/strong><\/p>\n<p>Cuando se le pregunt\u00f3 sobre el tama\u00f1o creciente del movimiento \u00abnacionalista irland\u00e9s\u00bb, Martin dijo que \u00abla urna es la m\u00e9trica clave, el determinante clave de la organizaci\u00f3n de la sociedad, que es elegido en el gobierno, que es elegido en los consejos locales\u00bb. <\/p>\n<p>\u00abY creo que tiene que basarse en ideas y pol\u00edticas\u00bb, dijo. \u00abCreemos que tenemos un conjunto m\u00e1s fuerte de ideas que quiz\u00e1s las que articularon ayer\u00bb. <\/p>\n<p> <!----> <\/p>\n<div class=\"article-meta\">\n<div class=\"author-bio\">\n<p>Danielle Wallace es reportera de noticias y pol\u00edticas en Fox News Digital. Los consejos de la historia se pueden enviar a danielle.wallace@fox.com y en X: @danimwallace. <\/p>\n<\/div>\n<\/div>\n<\/div>\n\n","protected":false},"excerpt":{"rendered":"<p>Miles de personas participaron en una marcha contra las pol\u00edticas de migraci\u00f3n masiva de Irlanda en la capital del pa\u00eds, Dubl\u00edn, el s\u00e1bado. El campe\u00f3n de UFC, Conor McGregor, que est\u00e1 considerando una posible oferta presidencial en su Irlanda natal, public\u00f3 un mensaje de video de antemano del Jard\u00edn de Recuerdo de Dubl\u00edn, donde comenz\u00f3 &hellip;<\/p>\n","protected":false},"author":1,"featured_media":24923,"comment_status":"open","ping_status":"open","sticky":false,"template":"","format":"standard","meta":{"fifu_image_url":"https:\/\/static.foxnews.com\/foxnews.com\/content\/uploads\/2025\/04\/conor-mcgregor-dublin-protest.jpg","fifu_image_alt":"","footnotes":""},"categories":[13],"tags":[],"class_list":["post-24921","post","type-post","status-publish","format-standard","has-post-thumbnail","","category-mundo"],"_links":{"self":[{"href":"https:\/\/noticiasveraces.com\/index.php?rest_route=\/wp\/v2\/posts\/24921","targetHints":{"allow":["GET"]}}],"collection":[{"href":"https:\/\/noticiasveraces.com\/index.php?rest_route=\/wp\/v2\/posts"}],"about":[{"href":"https:\/\/noticiasveraces.com\/index.php?rest_route=\/wp\/v2\/types\/post"}],"author":[{"embeddable":true,"href":"https:\/\/noticiasveraces.com\/index.php?rest_route=\/wp\/v2\/users\/1"}],"replies":[{"embeddable":true,"href":"https:\/\/noticiasveraces.com\/index.php?rest_route=%2Fwp%2Fv2%2Fcomments&post=24921"}],"version-history":[{"count":0,"href":"https:\/\/noticiasveraces.com\/index.php?rest_route=\/wp\/v2\/posts\/24921\/revisions"}],"wp:featuredmedia":[{"embeddable":true,"href":"https:\/\/noticiasveraces.com\/index.php?rest_route=\/wp\/v2\/media\/24923"}],"wp:attachment":[{"href":"https:\/\/noticiasveraces.com\/index.php?rest_route=%2Fwp%2Fv2%2Fmedia&parent=24921"}],"wp:term":[{"taxonomy":"category","embeddable":true,"href":"https:\/\/noticiasveraces.com\/index.php?rest_route=%2Fwp%2Fv2%2Fcategories&post=24921"},{"taxonomy":"post_tag","embeddable":true,"href":"https:\/\/noticiasveraces.com\/index.php?rest_route=%2Fwp%2Fv2%2Ftags&post=24921"}],"curies":[{"name":"wp","href":"https:\/\/api.w.org\/{rel}","templated":true}]}}