{"id":24915,"date":"2025-04-28T14:10:15","date_gmt":"2025-04-28T18:10:15","guid":{"rendered":"https:\/\/noticiasveraces.com\/?p=24915"},"modified":"2025-04-28T14:10:15","modified_gmt":"2025-04-28T18:10:15","slug":"la-radio-impone-su-fuerza-frente-al-apagon-sociedad","status":"publish","type":"post","link":"https:\/\/noticiasveraces.com\/?p=24915","title":{"rendered":"La radio impone su fuerza frente al apag\u00f3n | Sociedad"},"content":{"rendered":"<p> \n<br \/><img decoding=\"async\" src=\"https:\/\/imagenes.elpais.com\/resizer\/v2\/KZTZKAMSLPB3LH4NNV3WAZDTQ4.jpg?auth=baf74eb5ac36197177eb9545320db7f9102e360f4a2f0b67ba18d6f8d0065a8a\" \/><\/p>\n<div data-dtm-region=\"articulo_cuerpo\">\n<p class=\"\">Un agente de Polic\u00eda que hab\u00eda llegado en la tarde de este lunes hasta la c\u00e9ntrica sede madrile\u00f1a del Senado tras un largo caminar desde la zona de Herrera Oria narra una escena que le hab\u00eda llamado la atenci\u00f3n en medio del \u201ccaos\u201d en la capital de Espa\u00f1a por el apag\u00f3n generalizado. \u201cHab\u00eda una chica joven sentada en un banco sosteniendo un transistor a pilas, junto a una se\u00f1ora mayor a la que probablemente cuidaba. Las dos se estaban informando con la radio sobre la crisis. Y todos los coches que me he cruzado por el camino llevaban la radio dando informaci\u00f3n a todo volumen\u201d. Como sucedi\u00f3 durante la cat\u00e1strofe de la dana hace seis meses en la Comunidad Valenciana o en la noche del Golpe de Estado del 23-F de 1981, el medio radiof\u00f3nico mantiene su capacidad de transmitir informaci\u00f3n esencial cuando el resto de las comunicaciones fallan. As\u00ed es como miles de ciudadanos han conocido el \u201ccero energ\u00e9tico\u201d de este mediod\u00eda y su evoluci\u00f3n durante la jornada. <\/p>\n<p class=\"\">Y as\u00ed es como muchos han escuchado tambi\u00e9n la declaraci\u00f3n institucional del presidente del Gobierno, Pedro S\u00e1nchez, poco despu\u00e9s de las seis de la tarde y en la que no han quedado aclaradas las causas de formidable suceso. \u201cTodav\u00eda no tenemos informaci\u00f3n concluyente sobre los motivos de este corte\u201d, ha transmitido el presidente. \u201cPido a los ciudadanos que se informen por los canales oficiales. No descartamos ninguna hip\u00f3tesis\u201d. S\u00e1nchez ha a\u00f1adido que \u201cno hay problemas de seguridad y los servicios hospitalarios est\u00e1n funcionando y cuentan con autonom\u00eda\u201d. Y ha a\u00f1adido que no hay incidencias en el tr\u00e1fico portuario, mientras que el a\u00e9reo ha quedado reducido un 20% y el ferroviario detenido por motivos de seguridad. La voz del presidente por las ondas hertzianas ha concluido: \u201cSigamos \u00fanicamente informaci\u00f3n oficial. Sabemos que estas crisis son propicias para la propagaci\u00f3n de bulos y desinformaci\u00f3n que lo que hacen es polarizar y causar desasosiego entre la ciudadan\u00eda\u201d. <\/p>\n<p class=\"\">La radio comercial, junto a la p\u00fablica, desarrolla mediante el espacio radioel\u00e9ctrico espa\u00f1ol un servicio p\u00fablico esencial y gratuito, escuchado cada mes por m\u00e1s de 32 millones de oyentes. La \u00faltima ola del Estudio General de Medios (EGM), publicada hace unos d\u00edas y donde queda patente el liderazgo de la SER (cadena de Prisa Media, editor de EL PA\u00cdS), ha reflejado que el consumo diario de radio en Espa\u00f1a cuenta con m\u00e1s de 24 millones de oyentes diarios. Y muchos de ellos en distintos puntos de Espa\u00f1a han salido en busca de transistores, forma m\u00e1s directa de conseguir informaci\u00f3n durante las primeras horas tras el inicio del apag\u00f3n con las programaciones especiales que han modificado sobre la marcha las principales emisoras del pa\u00eds. <\/p>\n<p class=\"\">Una enfermera paseaba por la calle del Mar de Badalona con un peque\u00f1o aparato de radio y tuvo que detenerse porque a su alrededor se congregaba un creciente n\u00famero de personas en busca de noticias. Uno de los bazares regentados por ciudadanos chinos de la calle del Mar permanec\u00eda abierto y en apenas una hora calculaban haber vendido todas las radios disponibles (algunas no funcionaban de entrada) con sus pilas respectivas. \u201cFaltan diez c\u00e9ntimos\u201d, replicaba una empleada a una clienta que ya se llevaba su aparato sin haber abonado todo el importe. Volaban pilas, linternas y velas de las estanter\u00edas del bazar, mientras una mujer se preguntaba qu\u00e9 habr\u00e1 sido de su hijo, de excursi\u00f3n en el parque de atracciones de Port Aventura, informa <b>Jes\u00fas Garc\u00eda. <\/b>A Juan Carlos Le\u00f3n, 49 a\u00f1os, le ha pillado el apag\u00f3n a las puertas de la estaci\u00f3n de Sants de Barcelona, donde estaba decidido, como cada d\u00eda, a tomar un tren hacia Badalona. Cuando le han dicho que iba a ser imposible porque era un caos y convencido de lo que se avecinaba, ha entrado en un bazar para comprar un <i>equipo<\/i> de supervivencia. \u201cHe cogido una radio a bater\u00eda, unos auriculares, pilas y dos velas\u201d, dec\u00eda a\u00fan con los billetes del cambio en la mano, informa <b>Dani Cordero. <\/b><\/p>\n<p class=\"\">En una bocacalle de Alcal\u00e1, la calle m\u00e1s larga de Madrid, un vecino hab\u00eda abierto las puertas de su coche y puso la radio a todo volumen para que los viandantes pudieran escuchar las noticias. A su alrededor, la gente caminaba alternando el paso con miradas furtivas a unos m\u00f3viles que a la altura del distrito de Ciudad Lineal no recib\u00edan se\u00f1al, informa <b>Jos\u00e9 Manuel Abad Li\u00f1\u00e1n<\/b>. En el Barrio de San Blas de Alicante, junto a la estaci\u00f3n de tren, el propietario de la tienda Lo Retro Mola sac\u00f3 un radiocasete a pilas para que los vecinos se informaran. \u201cLa compr\u00e9 hace poco para ponerla a la venta\u201d, dec\u00eda Israel Albert. \u201cEn cuanto se ha ido la luz la he sacado a la calle y ten\u00eda a todo el mundo arremolinado. Es la \u00fanica manera de informarse de todo\u201d, informa <b>Rafa Burgos.<\/b> <\/p>\n<\/div>\n\n","protected":false},"excerpt":{"rendered":"<p>Un agente de Polic\u00eda que hab\u00eda llegado en la tarde de este lunes hasta la c\u00e9ntrica sede madrile\u00f1a del Senado tras un largo caminar desde la zona de Herrera Oria narra una escena que le hab\u00eda llamado la atenci\u00f3n en medio del \u201ccaos\u201d en la capital de Espa\u00f1a por el apag\u00f3n generalizado. \u201cHab\u00eda una chica &hellip;<\/p>\n","protected":false},"author":1,"featured_media":24917,"comment_status":"open","ping_status":"open","sticky":false,"template":"","format":"standard","meta":{"fifu_image_url":"https:\/\/imagenes.elpais.com\/resizer\/v2\/KZTZKAMSLPB3LH4NNV3WAZDTQ4.jpg?auth=baf74eb5ac36197177eb9545320db7f9102e360f4a2f0b67ba18d6f8d0065a8a&width=1200","fifu_image_alt":"","footnotes":""},"categories":[11],"tags":[],"class_list":["post-24915","post","type-post","status-publish","format-standard","has-post-thumbnail","","category-viaje"],"_links":{"self":[{"href":"https:\/\/noticiasveraces.com\/index.php?rest_route=\/wp\/v2\/posts\/24915","targetHints":{"allow":["GET"]}}],"collection":[{"href":"https:\/\/noticiasveraces.com\/index.php?rest_route=\/wp\/v2\/posts"}],"about":[{"href":"https:\/\/noticiasveraces.com\/index.php?rest_route=\/wp\/v2\/types\/post"}],"author":[{"embeddable":true,"href":"https:\/\/noticiasveraces.com\/index.php?rest_route=\/wp\/v2\/users\/1"}],"replies":[{"embeddable":true,"href":"https:\/\/noticiasveraces.com\/index.php?rest_route=%2Fwp%2Fv2%2Fcomments&post=24915"}],"version-history":[{"count":0,"href":"https:\/\/noticiasveraces.com\/index.php?rest_route=\/wp\/v2\/posts\/24915\/revisions"}],"wp:featuredmedia":[{"embeddable":true,"href":"https:\/\/noticiasveraces.com\/index.php?rest_route=\/wp\/v2\/media\/24917"}],"wp:attachment":[{"href":"https:\/\/noticiasveraces.com\/index.php?rest_route=%2Fwp%2Fv2%2Fmedia&parent=24915"}],"wp:term":[{"taxonomy":"category","embeddable":true,"href":"https:\/\/noticiasveraces.com\/index.php?rest_route=%2Fwp%2Fv2%2Fcategories&post=24915"},{"taxonomy":"post_tag","embeddable":true,"href":"https:\/\/noticiasveraces.com\/index.php?rest_route=%2Fwp%2Fv2%2Ftags&post=24915"}],"curies":[{"name":"wp","href":"https:\/\/api.w.org\/{rel}","templated":true}]}}