{"id":24907,"date":"2025-04-28T12:35:14","date_gmt":"2025-04-28T16:35:14","guid":{"rendered":"https:\/\/noticiasveraces.com\/?p=24907"},"modified":"2025-04-28T12:35:14","modified_gmt":"2025-04-28T16:35:14","slug":"espana-portugal-golpeo-con-un-apagon-masivo-causando-un-caos-de-viaje","status":"publish","type":"post","link":"https:\/\/noticiasveraces.com\/?p=24907","title":{"rendered":"Espa\u00f1a, Portugal golpe\u00f3 con un apag\u00f3n masivo, causando un caos de viaje"},"content":{"rendered":"<p> \n<\/p>\n<div>\n<p class=\"speakable\">Un corte de energ\u00eda masivo lleg\u00f3 a Espa\u00f1a y Portugal el lunes, eliminando los sem\u00e1foros y forzando la evacuaci\u00f3n de los sistemas de metro en ambos pa\u00edses, entre otras interrupciones. Se est\u00e1 culpando a un \u00abfen\u00f3meno atmosf\u00e9rico raro\u00bb, seg\u00fan informes.<\/p>\n<p class=\"speakable\">Un gr\u00e1fico en el sitio web de la red de electricidad de Espa\u00f1a que muestra la demanda de energ\u00eda en todo el pa\u00eds indic\u00f3 una fuerte ca\u00edda alrededor de las 12:15 p.m. hora local, de 27,500 megavatios a casi 15,000, seg\u00fan The Associated Press. <\/p>\n<p>\u00abDebido a las variaciones de temperatura extremas en el interior de Espa\u00f1a, hubo oscilaciones an\u00f3malas en las l\u00edneas de alto voltaje, un fen\u00f3meno conocido como vibraci\u00f3n atmosf\u00e9rica inducida\u00bb, dijo Ren, el operador de la cuadr\u00edcula de Portugal. \u00abEstas oscilaciones causaron fallas de sincronizaci\u00f3n entre los sistemas el\u00e9ctricos, lo que llev\u00f3 a perturbaciones sucesivas en la red europea interconectada\u00bb.<\/p>\n<p>Seg\u00fan los informes, Ren describi\u00f3 el incidente como un \u00abfen\u00f3meno atmosf\u00e9rico raro\u00bb. El Centro Nacional de Ciberseguridad Portuguesa emiti\u00f3 un comunicado diciendo que no hab\u00eda se\u00f1ales de que la interrupci\u00f3n se debiera a un ataque cibern\u00e9tico. <\/p>\n<p><strong>La iglesia popular en Espa\u00f1a frenar\u00e1 a las multitudes tur\u00edsticas creando un \u00abespacio selfie\u00bb separado<\/strong><strong> <\/strong><\/p>\n<div class=\"image-ct inline\">\n<div class=\"m\"><picture><source media=\"(max-width: 767px)\" srcset=\"https:\/\/a57.foxnews.com\/static.foxnews.com\/foxnews.com\/content\/uploads\/2025\/04\/343\/192\/spain-power-outage-1.jpg?ve=1&amp;tl=1, https:\/\/a57.foxnews.com\/static.foxnews.com\/foxnews.com\/content\/uploads\/2025\/04\/686\/384\/spain-power-outage-1.jpg?ve=1&amp;tl=1 2x\" height=\"192\" width=\"343\"><source media=\"(min-width: 768px) and (max-width: 1023px)\" srcset=\"https:\/\/a57.foxnews.com\/static.foxnews.com\/foxnews.com\/content\/uploads\/2025\/04\/672\/378\/spain-power-outage-1.jpg?ve=1&amp;tl=1, https:\/\/a57.foxnews.com\/static.foxnews.com\/foxnews.com\/content\/uploads\/2025\/04\/1344\/756\/spain-power-outage-1.jpg?ve=1&amp;tl=1 2x\" height=\"378\" width=\"672\"><source media=\"(min-width: 1024px) and (max-width: 1279px)\" srcset=\"https:\/\/a57.foxnews.com\/static.foxnews.com\/foxnews.com\/content\/uploads\/2025\/04\/931\/523\/spain-power-outage-1.jpg?ve=1&amp;tl=1, https:\/\/a57.foxnews.com\/static.foxnews.com\/foxnews.com\/content\/uploads\/2025\/04\/1862\/1046\/spain-power-outage-1.jpg?ve=1&amp;tl=1 2x\" height=\"523\" width=\"931\"><source media=\"(min-width: 1280px)\" srcset=\"https:\/\/a57.foxnews.com\/static.foxnews.com\/foxnews.com\/content\/uploads\/2025\/04\/720\/405\/spain-power-outage-1.jpg?ve=1&amp;tl=1, https:\/\/a57.foxnews.com\/static.foxnews.com\/foxnews.com\/content\/uploads\/2025\/04\/1440\/810\/spain-power-outage-1.jpg?ve=1&amp;tl=1 2x\" height=\"405\" width=\"720\"><img loading=\"lazy\" decoding=\"async\" src=\"https:\/\/a57.foxnews.com\/static.foxnews.com\/foxnews.com\/content\/uploads\/2025\/04\/1200\/675\/spain-power-outage-1.jpg?ve=1&amp;tl=1\" alt=\"Madrid Outpage de energ\u00eda abierta\" width=\"1200\" height=\"675\"\/><\/source><\/source><\/source><\/source><\/picture><\/div>\n<div class=\"info\">\n<div class=\"caption\">\n<p><span>Los espectadores deambulan dentro del lugar del torneo de tenis abierto de Madrid durante un apag\u00f3n en Madrid, el lunes 28 de abril.<\/span> <span>(AP\/Manu Fern\u00e1ndez)<\/span><\/p>\n<\/div>\n<\/div>\n<\/div>\n<p>El video que se emiti\u00f3 en la televisi\u00f3n espa\u00f1ola mostr\u00f3 a personas que evacuaron las estaciones de metro en Madrid y las estaciones vac\u00edas con trenes detenidos en Barcelona. El parlamento de Espa\u00f1a tambi\u00e9n qued\u00f3 en la oscuridad, inform\u00f3 la emisora \u200b\u200bp\u00fablica RTVE. <\/p>\n<p>La gira de ATP dijo que el juego en el torneo de tenis Open Madrid se suspendi\u00f3 debido al apag\u00f3n. <\/p>\n<div class=\"image-ct inline\">\n<div class=\"m\"><picture><source media=\"(max-width: 767px)\" srcset=\"https:\/\/a57.foxnews.com\/static.foxnews.com\/foxnews.com\/content\/uploads\/2025\/04\/343\/192\/spain-power-outage-4.jpg?ve=1&amp;tl=1, https:\/\/a57.foxnews.com\/static.foxnews.com\/foxnews.com\/content\/uploads\/2025\/04\/686\/384\/spain-power-outage-4.jpg?ve=1&amp;tl=1 2x\" height=\"192\" width=\"343\"><source media=\"(min-width: 768px) and (max-width: 1023px)\" srcset=\"https:\/\/a57.foxnews.com\/static.foxnews.com\/foxnews.com\/content\/uploads\/2025\/04\/672\/378\/spain-power-outage-4.jpg?ve=1&amp;tl=1, https:\/\/a57.foxnews.com\/static.foxnews.com\/foxnews.com\/content\/uploads\/2025\/04\/1344\/756\/spain-power-outage-4.jpg?ve=1&amp;tl=1 2x\" height=\"378\" width=\"672\"><source media=\"(min-width: 1024px) and (max-width: 1279px)\" srcset=\"https:\/\/a57.foxnews.com\/static.foxnews.com\/foxnews.com\/content\/uploads\/2025\/04\/931\/523\/spain-power-outage-4.jpg?ve=1&amp;tl=1, https:\/\/a57.foxnews.com\/static.foxnews.com\/foxnews.com\/content\/uploads\/2025\/04\/1862\/1046\/spain-power-outage-4.jpg?ve=1&amp;tl=1 2x\" height=\"523\" width=\"931\"><source media=\"(min-width: 1280px)\" srcset=\"https:\/\/a57.foxnews.com\/static.foxnews.com\/foxnews.com\/content\/uploads\/2025\/04\/720\/405\/spain-power-outage-4.jpg?ve=1&amp;tl=1, https:\/\/a57.foxnews.com\/static.foxnews.com\/foxnews.com\/content\/uploads\/2025\/04\/1440\/810\/spain-power-outage-4.jpg?ve=1&amp;tl=1 2x\" height=\"405\" width=\"720\"><img loading=\"lazy\" decoding=\"async\" src=\"https:\/\/a57.foxnews.com\/static.foxnews.com\/foxnews.com\/content\/uploads\/2025\/04\/1200\/675\/spain-power-outage-4.jpg?ve=1&amp;tl=1\" alt=\"Train se detuvo debido a la interrupci\u00f3n de la energ\u00eda en Espa\u00f1a\" width=\"1200\" height=\"675\"\/><\/source><\/source><\/source><\/source><\/picture><\/div>\n<div class=\"info\">\n<div class=\"caption\">\n<p><span>Los pasajeros se paran al lado de un tren de alta velocidad detenido cerca de C\u00f3rdoba, Espa\u00f1a, el 28 de abril, durante un apag\u00f3n masivo que afecta a toda la pen\u00ednsula ib\u00e9rica.<\/span> <span>(Javier Soriano\/AFP a trav\u00e9s de Getty Images)<\/span><\/p>\n<\/div>\n<\/div>\n<\/div>\n<p>En Portugal, se evacuaron varios autos de metro de Lisboa, los tribunales dejaron de trabajar y los cajeros autom\u00e1ticos y los sistemas de pago electr\u00f3nico se vieron afectados. Los sem\u00e1foros en Lisboa tambi\u00e9n dejaron de funcionar. <\/p>\n<p><strong>El banquero de Wall Street se lava muerto en Paradise Beach semanas despu\u00e9s de desaparecer de vacaciones<\/strong><strong> <\/strong><\/p>\n<div class=\"image-ct inline\">\n<div class=\"m\"><picture><source media=\"(max-width: 767px)\" srcset=\"https:\/\/a57.foxnews.com\/static.foxnews.com\/foxnews.com\/content\/uploads\/2025\/04\/343\/192\/spain-power-outage-2.jpg?ve=1&amp;tl=1, https:\/\/a57.foxnews.com\/static.foxnews.com\/foxnews.com\/content\/uploads\/2025\/04\/686\/384\/spain-power-outage-2.jpg?ve=1&amp;tl=1 2x\" height=\"192\" width=\"343\"><source media=\"(min-width: 768px) and (max-width: 1023px)\" srcset=\"https:\/\/a57.foxnews.com\/static.foxnews.com\/foxnews.com\/content\/uploads\/2025\/04\/672\/378\/spain-power-outage-2.jpg?ve=1&amp;tl=1, https:\/\/a57.foxnews.com\/static.foxnews.com\/foxnews.com\/content\/uploads\/2025\/04\/1344\/756\/spain-power-outage-2.jpg?ve=1&amp;tl=1 2x\" height=\"378\" width=\"672\"><source media=\"(min-width: 1024px) and (max-width: 1279px)\" srcset=\"https:\/\/a57.foxnews.com\/static.foxnews.com\/foxnews.com\/content\/uploads\/2025\/04\/931\/523\/spain-power-outage-2.jpg?ve=1&amp;tl=1, https:\/\/a57.foxnews.com\/static.foxnews.com\/foxnews.com\/content\/uploads\/2025\/04\/1862\/1046\/spain-power-outage-2.jpg?ve=1&amp;tl=1 2x\" height=\"523\" width=\"931\"><source media=\"(min-width: 1280px)\" srcset=\"https:\/\/a57.foxnews.com\/static.foxnews.com\/foxnews.com\/content\/uploads\/2025\/04\/720\/405\/spain-power-outage-2.jpg?ve=1&amp;tl=1, https:\/\/a57.foxnews.com\/static.foxnews.com\/foxnews.com\/content\/uploads\/2025\/04\/1440\/810\/spain-power-outage-2.jpg?ve=1&amp;tl=1 2x\" height=\"405\" width=\"720\"><img loading=\"lazy\" decoding=\"async\" src=\"https:\/\/a57.foxnews.com\/static.foxnews.com\/foxnews.com\/content\/uploads\/2025\/04\/1200\/675\/spain-power-outage-2.jpg?ve=1&amp;tl=1\" alt=\"Gente abordando un autob\u00fas en Madrid\" width=\"1200\" height=\"675\"\/><\/source><\/source><\/source><\/source><\/picture><\/div>\n<div class=\"info\">\n<div class=\"caption\">\n<p><span>La gente intenta abordar un autob\u00fas lleno de gente despu\u00e9s de que el metro dej\u00f3 de correr en Lisboa, Portugal, el lunes 28 de abril de 2025. <\/span> <span>(AP\/Armando Franca)<\/span><\/p>\n<\/div>\n<\/div>\n<\/div>\n<p>Los aeropuertos espa\u00f1oles operaban en sistemas el\u00e9ctricos de respaldo y algunos vuelos se retrasaron, seg\u00fan Aena, la compa\u00f1\u00eda que administra 56 aeropuertos en Espa\u00f1a, incluidos Madrid y Barcelona.<\/p>\n<p>El aeropuerto de Lisbon dijo en su sitio web que \u00abun corte de energ\u00eda general puede causar restricciones de operaci\u00f3n\u00bb e inst\u00f3 a los viajeros a \u00abcomunicarse con su aerol\u00ednea antes de dirigirse al aeropuerto\u00bb.<\/p>\n<p>Seg\u00fan Reuters, tanto los gobiernos portugueses y espa\u00f1oles convocaron reuniones de gabinete de emergencia para abordar la situaci\u00f3n. Los residentes de ambos pa\u00edses dijeron a Sky News que han observado a las personas que compran agua y otros suministros dentro de los supermercados.<\/p>\n<div class=\"image-ct inline\">\n<div class=\"m\"><picture><source media=\"(max-width: 767px)\" srcset=\"https:\/\/a57.foxnews.com\/static.foxnews.com\/foxnews.com\/content\/uploads\/2025\/04\/343\/192\/spain-power-outage-3.jpg?ve=1&amp;tl=1, https:\/\/a57.foxnews.com\/static.foxnews.com\/foxnews.com\/content\/uploads\/2025\/04\/686\/384\/spain-power-outage-3.jpg?ve=1&amp;tl=1 2x\" height=\"192\" width=\"343\"><source media=\"(min-width: 768px) and (max-width: 1023px)\" srcset=\"https:\/\/a57.foxnews.com\/static.foxnews.com\/foxnews.com\/content\/uploads\/2025\/04\/672\/378\/spain-power-outage-3.jpg?ve=1&amp;tl=1, https:\/\/a57.foxnews.com\/static.foxnews.com\/foxnews.com\/content\/uploads\/2025\/04\/1344\/756\/spain-power-outage-3.jpg?ve=1&amp;tl=1 2x\" height=\"378\" width=\"672\"><source media=\"(min-width: 1024px) and (max-width: 1279px)\" srcset=\"https:\/\/a57.foxnews.com\/static.foxnews.com\/foxnews.com\/content\/uploads\/2025\/04\/931\/523\/spain-power-outage-3.jpg?ve=1&amp;tl=1, https:\/\/a57.foxnews.com\/static.foxnews.com\/foxnews.com\/content\/uploads\/2025\/04\/1862\/1046\/spain-power-outage-3.jpg?ve=1&amp;tl=1 2x\" height=\"523\" width=\"931\"><source media=\"(min-width: 1280px)\" srcset=\"https:\/\/a57.foxnews.com\/static.foxnews.com\/foxnews.com\/content\/uploads\/2025\/04\/720\/405\/spain-power-outage-3.jpg?ve=1&amp;tl=1, https:\/\/a57.foxnews.com\/static.foxnews.com\/foxnews.com\/content\/uploads\/2025\/04\/1440\/810\/spain-power-outage-3.jpg?ve=1&amp;tl=1 2x\" height=\"405\" width=\"720\"><img loading=\"lazy\" decoding=\"async\" src=\"https:\/\/a57.foxnews.com\/static.foxnews.com\/foxnews.com\/content\/uploads\/2025\/04\/1200\/675\/spain-power-outage-3.jpg?ve=1&amp;tl=1\" alt=\"Matiga de energ\u00eda en Espa\u00f1a\" width=\"1200\" height=\"675\"\/><\/source><\/source><\/source><\/source><\/picture><\/div>\n<div class=\"info\">\n<div class=\"caption\">\n<p><span>Un cocinero de un restaurante de comida para llevar trabaja en una cocina oscura con la ayuda de la linterna de un tel\u00e9fono durante un corte de energ\u00eda en Madrid el lunes.<\/span> <span>(Reuters\/Susana Vera)<\/span><\/p>\n<\/div>\n<\/div>\n<\/div>\n<p>El primer ministro espa\u00f1ol, Pedro S\u00e1nchez, tambi\u00e9n visit\u00f3 al operador de cuadr\u00edcula Red El\u00e9ctrica para seguir los esfuerzos para restaurar el poder. <\/p>\n<p>Eduardo Prieto, jefe de operaciones de Red El\u00e9ctrica, dijo a los periodistas que no ten\u00eda precedentes, llamando al evento \u00abexcepcional y extraordinario\u00bb.<\/p>\n<p>\u00abEl voltaje ahora se ha restaurado en subestaciones en varias \u00e1reas del norte, sur y al oeste de la pen\u00ednsula ib\u00e9rica,\u00bb Red El\u00e9ctrica escribi\u00f3 en X. \u00abEste proceso implica la energizaci\u00f3n gradual de la cuadr\u00edcula de transmisi\u00f3n a medida que las unidades generadoras est\u00e1n conectadas\u00bb. <\/p>\n<div class=\"image-ct inline\">\n<div class=\"m\"><picture><source media=\"(max-width: 767px)\" srcset=\"https:\/\/a57.foxnews.com\/static.foxnews.com\/foxnews.com\/content\/uploads\/2025\/04\/343\/192\/portugal-power-outage-2.jpg?ve=1&amp;tl=1, https:\/\/a57.foxnews.com\/static.foxnews.com\/foxnews.com\/content\/uploads\/2025\/04\/686\/384\/portugal-power-outage-2.jpg?ve=1&amp;tl=1 2x\" height=\"192\" width=\"343\"><source media=\"(min-width: 768px) and (max-width: 1023px)\" srcset=\"https:\/\/a57.foxnews.com\/static.foxnews.com\/foxnews.com\/content\/uploads\/2025\/04\/672\/378\/portugal-power-outage-2.jpg?ve=1&amp;tl=1, https:\/\/a57.foxnews.com\/static.foxnews.com\/foxnews.com\/content\/uploads\/2025\/04\/1344\/756\/portugal-power-outage-2.jpg?ve=1&amp;tl=1 2x\" height=\"378\" width=\"672\"><source media=\"(min-width: 1024px) and (max-width: 1279px)\" srcset=\"https:\/\/a57.foxnews.com\/static.foxnews.com\/foxnews.com\/content\/uploads\/2025\/04\/931\/523\/portugal-power-outage-2.jpg?ve=1&amp;tl=1, https:\/\/a57.foxnews.com\/static.foxnews.com\/foxnews.com\/content\/uploads\/2025\/04\/1862\/1046\/portugal-power-outage-2.jpg?ve=1&amp;tl=1 2x\" height=\"523\" width=\"931\"><source media=\"(min-width: 1280px)\" srcset=\"https:\/\/a57.foxnews.com\/static.foxnews.com\/foxnews.com\/content\/uploads\/2025\/04\/720\/405\/portugal-power-outage-2.jpg?ve=1&amp;tl=1, https:\/\/a57.foxnews.com\/static.foxnews.com\/foxnews.com\/content\/uploads\/2025\/04\/1440\/810\/portugal-power-outage-2.jpg?ve=1&amp;tl=1 2x\" height=\"405\" width=\"720\"><img loading=\"lazy\" decoding=\"async\" src=\"https:\/\/a57.foxnews.com\/static.foxnews.com\/foxnews.com\/content\/uploads\/2025\/04\/1200\/675\/portugal-power-outage-2.jpg?ve=1&amp;tl=1\" alt=\"Outage de energ\u00eda en Portugal\" width=\"1200\" height=\"675\"\/><\/source><\/source><\/source><\/source><\/picture><\/div>\n<div class=\"info\">\n<div class=\"caption\">\n<p><span>Una vista muestra una estaci\u00f3n de metro oscura en Lisboa, Portugal, durante un apag\u00f3n generalizado que golpe\u00f3 Espa\u00f1a y Portugal alrededor del mediod\u00eda del lunes.<\/span> <span>(Adri Salido\/Anadolu a trav\u00e9s de Getty Images)<\/span><\/p>\n<\/div>\n<\/div>\n<\/div>\n<p><strong>Haga clic aqu\u00ed para obtener la aplicaci\u00f3n Fox News<\/strong><strong> <\/strong><\/p>\n<p>\u00abLas causas se est\u00e1n analizando, y todos los recursos se dedican a abordar el problema\u00bb, agreg\u00f3. <\/p>\n<p><i>Associated Press contribuy\u00f3 a este informe. <\/i><\/p>\n<p> <!----> <\/p>\n<div class=\"article-meta\">\n<div class=\"author-bio\">\n<p>Greg Norman es reportero de Fox News Digital.<\/p>\n<\/div>\n<\/div>\n<\/div>\n\n","protected":false},"excerpt":{"rendered":"<p>Un corte de energ\u00eda masivo lleg\u00f3 a Espa\u00f1a y Portugal el lunes, eliminando los sem\u00e1foros y forzando la evacuaci\u00f3n de los sistemas de metro en ambos pa\u00edses, entre otras interrupciones. Se est\u00e1 culpando a un \u00abfen\u00f3meno atmosf\u00e9rico raro\u00bb, seg\u00fan informes. Un gr\u00e1fico en el sitio web de la red de electricidad de Espa\u00f1a que muestra &hellip;<\/p>\n","protected":false},"author":1,"featured_media":24909,"comment_status":"open","ping_status":"open","sticky":false,"template":"","format":"standard","meta":{"fifu_image_url":"https:\/\/static.foxnews.com\/foxnews.com\/content\/uploads\/2025\/04\/spain-power-outage-1.jpg","fifu_image_alt":"","footnotes":""},"categories":[13],"tags":[],"class_list":["post-24907","post","type-post","status-publish","format-standard","has-post-thumbnail","","category-mundo"],"_links":{"self":[{"href":"https:\/\/noticiasveraces.com\/index.php?rest_route=\/wp\/v2\/posts\/24907","targetHints":{"allow":["GET"]}}],"collection":[{"href":"https:\/\/noticiasveraces.com\/index.php?rest_route=\/wp\/v2\/posts"}],"about":[{"href":"https:\/\/noticiasveraces.com\/index.php?rest_route=\/wp\/v2\/types\/post"}],"author":[{"embeddable":true,"href":"https:\/\/noticiasveraces.com\/index.php?rest_route=\/wp\/v2\/users\/1"}],"replies":[{"embeddable":true,"href":"https:\/\/noticiasveraces.com\/index.php?rest_route=%2Fwp%2Fv2%2Fcomments&post=24907"}],"version-history":[{"count":0,"href":"https:\/\/noticiasveraces.com\/index.php?rest_route=\/wp\/v2\/posts\/24907\/revisions"}],"wp:featuredmedia":[{"embeddable":true,"href":"https:\/\/noticiasveraces.com\/index.php?rest_route=\/wp\/v2\/media\/24909"}],"wp:attachment":[{"href":"https:\/\/noticiasveraces.com\/index.php?rest_route=%2Fwp%2Fv2%2Fmedia&parent=24907"}],"wp:term":[{"taxonomy":"category","embeddable":true,"href":"https:\/\/noticiasveraces.com\/index.php?rest_route=%2Fwp%2Fv2%2Fcategories&post=24907"},{"taxonomy":"post_tag","embeddable":true,"href":"https:\/\/noticiasveraces.com\/index.php?rest_route=%2Fwp%2Fv2%2Ftags&post=24907"}],"curies":[{"name":"wp","href":"https:\/\/api.w.org\/{rel}","templated":true}]}}