{"id":24892,"date":"2025-04-28T09:40:14","date_gmt":"2025-04-28T13:40:14","guid":{"rendered":"https:\/\/noticiasveraces.com\/?p=24892"},"modified":"2025-04-28T09:40:14","modified_gmt":"2025-04-28T13:40:14","slug":"los-paises-golpean-con-apagones-masivos-que-afectan-los-viajes-y-los-viajes","status":"publish","type":"post","link":"https:\/\/noticiasveraces.com\/?p=24892","title":{"rendered":"Los pa\u00edses golpean con apagones masivos que afectan los viajes y los viajes"},"content":{"rendered":"<p> \n<\/p>\n<div id=\"rcrd78041\" data-testid=\"chat-card-container\">\n<div class=\"styles_time-stamp-social-share-container__pmafU pv1\">\n<div class=\"share-list-container df\"><button class=\"social-share-button\" type=\"button\" data-testid=\"chat-card-social-share-button\" aria-expanded=\"false\" aria-label=\"open social share icon list\" aria-controls=\"share-list-rcrd78041\"><span class=\"share-btn-txt\">Compartir<\/span><img loading=\"lazy\" decoding=\"async\" alt=\"Disparador de icono de acci\u00f3n social\" src=\"data:image\/svg+xml;base64,PHN2ZyBmaWxsPSJub25lIiBoZWlnaHQ9IjMyIiB2aWV3Qm94PSIwIDAgMzIgMzIiIHdpZHRoPSIzMiIgeG1sbnM9Imh0dHA6Ly93d3cudzMub3JnLzIwMDAvc3ZnIj48Y2lyY2xlIGN4PSIxNiIgY3k9IjE2IiBmaWxsPSIjZmZmIiByPSIxNS41IiBzdHJva2U9IiM5OTkiLz48cGF0aCBkPSJtMTQuNjE1NCAyMC4wNzY5aC0zLjUzODVjLTEuMTI3OTMgMC0yLjA4OTQtLjM5NzMtMi44ODQ0LTEuMTkyMXMtMS4xOTI1LTEuNzU2MS0xLjE5MjUtMi44ODM3LjM5NzUtMi4wODkyIDEuMTkyNS0yLjg4NDcgMS43NTY0Ny0xLjE5MzMgMi44ODQ0LTEuMTkzM2gzLjUzODV2MWgtMy41Mzg1Yy0uODQ2MSAwLTEuNTcwNDguMzAxMy0yLjE3MzA1LjkwMzgtLjYwMjU3LjYwMjYtLjkwMzg1IDEuMzI3LS45MDM4NSAyLjE3MzEgMCAuODQ2Mi4zMDEyOCAxLjU3MDUuOTAzODUgMi4xNzMxczEuMzI2OTUuOTAzOCAyLjE3MzA1LjkwMzhoMy41Mzg1em0tMi4xMTU0LTMuNTc2OXYtMWg3djF6bTQuODg0NiAzLjU3Njl2LTFoMy41Mzg1Yy44NDYxIDAgMS41NzA1LS4zMDEyIDIuMTczMS0uOTAzOC42MDI1LS42MDI2LjkwMzgtMS4zMjY5LjkwMzgtMi4xNzMxIDAtLjg0NjEtLjMwMTMtMS41NzA1LS45MDM4LTIuMTczMS0uNjAyNi0uNjAyNS0xLjMyNy0uOTAzOC0yLjE3MzEtLjkwMzhoLTMuNTM4NXYtMWgzLjUzODVjMS4xMjc5IDAgMi4wODk0LjM5NzQgMi44ODQ0IDEuMTkyMnMxLjE5MjUgMS43NTYgMS4xOTI1IDIuODgzNmMwIDEuMTI3Ny0uMzk3NSAyLjA4OTMtMS4xOTI1IDIuODg0OHMtMS43NTY1IDEuMTkzMi0yLjg4NDQgMS4xOTMyeiIgZmlsbD0iIzU1NSIvPjwvc3ZnPg==\" height=\"30\" width=\"30\"\/><\/button><\/div>\n<\/div>\n<h2 class=\"styles_chartCardHeadline__hQEvw\" data-testid=\"chat-card-headline\">El alcalde de Madrid advierte a las personas que mantengan las carreteras despejadas<\/h2>\n<div class=\"styles_authors-container__wY7vB mb3\" data-testid=\"chat-card-authors-container\">\n<div class=\"styles_chatCartByline__mUVLh\" data-testid=\"chat-card-byline-container\">\n<div class=\"styles_chatCardBylineThumbnail__HWngo\" data-testid=\"chat-card-byline-thumbnail\">\n<div class=\"byline-thumbnail byline-thumbnail--has-image styles_bylineThumbnail__mMxrB\" data-testid=\"byline-thumbnail\"><picture data-testid=\"picture\"><source media=\"(min-width: 320px)\" srcset=\"https:\/\/media-cldnry.s-nbcnews.com\/image\/upload\/t_focal-60x60,f_avif,q_auto:eco,dpr_2\/newscms\/2020_03\/3183971\/patrick-smith-circle-byline-template.jpg 2x, https:\/\/media-cldnry.s-nbcnews.com\/image\/upload\/t_focal-60x60,f_auto,q_auto:best\/newscms\/2020_03\/3183971\/patrick-smith-circle-byline-template.jpg 1x\"\/><img decoding=\"async\" loading=\"lazy\" src=\"https:\/\/media-cldnry.s-nbcnews.com\/image\/upload\/t_focal-60x60,f_auto,q_auto:best\/newscms\/2020_03\/3183971\/patrick-smith-circle-byline-template.jpg\" alt=\"\" height=\"48\" width=\"48\"\/><\/picture><\/div>\n<\/div>\n<\/div>\n<\/div>\n<div data-icid=\"live-blog-card-link\" data-testid=\"chat-card-body-container\">\n<p class=\"body-graf\">El alcalde de Madrid, la capital espa\u00f1ola, le ha dicho a las personas que se queden donde est\u00e1n y se aseguran de que las carreteras se mantengan claras para los servicios de emergencia.<\/p>\n<p class=\"body-graf\">\u00abLe pido a todos los residentes de Madrid que mantengan sus movimientos al m\u00ednimo absoluto y, si es posible, permanezca donde est\u00e1n. Queremos mantener todas las carreteras claras\u00bb, dijo Jos\u00e9 Luis Mart\u00ednez-Almeida en un video sobre X.<\/p>\n<p class=\"body-graf\">Agreg\u00f3 que los sem\u00e1foros y las farolas estaban en la ciudad y se hab\u00edan cerrado algunos t\u00faneles de carretera.<\/p>\n<\/div>\n<\/div>\n<div id=\"rcrd78038\" data-testid=\"chat-card-container\">\n<div class=\"styles_time-stamp-social-share-container__pmafU pv1\">\n<div class=\"share-list-container df\"><button class=\"social-share-button\" type=\"button\" data-testid=\"chat-card-social-share-button\" aria-expanded=\"false\" aria-label=\"open social share icon list\" aria-controls=\"share-list-rcrd78038\"><span class=\"share-btn-txt\">Compartir<\/span><img loading=\"lazy\" decoding=\"async\" alt=\"Disparador de icono de acci\u00f3n social\" src=\"data:image\/svg+xml;base64,PHN2ZyBmaWxsPSJub25lIiBoZWlnaHQ9IjMyIiB2aWV3Qm94PSIwIDAgMzIgMzIiIHdpZHRoPSIzMiIgeG1sbnM9Imh0dHA6Ly93d3cudzMub3JnLzIwMDAvc3ZnIj48Y2lyY2xlIGN4PSIxNiIgY3k9IjE2IiBmaWxsPSIjZmZmIiByPSIxNS41IiBzdHJva2U9IiM5OTkiLz48cGF0aCBkPSJtMTQuNjE1NCAyMC4wNzY5aC0zLjUzODVjLTEuMTI3OTMgMC0yLjA4OTQtLjM5NzMtMi44ODQ0LTEuMTkyMXMtMS4xOTI1LTEuNzU2MS0xLjE5MjUtMi44ODM3LjM5NzUtMi4wODkyIDEuMTkyNS0yLjg4NDcgMS43NTY0Ny0xLjE5MzMgMi44ODQ0LTEuMTkzM2gzLjUzODV2MWgtMy41Mzg1Yy0uODQ2MSAwLTEuNTcwNDguMzAxMy0yLjE3MzA1LjkwMzgtLjYwMjU3LjYwMjYtLjkwMzg1IDEuMzI3LS45MDM4NSAyLjE3MzEgMCAuODQ2Mi4zMDEyOCAxLjU3MDUuOTAzODUgMi4xNzMxczEuMzI2OTUuOTAzOCAyLjE3MzA1LjkwMzhoMy41Mzg1em0tMi4xMTU0LTMuNTc2OXYtMWg3djF6bTQuODg0NiAzLjU3Njl2LTFoMy41Mzg1Yy44NDYxIDAgMS41NzA1LS4zMDEyIDIuMTczMS0uOTAzOC42MDI1LS42MDI2LjkwMzgtMS4zMjY5LjkwMzgtMi4xNzMxIDAtLjg0NjEtLjMwMTMtMS41NzA1LS45MDM4LTIuMTczMS0uNjAyNi0uNjAyNS0xLjMyNy0uOTAzOC0yLjE3MzEtLjkwMzhoLTMuNTM4NXYtMWgzLjUzODVjMS4xMjc5IDAgMi4wODk0LjM5NzQgMi44ODQ0IDEuMTkyMnMxLjE5MjUgMS43NTYgMS4xOTI1IDIuODgzNmMwIDEuMTI3Ny0uMzk3NSAyLjA4OTMtMS4xOTI1IDIuODg0OHMtMS43NTY1IDEuMTkzMi0yLjg4NDQgMS4xOTMyeiIgZmlsbD0iIzU1NSIvPjwvc3ZnPg==\" height=\"30\" width=\"30\"\/><\/button><\/div>\n<\/div>\n<h2 class=\"styles_chartCardHeadline__hQEvw\" data-testid=\"chat-card-headline\">Jugar suspendido en el torneo de tenis Open de Madrid<\/h2>\n<div class=\"styles_authors-container__wY7vB mb3\" data-testid=\"chat-card-authors-container\">\n<div class=\"styles_chatCartByline__mUVLh\" data-testid=\"chat-card-byline-container\">\n<div class=\"styles_chatCardBylineThumbnail__HWngo\" data-testid=\"chat-card-byline-thumbnail\">\n<div class=\"byline-thumbnail byline-thumbnail--has-image styles_bylineThumbnail__mMxrB\" data-testid=\"byline-thumbnail\"><picture data-testid=\"picture\"><source media=\"(min-width: 320px)\" srcset=\"https:\/\/media-cldnry.s-nbcnews.com\/image\/upload\/t_focal-60x60,f_avif,q_auto:eco,dpr_2\/newscms\/2020_03\/3183971\/patrick-smith-circle-byline-template.jpg 2x, https:\/\/media-cldnry.s-nbcnews.com\/image\/upload\/t_focal-60x60,f_auto,q_auto:best\/newscms\/2020_03\/3183971\/patrick-smith-circle-byline-template.jpg 1x\"\/><img decoding=\"async\" loading=\"lazy\" src=\"https:\/\/media-cldnry.s-nbcnews.com\/image\/upload\/t_focal-60x60,f_auto,q_auto:best\/newscms\/2020_03\/3183971\/patrick-smith-circle-byline-template.jpg\" alt=\"\" height=\"48\" width=\"48\"\/><\/picture><\/div>\n<\/div>\n<\/div>\n<\/div>\n<div data-icid=\"live-blog-card-link\" data-testid=\"chat-card-body-container\">\n<figure class=\"styles_inlineImage__FvnTh styles_medium__MEKii\"><picture class=\"styles_image__i32F7\" data-testid=\"picture\"><source media=\"(min-width: 1000px)\" srcset=\"https:\/\/media-cldnry.s-nbcnews.com\/image\/upload\/t_fit-560w,f_avif,q_auto:eco,dpr_2\/rockcms\/2025-04\/250428-coco-gauff-mb-1413-8c8288.jpg 2x, https:\/\/media-cldnry.s-nbcnews.com\/image\/upload\/t_fit-560w,f_auto,q_auto:best\/rockcms\/2025-04\/250428-coco-gauff-mb-1413-8c8288.jpg 1x\"\/><source media=\"(min-width: 320px)\" srcset=\"https:\/\/media-cldnry.s-nbcnews.com\/image\/upload\/t_fit-760w,f_avif,q_auto:eco,dpr_2\/rockcms\/2025-04\/250428-coco-gauff-mb-1413-8c8288.jpg 2x, https:\/\/media-cldnry.s-nbcnews.com\/image\/upload\/t_fit-760w,f_auto,q_auto:best\/rockcms\/2025-04\/250428-coco-gauff-mb-1413-8c8288.jpg 1x\"\/><img decoding=\"async\" loading=\"lazy\" src=\"https:\/\/media-cldnry.s-nbcnews.com\/image\/upload\/t_fit-760w,f_auto,q_auto:best\/rockcms\/2025-04\/250428-coco-gauff-mb-1413-8c8288.jpg\" alt=\"Imagen: Mutua Madrid Open - D\u00eda Seven\" height=\"1667\" width=\"2500\"\/><\/picture><figcaption class=\"caption styles_caption__TCewG\" data-testid=\"caption\"><span class=\"caption__container\" data-testid=\"caption__container\">Gobalizaci\u00f3n de Coco de los Estados Unidos en el Madrid Open hoy.<\/span><span class=\"caption__source\" data-testid=\"caption__source\">Julian Finney \/ Getty Images<\/span><\/figcaption><\/figure>\n<p class=\"body-graf\">Los jugadores de tenis en el Madrid Open se vieron obligados a abandonar la cancha a mitad de carrera cuando el corte de energ\u00eda masivo afect\u00f3 a los marcadores y c\u00e1maras, inform\u00f3 el socio internacional de NBC News Sky News.<\/p>\n<p class=\"body-graf\">Los organizadores del torneo dijeron en X que estaban \u00abtrabajando para restaurar la normalidad lo antes posible\u00bb.<\/p>\n<\/div>\n<\/div>\n<div id=\"rcrd78036\" data-testid=\"chat-card-container\">\n<div class=\"styles_time-stamp-social-share-container__pmafU pv1\">\n<div class=\"share-list-container df\"><button class=\"social-share-button\" type=\"button\" data-testid=\"chat-card-social-share-button\" aria-expanded=\"false\" aria-label=\"open social share icon list\" aria-controls=\"share-list-rcrd78036\"><span class=\"share-btn-txt\">Compartir<\/span><img loading=\"lazy\" decoding=\"async\" alt=\"Disparador de icono de acci\u00f3n social\" src=\"data:image\/svg+xml;base64,PHN2ZyBmaWxsPSJub25lIiBoZWlnaHQ9IjMyIiB2aWV3Qm94PSIwIDAgMzIgMzIiIHdpZHRoPSIzMiIgeG1sbnM9Imh0dHA6Ly93d3cudzMub3JnLzIwMDAvc3ZnIj48Y2lyY2xlIGN4PSIxNiIgY3k9IjE2IiBmaWxsPSIjZmZmIiByPSIxNS41IiBzdHJva2U9IiM5OTkiLz48cGF0aCBkPSJtMTQuNjE1NCAyMC4wNzY5aC0zLjUzODVjLTEuMTI3OTMgMC0yLjA4OTQtLjM5NzMtMi44ODQ0LTEuMTkyMXMtMS4xOTI1LTEuNzU2MS0xLjE5MjUtMi44ODM3LjM5NzUtMi4wODkyIDEuMTkyNS0yLjg4NDcgMS43NTY0Ny0xLjE5MzMgMi44ODQ0LTEuMTkzM2gzLjUzODV2MWgtMy41Mzg1Yy0uODQ2MSAwLTEuNTcwNDguMzAxMy0yLjE3MzA1LjkwMzgtLjYwMjU3LjYwMjYtLjkwMzg1IDEuMzI3LS45MDM4NSAyLjE3MzEgMCAuODQ2Mi4zMDEyOCAxLjU3MDUuOTAzODUgMi4xNzMxczEuMzI2OTUuOTAzOCAyLjE3MzA1LjkwMzhoMy41Mzg1em0tMi4xMTU0LTMuNTc2OXYtMWg3djF6bTQuODg0NiAzLjU3Njl2LTFoMy41Mzg1Yy44NDYxIDAgMS41NzA1LS4zMDEyIDIuMTczMS0uOTAzOC42MDI1LS42MDI2LjkwMzgtMS4zMjY5LjkwMzgtMi4xNzMxIDAtLjg0NjEtLjMwMTMtMS41NzA1LS45MDM4LTIuMTczMS0uNjAyNi0uNjAyNS0xLjMyNy0uOTAzOC0yLjE3MzEtLjkwMzhoLTMuNTM4NXYtMWgzLjUzODVjMS4xMjc5IDAgMi4wODk0LjM5NzQgMi44ODQ0IDEuMTkyMnMxLjE5MjUgMS43NTYgMS4xOTI1IDIuODgzNmMwIDEuMTI3Ny0uMzk3NSAyLjA4OTMtMS4xOTI1IDIuODg0OHMtMS43NTY1IDEuMTkzMi0yLjg4NDQgMS4xOTMyeiIgZmlsbD0iIzU1NSIvPjwvc3ZnPg==\" height=\"30\" width=\"30\"\/><\/button><\/div>\n<\/div>\n<h2 class=\"styles_chartCardHeadline__hQEvw\" data-testid=\"chat-card-headline\">El ministro portugu\u00e9s dice que el apag\u00f3n podr\u00eda ser el ciberataque<\/h2>\n<div class=\"styles_authors-container__wY7vB mb3\" data-testid=\"chat-card-authors-container\">\n<div class=\"styles_chatCartByline__mUVLh\" data-testid=\"chat-card-byline-container\">\n<div class=\"styles_chatCardBylineThumbnail__HWngo\" data-testid=\"chat-card-byline-thumbnail\">\n<div class=\"byline-thumbnail byline-thumbnail--has-image styles_bylineThumbnail__mMxrB\" data-testid=\"byline-thumbnail\"><picture data-testid=\"picture\"><source media=\"(min-width: 320px)\" srcset=\"https:\/\/media-cldnry.s-nbcnews.com\/image\/upload\/t_focal-60x60,f_avif,q_auto:eco,dpr_2\/newscms\/2020_03\/3183971\/patrick-smith-circle-byline-template.jpg 2x, https:\/\/media-cldnry.s-nbcnews.com\/image\/upload\/t_focal-60x60,f_auto,q_auto:best\/newscms\/2020_03\/3183971\/patrick-smith-circle-byline-template.jpg 1x\"\/><img decoding=\"async\" loading=\"lazy\" src=\"https:\/\/media-cldnry.s-nbcnews.com\/image\/upload\/t_focal-60x60,f_auto,q_auto:best\/newscms\/2020_03\/3183971\/patrick-smith-circle-byline-template.jpg\" alt=\"\" height=\"48\" width=\"48\"\/><\/picture><\/div>\n<\/div>\n<\/div>\n<\/div>\n<div data-icid=\"live-blog-card-link\" data-testid=\"chat-card-body-container\">\n<p class=\"body-graf\">Un miembro del gobierno portugu\u00e9s ha dicho que la gran interrupci\u00f3n de la energ\u00eda de hoy podr\u00eda haber sido causada por un ataque cibern\u00e9tico malicioso, y agreg\u00f3 que la p\u00e9rdida de poder est\u00e1 afectando no solo a Portugal y Espa\u00f1a, sino tambi\u00e9n a Francia y Alemania. <\/p>\n<p class=\"body-graf\">La agencia de noticias portuguesa Lusa atribuy\u00f3 hoy los comentarios al Ministro para la Cohesi\u00f3n Territorial de Portugal, Manuel Castro Almeida.<\/p>\n<p class=\"body-graf\">El Centro Nacional de Seguridad Cibern\u00e9tica dijo en una declaraci\u00f3n separada que \u00abtodav\u00eda no se ha identificado evidencia que apunte a un ciberataque\u00bb.<\/p>\n<figure class=\"styles_inlineImage__FvnTh styles_medium__MEKii\"><picture class=\"styles_image__i32F7\" data-testid=\"picture\"><source media=\"(min-width: 1000px)\" srcset=\"https:\/\/media-cldnry.s-nbcnews.com\/image\/upload\/t_fit-560w,f_avif,q_auto:eco,dpr_2\/rockcms\/2025-04\/250428-portugal-power-outage-mn-0915-b48e41.jpg 2x, https:\/\/media-cldnry.s-nbcnews.com\/image\/upload\/t_fit-560w,f_auto,q_auto:best\/rockcms\/2025-04\/250428-portugal-power-outage-mn-0915-b48e41.jpg 1x\"\/><source media=\"(min-width: 320px)\" srcset=\"https:\/\/media-cldnry.s-nbcnews.com\/image\/upload\/t_fit-760w,f_avif,q_auto:eco,dpr_2\/rockcms\/2025-04\/250428-portugal-power-outage-mn-0915-b48e41.jpg 2x, https:\/\/media-cldnry.s-nbcnews.com\/image\/upload\/t_fit-760w,f_auto,q_auto:best\/rockcms\/2025-04\/250428-portugal-power-outage-mn-0915-b48e41.jpg 1x\"\/><img decoding=\"async\" loading=\"lazy\" src=\"https:\/\/media-cldnry.s-nbcnews.com\/image\/upload\/t_fit-760w,f_auto,q_auto:best\/rockcms\/2025-04\/250428-portugal-power-outage-mn-0915-b48e41.jpg\" alt=\"Un restaurante oscuro durante un corte de energ\u00eda el 28 de abril de 2025 en Lisboa, Portugal. \" height=\"1334\" width=\"2000\"\/><\/picture><figcaption class=\"caption styles_caption__TCewG\" data-testid=\"caption\"><span class=\"caption__container\" data-testid=\"caption__container\">Un restaurante oscuro en Lisboa hoy. <\/span><span class=\"caption__source\" data-testid=\"caption__source\">Adri Salido \/ Getty Images<\/span><\/figcaption><\/figure>\n<p class=\"body-graf\">Anteriormente, Lusa inform\u00f3 que el gobierno portugu\u00e9s estaba creando un grupo de trabajo para monitorear el apag\u00f3n y dijo que estaba investigando informes que el problema podr\u00eda haberse originado desde fuera del pa\u00eds.<\/p>\n<p><br class=\"\"\/><\/div>\n<\/div>\n<div id=\"rcrd78034\" data-testid=\"chat-card-container\">\n<div class=\"styles_time-stamp-social-share-container__pmafU pv1\">\n<div class=\"share-list-container df\"><button class=\"social-share-button\" type=\"button\" data-testid=\"chat-card-social-share-button\" aria-expanded=\"false\" aria-label=\"open social share icon list\" aria-controls=\"share-list-rcrd78034\"><span class=\"share-btn-txt\">Compartir<\/span><img loading=\"lazy\" decoding=\"async\" alt=\"Disparador de icono de acci\u00f3n social\" src=\"data:image\/svg+xml;base64,PHN2ZyBmaWxsPSJub25lIiBoZWlnaHQ9IjMyIiB2aWV3Qm94PSIwIDAgMzIgMzIiIHdpZHRoPSIzMiIgeG1sbnM9Imh0dHA6Ly93d3cudzMub3JnLzIwMDAvc3ZnIj48Y2lyY2xlIGN4PSIxNiIgY3k9IjE2IiBmaWxsPSIjZmZmIiByPSIxNS41IiBzdHJva2U9IiM5OTkiLz48cGF0aCBkPSJtMTQuNjE1NCAyMC4wNzY5aC0zLjUzODVjLTEuMTI3OTMgMC0yLjA4OTQtLjM5NzMtMi44ODQ0LTEuMTkyMXMtMS4xOTI1LTEuNzU2MS0xLjE5MjUtMi44ODM3LjM5NzUtMi4wODkyIDEuMTkyNS0yLjg4NDcgMS43NTY0Ny0xLjE5MzMgMi44ODQ0LTEuMTkzM2gzLjUzODV2MWgtMy41Mzg1Yy0uODQ2MSAwLTEuNTcwNDguMzAxMy0yLjE3MzA1LjkwMzgtLjYwMjU3LjYwMjYtLjkwMzg1IDEuMzI3LS45MDM4NSAyLjE3MzEgMCAuODQ2Mi4zMDEyOCAxLjU3MDUuOTAzODUgMi4xNzMxczEuMzI2OTUuOTAzOCAyLjE3MzA1LjkwMzhoMy41Mzg1em0tMi4xMTU0LTMuNTc2OXYtMWg3djF6bTQuODg0NiAzLjU3Njl2LTFoMy41Mzg1Yy44NDYxIDAgMS41NzA1LS4zMDEyIDIuMTczMS0uOTAzOC42MDI1LS42MDI2LjkwMzgtMS4zMjY5LjkwMzgtMi4xNzMxIDAtLjg0NjEtLjMwMTMtMS41NzA1LS45MDM4LTIuMTczMS0uNjAyNi0uNjAyNS0xLjMyNy0uOTAzOC0yLjE3MzEtLjkwMzhoLTMuNTM4NXYtMWgzLjUzODVjMS4xMjc5IDAgMi4wODk0LjM5NzQgMi44ODQ0IDEuMTkyMnMxLjE5MjUgMS43NTYgMS4xOTI1IDIuODgzNmMwIDEuMTI3Ny0uMzk3NSAyLjA4OTMtMS4xOTI1IDIuODg0OHMtMS43NTY1IDEuMTkzMi0yLjg4NDQgMS4xOTMyeiIgZmlsbD0iIzU1NSIvPjwvc3ZnPg==\" height=\"30\" width=\"30\"\/><\/button><\/div>\n<\/div>\n<h2 class=\"styles_chartCardHeadline__hQEvw\" data-testid=\"chat-card-headline\">Las empresas navegan por la oscuridad en el noroeste de Espa\u00f1a<\/h2>\n<div class=\"styles_authors-container__wY7vB mb3\" data-testid=\"chat-card-authors-container\">\n<div class=\"styles_chatCartByline__mUVLh\" data-testid=\"chat-card-byline-container\">\n<div class=\"styles_chatCardBylineThumbnail__HWngo\" data-testid=\"chat-card-byline-thumbnail\">\n<div class=\"byline-thumbnail byline-thumbnail--has-image styles_bylineThumbnail__mMxrB\" data-testid=\"byline-thumbnail\"><picture data-testid=\"picture\"><source media=\"(min-width: 320px)\" srcset=\"https:\/\/media-cldnry.s-nbcnews.com\/image\/upload\/t_focal-60x60,f_avif,q_auto:eco,dpr_2\/newscms\/2024_32\/3658427\/240730-max_butterworth.jpg 2x, https:\/\/media-cldnry.s-nbcnews.com\/image\/upload\/t_focal-60x60,f_auto,q_auto:best\/newscms\/2024_32\/3658427\/240730-max_butterworth.jpg 1x\"\/><img decoding=\"async\" loading=\"lazy\" src=\"https:\/\/media-cldnry.s-nbcnews.com\/image\/upload\/t_focal-60x60,f_auto,q_auto:best\/newscms\/2024_32\/3658427\/240730-max_butterworth.jpg\" alt=\"\" height=\"48\" width=\"48\"\/><\/picture><\/div>\n<\/div>\n<\/div>\n<\/div>\n<div data-icid=\"live-blog-card-link\" data-testid=\"chat-card-body-container\">\n<figure class=\"styles_inlineImage__FvnTh styles_medium__MEKii styles_noCaption__qtPhQ\"><picture class=\"styles_image__i32F7\" data-testid=\"picture\"><source media=\"(min-width: 1000px)\" srcset=\"https:\/\/media-cldnry.s-nbcnews.com\/image\/upload\/t_fit-560w,f_avif,q_auto:eco,dpr_2\/rockcms\/2025-04\/250428-spain-blackout-mb-1341-0176c4.jpg 2x, https:\/\/media-cldnry.s-nbcnews.com\/image\/upload\/t_fit-560w,f_auto,q_auto:best\/rockcms\/2025-04\/250428-spain-blackout-mb-1341-0176c4.jpg 1x\"\/><source media=\"(min-width: 320px)\" srcset=\"https:\/\/media-cldnry.s-nbcnews.com\/image\/upload\/t_fit-760w,f_avif,q_auto:eco,dpr_2\/rockcms\/2025-04\/250428-spain-blackout-mb-1341-0176c4.jpg 2x, https:\/\/media-cldnry.s-nbcnews.com\/image\/upload\/t_fit-760w,f_auto,q_auto:best\/rockcms\/2025-04\/250428-spain-blackout-mb-1341-0176c4.jpg 1x\"\/><img decoding=\"async\" loading=\"lazy\" src=\"https:\/\/media-cldnry.s-nbcnews.com\/image\/upload\/t_fit-760w,f_auto,q_auto:best\/rockcms\/2025-04\/250428-spain-blackout-mb-1341-0176c4.jpg\" alt=\"Un corte masivo de energ\u00eda un corte de energ\u00eda masivo afecta a toda la Pen\u00ednsula Ib\u00e9rica y parte de Francia el 28 de abril de 2025, seg\u00fan el operador de la red de electricidad portuguesa Ren. \" height=\"1667\" width=\"2500\"\/><\/picture><figcaption class=\"caption styles_caption__TCewG\" data-testid=\"caption\"><span class=\"caption__source\" data-testid=\"caption__source\">Miguel Riopa \/ AFP &#8211; Getty Images<\/span><\/figcaption><\/figure>\n<figure class=\"styles_inlineImage__FvnTh styles_medium__MEKii\"><picture class=\"styles_image__i32F7\" data-testid=\"picture\"><source media=\"(min-width: 1000px)\" srcset=\"https:\/\/media-cldnry.s-nbcnews.com\/image\/upload\/t_fit-560w,f_avif,q_auto:eco,dpr_2\/rockcms\/2025-04\/250428-spain-blackout-mb-1342-56991d.jpg 2x, https:\/\/media-cldnry.s-nbcnews.com\/image\/upload\/t_fit-560w,f_auto,q_auto:best\/rockcms\/2025-04\/250428-spain-blackout-mb-1342-56991d.jpg 1x\"\/><source media=\"(min-width: 320px)\" srcset=\"https:\/\/media-cldnry.s-nbcnews.com\/image\/upload\/t_fit-760w,f_avif,q_auto:eco,dpr_2\/rockcms\/2025-04\/250428-spain-blackout-mb-1342-56991d.jpg 2x, https:\/\/media-cldnry.s-nbcnews.com\/image\/upload\/t_fit-760w,f_auto,q_auto:best\/rockcms\/2025-04\/250428-spain-blackout-mb-1342-56991d.jpg 1x\"\/><img decoding=\"async\" loading=\"lazy\" src=\"https:\/\/media-cldnry.s-nbcnews.com\/image\/upload\/t_fit-760w,f_auto,q_auto:best\/rockcms\/2025-04\/250428-spain-blackout-mb-1342-56991d.jpg\" alt=\"Un corte masivo de energ\u00eda un corte de energ\u00eda masivo afecta a toda la Pen\u00ednsula Ib\u00e9rica y parte de Francia el 28 de abril de 2025, seg\u00fan el operador de la red de electricidad portuguesa Ren.\" height=\"3409\" width=\"5114\"\/><\/picture><figcaption class=\"caption styles_caption__TCewG\" data-testid=\"caption\"><span class=\"caption__container\" data-testid=\"caption__container\">Una barra cerrada durante un corte de energ\u00eda masivo en Vigo, noroeste de Espa\u00f1a, hoy. <\/span><span class=\"caption__source\" data-testid=\"caption__source\">Miguel Riopa \/ AFP &#8211; Getty Images<\/span><\/figcaption><\/figure>\n<p class=\"body-graf\">Un hombre camina a un ni\u00f1o a trav\u00e9s de un mercado de alimentos oscuro, mientras otro se encuentra en la puerta de un bar vac\u00edo en Vigo, noroeste de Espa\u00f1a, durante un apag\u00f3n nacional que tambi\u00e9n afecta a Portugal vecino. <\/p>\n<\/div>\n<\/div>\n<div id=\"rcrd78033\" data-testid=\"chat-card-container\">\n<div class=\"styles_time-stamp-social-share-container__pmafU pv1\">\n<div class=\"share-list-container df\"><button class=\"social-share-button\" type=\"button\" data-testid=\"chat-card-social-share-button\" aria-expanded=\"false\" aria-label=\"open social share icon list\" aria-controls=\"share-list-rcrd78033\"><span class=\"share-btn-txt\">Compartir<\/span><img loading=\"lazy\" decoding=\"async\" alt=\"Disparador de icono de acci\u00f3n social\" src=\"data:image\/svg+xml;base64,PHN2ZyBmaWxsPSJub25lIiBoZWlnaHQ9IjMyIiB2aWV3Qm94PSIwIDAgMzIgMzIiIHdpZHRoPSIzMiIgeG1sbnM9Imh0dHA6Ly93d3cudzMub3JnLzIwMDAvc3ZnIj48Y2lyY2xlIGN4PSIxNiIgY3k9IjE2IiBmaWxsPSIjZmZmIiByPSIxNS41IiBzdHJva2U9IiM5OTkiLz48cGF0aCBkPSJtMTQuNjE1NCAyMC4wNzY5aC0zLjUzODVjLTEuMTI3OTMgMC0yLjA4OTQtLjM5NzMtMi44ODQ0LTEuMTkyMXMtMS4xOTI1LTEuNzU2MS0xLjE5MjUtMi44ODM3LjM5NzUtMi4wODkyIDEuMTkyNS0yLjg4NDcgMS43NTY0Ny0xLjE5MzMgMi44ODQ0LTEuMTkzM2gzLjUzODV2MWgtMy41Mzg1Yy0uODQ2MSAwLTEuNTcwNDguMzAxMy0yLjE3MzA1LjkwMzgtLjYwMjU3LjYwMjYtLjkwMzg1IDEuMzI3LS45MDM4NSAyLjE3MzEgMCAuODQ2Mi4zMDEyOCAxLjU3MDUuOTAzODUgMi4xNzMxczEuMzI2OTUuOTAzOCAyLjE3MzA1LjkwMzhoMy41Mzg1em0tMi4xMTU0LTMuNTc2OXYtMWg3djF6bTQuODg0NiAzLjU3Njl2LTFoMy41Mzg1Yy44NDYxIDAgMS41NzA1LS4zMDEyIDIuMTczMS0uOTAzOC42MDI1LS42MDI2LjkwMzgtMS4zMjY5LjkwMzgtMi4xNzMxIDAtLjg0NjEtLjMwMTMtMS41NzA1LS45MDM4LTIuMTczMS0uNjAyNi0uNjAyNS0xLjMyNy0uOTAzOC0yLjE3MzEtLjkwMzhoLTMuNTM4NXYtMWgzLjUzODVjMS4xMjc5IDAgMi4wODk0LjM5NzQgMi44ODQ0IDEuMTkyMnMxLjE5MjUgMS43NTYgMS4xOTI1IDIuODgzNmMwIDEuMTI3Ny0uMzk3NSAyLjA4OTMtMS4xOTI1IDIuODg0OHMtMS43NTY1IDEuMTkzMi0yLjg4NDQgMS4xOTMyeiIgZmlsbD0iIzU1NSIvPjwvc3ZnPg==\" height=\"30\" width=\"30\"\/><\/button><\/div>\n<\/div>\n<h2 class=\"styles_chartCardHeadline__hQEvw\" data-testid=\"chat-card-headline\">Un enorme corte de energ\u00eda ha dejado grandes partes de Espa\u00f1a y Portugal en la oscuridad.<\/h2>\n<div class=\"styles_authors-container__wY7vB mb3\" data-testid=\"chat-card-authors-container\">\n<div class=\"styles_chatCartByline__mUVLh\" data-testid=\"chat-card-byline-container\">\n<div class=\"styles_chatCardBylineThumbnail__HWngo\" data-testid=\"chat-card-byline-thumbnail\">\n<div class=\"byline-thumbnail byline-thumbnail--has-image styles_bylineThumbnail__mMxrB\" data-testid=\"byline-thumbnail\"><picture data-testid=\"picture\"><source media=\"(min-width: 320px)\" srcset=\"https:\/\/media-cldnry.s-nbcnews.com\/image\/upload\/t_focal-60x60,f_avif,q_auto:eco,dpr_2\/newscms\/2020_03\/3183971\/patrick-smith-circle-byline-template.jpg 2x, https:\/\/media-cldnry.s-nbcnews.com\/image\/upload\/t_focal-60x60,f_auto,q_auto:best\/newscms\/2020_03\/3183971\/patrick-smith-circle-byline-template.jpg 1x\"\/><img decoding=\"async\" loading=\"lazy\" src=\"https:\/\/media-cldnry.s-nbcnews.com\/image\/upload\/t_focal-60x60,f_auto,q_auto:best\/newscms\/2020_03\/3183971\/patrick-smith-circle-byline-template.jpg\" alt=\"\" height=\"48\" width=\"48\"\/><\/picture><\/div>\n<\/div>\n<\/div>\n<\/div>\n<div data-icid=\"live-blog-card-link\" data-testid=\"chat-card-body-container\">\n<p class=\"body-graf\">Los sem\u00e1foros est\u00e1n apagados en Lisboa, los aviones est\u00e1n atrapados en los aeropuertos y el tenis se suspendi\u00f3 hoy en el Madrid Open como un corte de energ\u00eda inexplicable y generalizado caus\u00f3 el caos a trav\u00e9s de la pen\u00ednsula ib\u00e9rica, hundiendo gran parte de Espa\u00f1a y Portugal en la oscuridad.<\/p>\n<p class=\"body-graf\">La emisora \u200b\u200bdel servicio p\u00fablico espa\u00f1ol RTVE inform\u00f3 que la interrupci\u00f3n justo despu\u00e9s de la hora local del mediod\u00eda (6 a.m. ET), dejando su propia sala de redacci\u00f3n en la oscuridad, as\u00ed como las estaciones de metro de Madrid y el edificio del Parlamento espa\u00f1ol.<\/p>\n<figure class=\"styles_inlineImage__FvnTh styles_medium__MEKii\"><picture class=\"styles_image__i32F7\" data-testid=\"picture\"><source media=\"(min-width: 1000px)\" srcset=\"https:\/\/media-cldnry.s-nbcnews.com\/image\/upload\/t_fit-560w,f_avif,q_auto:eco,dpr_2\/rockcms\/2025-04\/250428-spain-power-mn-0900-6c0cb7.jpg 2x, https:\/\/media-cldnry.s-nbcnews.com\/image\/upload\/t_fit-560w,f_auto,q_auto:best\/rockcms\/2025-04\/250428-spain-power-mn-0900-6c0cb7.jpg 1x\"\/><source media=\"(min-width: 320px)\" srcset=\"https:\/\/media-cldnry.s-nbcnews.com\/image\/upload\/t_fit-760w,f_avif,q_auto:eco,dpr_2\/rockcms\/2025-04\/250428-spain-power-mn-0900-6c0cb7.jpg 2x, https:\/\/media-cldnry.s-nbcnews.com\/image\/upload\/t_fit-760w,f_auto,q_auto:best\/rockcms\/2025-04\/250428-spain-power-mn-0900-6c0cb7.jpg 1x\"\/><img decoding=\"async\" loading=\"lazy\" src=\"https:\/\/media-cldnry.s-nbcnews.com\/image\/upload\/t_fit-760w,f_auto,q_auto:best\/rockcms\/2025-04\/250428-spain-power-mn-0900-6c0cb7.jpg\" alt=\"Un autom\u00f3vil de la polic\u00eda patrulla en una carretera sin sem\u00e1foros operativos en Madrid el 28 de abril de 2025. \" height=\"1334\" width=\"2000\"\/><\/picture><figcaption class=\"caption styles_caption__TCewG\" data-testid=\"caption\"><span class=\"caption__container\" data-testid=\"caption__container\">Un autom\u00f3vil de la polic\u00eda patrulla una carretera sin sem\u00e1foros operativos en Madrid.<\/span><span class=\"caption__source\" data-testid=\"caption__source\">Oscar del Pozo \/ AFP &#8211; Getty Images<\/span><\/figcaption><\/figure>\n<p class=\"body-graf\">El operador de la red el\u00e9ctrica espa\u00f1ola Red Electrica dijo en un comunicado que estaba trabajando con las compa\u00f1\u00edas de energ\u00eda para restaurar la energ\u00eda y que gradualmente comenzaba a recuperar la energ\u00eda en el norte y el sur de la pen\u00ednsula.   <\/p>\n<p class=\"body-graf\">Los dos pa\u00edses tienen una poblaci\u00f3n combinada de 50 millones y no est\u00e1 claro cu\u00e1ntas personas est\u00e1n afectadas. <\/p>\n<\/div>\n<\/div>\n\n","protected":false},"excerpt":{"rendered":"<p>Compartir El alcalde de Madrid advierte a las personas que mantengan las carreteras despejadas El alcalde de Madrid, la capital espa\u00f1ola, le ha dicho a las personas que se queden donde est\u00e1n y se aseguran de que las carreteras se mantengan claras para los servicios de emergencia. \u00abLe pido a todos los residentes de Madrid &hellip;<\/p>\n","protected":false},"author":1,"featured_media":24894,"comment_status":"open","ping_status":"open","sticky":false,"template":"","format":"standard","meta":{"fifu_image_url":"https:\/\/media-cldnry.s-nbcnews.com\/image\/upload\/t_nbcnews-fp-1200-630,f_auto,q_auto:best\/rockcms\/2025-04\/250428-madrid-mb-1330-aff0a7.jpg","fifu_image_alt":"","footnotes":""},"categories":[4],"tags":[],"class_list":["post-24892","post","type-post","status-publish","format-standard","has-post-thumbnail","","category-historias-destacadas"],"_links":{"self":[{"href":"https:\/\/noticiasveraces.com\/index.php?rest_route=\/wp\/v2\/posts\/24892","targetHints":{"allow":["GET"]}}],"collection":[{"href":"https:\/\/noticiasveraces.com\/index.php?rest_route=\/wp\/v2\/posts"}],"about":[{"href":"https:\/\/noticiasveraces.com\/index.php?rest_route=\/wp\/v2\/types\/post"}],"author":[{"embeddable":true,"href":"https:\/\/noticiasveraces.com\/index.php?rest_route=\/wp\/v2\/users\/1"}],"replies":[{"embeddable":true,"href":"https:\/\/noticiasveraces.com\/index.php?rest_route=%2Fwp%2Fv2%2Fcomments&post=24892"}],"version-history":[{"count":0,"href":"https:\/\/noticiasveraces.com\/index.php?rest_route=\/wp\/v2\/posts\/24892\/revisions"}],"wp:featuredmedia":[{"embeddable":true,"href":"https:\/\/noticiasveraces.com\/index.php?rest_route=\/wp\/v2\/media\/24894"}],"wp:attachment":[{"href":"https:\/\/noticiasveraces.com\/index.php?rest_route=%2Fwp%2Fv2%2Fmedia&parent=24892"}],"wp:term":[{"taxonomy":"category","embeddable":true,"href":"https:\/\/noticiasveraces.com\/index.php?rest_route=%2Fwp%2Fv2%2Fcategories&post=24892"},{"taxonomy":"post_tag","embeddable":true,"href":"https:\/\/noticiasveraces.com\/index.php?rest_route=%2Fwp%2Fv2%2Ftags&post=24892"}],"curies":[{"name":"wp","href":"https:\/\/api.w.org\/{rel}","templated":true}]}}