{"id":24889,"date":"2025-04-28T09:31:11","date_gmt":"2025-04-28T13:31:11","guid":{"rendered":"https:\/\/noticiasveraces.com\/?p=24889"},"modified":"2025-04-28T09:31:11","modified_gmt":"2025-04-28T13:31:11","slug":"conclave-para-elegir-el-proximo-pope-comenzara-el-7-de-mayo-revela-el-vaticano","status":"publish","type":"post","link":"https:\/\/noticiasveraces.com\/?p=24889","title":{"rendered":"C\u00f3nclave para elegir el pr\u00f3ximo Pope comenzar\u00e1 el 7 de mayo, revela el Vaticano"},"content":{"rendered":"<p> \n<\/p>\n<div>\n<p class=\"speakable\">El c\u00f3nclave para seleccionar el pr\u00f3ximo Papa comenzar\u00e1 el mi\u00e9rcoles 7 de mayo, seg\u00fan el Vaticano. <\/p>\n<p class=\"speakable\">La fecha fue confirmada el lunes por el portavoz papal Matteo Bruni tras la muerte del Papa Francisco del 21 de abril. <\/p>\n<p>El Vaticano tambi\u00e9n anunci\u00f3 \u00abla Capilla Sixtina estar\u00e1 cerrada al p\u00fablico a partir del lunes 28 de abril de 2025 para los requisitos del c\u00f3nclave\u00bb.<\/p>\n<p>Se estima que 200,000 personas asistieron a una misa especial en la Bas\u00edlica de San Pedro el domingo por el cardenal Pietro Parolin, el Secretario de Estado del Vaticano.  <\/p>\n<p><strong>C\u00f3nclave &#8216;muy, muy diferente&#8217; de las elecciones estadounidenses; &#8216;Cualquier cosa podr\u00eda pasar&#8217;, seg\u00fan un experto<\/strong><strong> <\/strong><\/p>\n<div class=\"image-ct inline\">\n<div class=\"m\"><picture><source media=\"(max-width: 767px)\" srcset=\"https:\/\/a57.foxnews.com\/static.foxnews.com\/foxnews.com\/content\/uploads\/2025\/04\/343\/192\/71c9abec-pope-francis-easter-sunday.jpg?ve=1&amp;tl=1, https:\/\/a57.foxnews.com\/static.foxnews.com\/foxnews.com\/content\/uploads\/2025\/04\/686\/384\/71c9abec-pope-francis-easter-sunday.jpg?ve=1&amp;tl=1 2x\" height=\"192\" width=\"343\"><source media=\"(min-width: 768px) and (max-width: 1023px)\" srcset=\"https:\/\/a57.foxnews.com\/static.foxnews.com\/foxnews.com\/content\/uploads\/2025\/04\/672\/378\/71c9abec-pope-francis-easter-sunday.jpg?ve=1&amp;tl=1, https:\/\/a57.foxnews.com\/static.foxnews.com\/foxnews.com\/content\/uploads\/2025\/04\/1344\/756\/71c9abec-pope-francis-easter-sunday.jpg?ve=1&amp;tl=1 2x\" height=\"378\" width=\"672\"><source media=\"(min-width: 1024px) and (max-width: 1279px)\" srcset=\"https:\/\/a57.foxnews.com\/static.foxnews.com\/foxnews.com\/content\/uploads\/2025\/04\/931\/523\/71c9abec-pope-francis-easter-sunday.jpg?ve=1&amp;tl=1, https:\/\/a57.foxnews.com\/static.foxnews.com\/foxnews.com\/content\/uploads\/2025\/04\/1862\/1046\/71c9abec-pope-francis-easter-sunday.jpg?ve=1&amp;tl=1 2x\" height=\"523\" width=\"931\"><source media=\"(min-width: 1280px)\" srcset=\"https:\/\/a57.foxnews.com\/static.foxnews.com\/foxnews.com\/content\/uploads\/2025\/04\/720\/405\/71c9abec-pope-francis-easter-sunday.jpg?ve=1&amp;tl=1, https:\/\/a57.foxnews.com\/static.foxnews.com\/foxnews.com\/content\/uploads\/2025\/04\/1440\/810\/71c9abec-pope-francis-easter-sunday.jpg?ve=1&amp;tl=1 2x\" height=\"405\" width=\"720\"><img loading=\"lazy\" decoding=\"async\" src=\"https:\/\/a57.foxnews.com\/static.foxnews.com\/foxnews.com\/content\/uploads\/2025\/04\/1200\/675\/71c9abec-pope-francis-easter-sunday.jpg?ve=1&amp;tl=1\" alt=\"Papa Francisco el domingo de Pascua\" width=\"1200\" height=\"675\"\/><\/source><\/source><\/source><\/source><\/picture><\/div>\n<div class=\"info\">\n<div class=\"caption\">\n<p><span>El Papa Francisco aparece en el albergue central de la Bas\u00edlica de San Pedro para otorgar una bendici\u00f3n al final de la misa de Pascua, presidida por el cardenal Angelo Comastri, en la Plaza de San Pedro en el Vaticano el domingo 20 de abril.<\/span> <span>(AP\/Gregorio Borgia)<\/span><\/p>\n<\/div>\n<\/div>\n<\/div>\n<p>\u00abEl pastor a quien el Se\u00f1or le dio a su pueblo, el Papa Francisco, ha terminado su vida terrenal y nos ha dejado\u00bb, dijo Parolin en su homil\u00eda. \u00abEl dolor por su partida, la sensaci\u00f3n de tristeza que nos asalta, la agitaci\u00f3n que sentimos en nuestros corazones, el sentido de desconcierto: estamos experimentando todo esto, como los ap\u00f3stoles afligidos por la muerte de Jes\u00fas. Sin embargo, el evangelio nos dice que es precisamente en estos momentos de la oscuridad que el Se\u00f1or viene a nosotros con la luz de la resurrecci\u00f3n, a iluminado nuestros corazones\u00bb. \u00ab.\u00bb. \u00ab.\u00bb <\/p>\n<p>Parolin, un colaborador cercano de Francis, se considera el n\u00famero 2 en el Vaticano y es uno de los posibles contendientes que sean el pr\u00f3ximo Papa.<\/p>\n<p>El Papa Francisco eligi\u00f3 su lugar de entierro en la Bas\u00edlica Mayor de Santa Mar\u00eda en Roma, cerca de un \u00edcono de la Madonna que vener\u00f3, porque refleja su vida \u00abhumilde, simple y esencial\u00bb, el arzobispo que administra la Bas\u00edlica dijo el viernes.<\/p>\n<p><strong>Notebook del reportero: de John Paul II a Francis, que cubre dos papez hist\u00f3ricas<\/strong><strong> <\/strong><\/p>\n<div class=\"image-ct inline\">\n<div class=\"m\"><picture><source media=\"(max-width: 767px)\" srcset=\"https:\/\/a57.foxnews.com\/static.foxnews.com\/foxnews.com\/content\/uploads\/2025\/04\/343\/192\/cardinals-at-vatican.jpg?ve=1&amp;tl=1, https:\/\/a57.foxnews.com\/static.foxnews.com\/foxnews.com\/content\/uploads\/2025\/04\/686\/384\/cardinals-at-vatican.jpg?ve=1&amp;tl=1 2x\" height=\"192\" width=\"343\"><source media=\"(min-width: 768px) and (max-width: 1023px)\" srcset=\"https:\/\/a57.foxnews.com\/static.foxnews.com\/foxnews.com\/content\/uploads\/2025\/04\/672\/378\/cardinals-at-vatican.jpg?ve=1&amp;tl=1, https:\/\/a57.foxnews.com\/static.foxnews.com\/foxnews.com\/content\/uploads\/2025\/04\/1344\/756\/cardinals-at-vatican.jpg?ve=1&amp;tl=1 2x\" height=\"378\" width=\"672\"><source media=\"(min-width: 1024px) and (max-width: 1279px)\" srcset=\"https:\/\/a57.foxnews.com\/static.foxnews.com\/foxnews.com\/content\/uploads\/2025\/04\/931\/523\/cardinals-at-vatican.jpg?ve=1&amp;tl=1, https:\/\/a57.foxnews.com\/static.foxnews.com\/foxnews.com\/content\/uploads\/2025\/04\/1862\/1046\/cardinals-at-vatican.jpg?ve=1&amp;tl=1 2x\" height=\"523\" width=\"931\"><source media=\"(min-width: 1280px)\" srcset=\"https:\/\/a57.foxnews.com\/static.foxnews.com\/foxnews.com\/content\/uploads\/2025\/04\/720\/405\/cardinals-at-vatican.jpg?ve=1&amp;tl=1, https:\/\/a57.foxnews.com\/static.foxnews.com\/foxnews.com\/content\/uploads\/2025\/04\/1440\/810\/cardinals-at-vatican.jpg?ve=1&amp;tl=1 2x\" height=\"405\" width=\"720\"><img loading=\"lazy\" decoding=\"async\" src=\"https:\/\/a57.foxnews.com\/static.foxnews.com\/foxnews.com\/content\/uploads\/2025\/04\/1200\/675\/cardinals-at-vatican.jpg?ve=1&amp;tl=1\" alt=\"Los cardenales dan respetos a Pope\" width=\"1200\" height=\"675\"\/><\/source><\/source><\/source><\/source><\/picture><\/div>\n<div class=\"info\">\n<div class=\"caption\">\n<p><span>Los cardenales llegan para presentar sus respetos a la tumba del difunto Papa Francisco dentro de St. Mary Major Basilica en Roma, el domingo 27 de abril.<\/span> <span>(AP\/Bernat Armangue)<\/span><\/p>\n<\/div>\n<\/div>\n<\/div>\n<p>Un c\u00f3nclave, organizado por el Camerlengo, actualmente el cardenal Kevin Ferrell, comienza de 15 a 20 d\u00edas despu\u00e9s de la muerte del Papa. <\/p>\n<p>\u00abCualquier cosa podr\u00eda suceder\u00bb, dijo a Fox News Digital, profesor asociado, profesor asociado y presidente de Gudorf en tradiciones intelectuales cat\u00f3licas en la Universidad de Dayton en Ohio. <\/p>\n<p>Durante un c\u00f3nclave, los cardenales votan a trav\u00e9s de una votaci\u00f3n secreta. Se requiere una mayor\u00eda de dos tercios para la elecci\u00f3n. Despu\u00e9s de cada ronda de presentaciones, se leen en voz alta y luego se queman. Las cenizas se utilizan para notificar al p\u00fablico en todo el mundo y a los espectadores en la Plaza de San Pedro del estado de las elecciones. <\/p>\n<div class=\"image-ct inline\">\n<div class=\"m\"><picture><source media=\"(max-width: 767px)\" srcset=\"https:\/\/a57.foxnews.com\/static.foxnews.com\/foxnews.com\/content\/uploads\/2025\/04\/343\/192\/ap25117319048978.jpg?ve=1&amp;tl=1, https:\/\/a57.foxnews.com\/static.foxnews.com\/foxnews.com\/content\/uploads\/2025\/04\/686\/384\/ap25117319048978.jpg?ve=1&amp;tl=1 2x\" height=\"192\" width=\"343\"><source media=\"(min-width: 768px) and (max-width: 1023px)\" srcset=\"https:\/\/a57.foxnews.com\/static.foxnews.com\/foxnews.com\/content\/uploads\/2025\/04\/672\/378\/ap25117319048978.jpg?ve=1&amp;tl=1, https:\/\/a57.foxnews.com\/static.foxnews.com\/foxnews.com\/content\/uploads\/2025\/04\/1344\/756\/ap25117319048978.jpg?ve=1&amp;tl=1 2x\" height=\"378\" width=\"672\"><source media=\"(min-width: 1024px) and (max-width: 1279px)\" srcset=\"https:\/\/a57.foxnews.com\/static.foxnews.com\/foxnews.com\/content\/uploads\/2025\/04\/931\/523\/ap25117319048978.jpg?ve=1&amp;tl=1, https:\/\/a57.foxnews.com\/static.foxnews.com\/foxnews.com\/content\/uploads\/2025\/04\/1862\/1046\/ap25117319048978.jpg?ve=1&amp;tl=1 2x\" height=\"523\" width=\"931\"><source media=\"(min-width: 1280px)\" srcset=\"https:\/\/a57.foxnews.com\/static.foxnews.com\/foxnews.com\/content\/uploads\/2025\/04\/720\/405\/ap25117319048978.jpg?ve=1&amp;tl=1, https:\/\/a57.foxnews.com\/static.foxnews.com\/foxnews.com\/content\/uploads\/2025\/04\/1440\/810\/ap25117319048978.jpg?ve=1&amp;tl=1 2x\" height=\"405\" width=\"720\"><img loading=\"lazy\" decoding=\"async\" src=\"https:\/\/a57.foxnews.com\/static.foxnews.com\/foxnews.com\/content\/uploads\/2025\/04\/1200\/675\/ap25117319048978.jpg?ve=1&amp;tl=1\" alt=\"Multitudes en la plaza de San Pedro para una misa especial el d\u00eda despu\u00e9s del funeral del Papa Francisco\" width=\"1200\" height=\"675\"\/><\/source><\/source><\/source><\/source><\/picture><\/div>\n<div class=\"info\">\n<div class=\"caption\">\n<p><span>Las personas asisten a una misa presidida por el Secretario de Estado del Vaticano, el cardenal Pietro Parolin en el segundo de nueve d\u00edas de luto para el difunto Papa Francisco en la Plaza de San Pedro, en el Vaticano, el domingo 27 de abril. <\/span> <span>(AP\/Andreea Alexandru)<\/span><\/p>\n<\/div>\n<\/div>\n<\/div>\n<p><strong>Haga clic aqu\u00ed para obtener la aplicaci\u00f3n Fox News<\/strong><strong> <\/strong><\/p>\n<p>El humo negro de la Capilla Sixtina en el Vaticano indica que se desarrolla una nueva ronda de votaci\u00f3n. White Smoke se\u00f1ala que se selecciona un nuevo l\u00edder de la Iglesia Cat\u00f3lica Romana. <\/p>\n<p><i>Danielle Wallace de Fox News, Gabriele Regalbuto, Courtney Walsh-Antesi y Associated Press contribuyeron a este informe. <\/i><\/p>\n<p> <!----> <\/p>\n<div class=\"article-meta\">\n<div class=\"author-bio\">\n<p>Greg Norman es reportero de Fox News Digital.<\/p>\n<\/div>\n<\/div>\n<\/div>\n\n","protected":false},"excerpt":{"rendered":"<p>El c\u00f3nclave para seleccionar el pr\u00f3ximo Papa comenzar\u00e1 el mi\u00e9rcoles 7 de mayo, seg\u00fan el Vaticano. La fecha fue confirmada el lunes por el portavoz papal Matteo Bruni tras la muerte del Papa Francisco del 21 de abril. El Vaticano tambi\u00e9n anunci\u00f3 \u00abla Capilla Sixtina estar\u00e1 cerrada al p\u00fablico a partir del lunes 28 de &hellip;<\/p>\n","protected":false},"author":1,"featured_media":24891,"comment_status":"open","ping_status":"open","sticky":false,"template":"","format":"standard","meta":{"fifu_image_url":"https:\/\/static.foxnews.com\/foxnews.com\/content\/uploads\/2025\/04\/71c9abec-pope-francis-easter-sunday.jpg","fifu_image_alt":"","footnotes":""},"categories":[13],"tags":[],"class_list":["post-24889","post","type-post","status-publish","format-standard","has-post-thumbnail","","category-mundo"],"_links":{"self":[{"href":"https:\/\/noticiasveraces.com\/index.php?rest_route=\/wp\/v2\/posts\/24889","targetHints":{"allow":["GET"]}}],"collection":[{"href":"https:\/\/noticiasveraces.com\/index.php?rest_route=\/wp\/v2\/posts"}],"about":[{"href":"https:\/\/noticiasveraces.com\/index.php?rest_route=\/wp\/v2\/types\/post"}],"author":[{"embeddable":true,"href":"https:\/\/noticiasveraces.com\/index.php?rest_route=\/wp\/v2\/users\/1"}],"replies":[{"embeddable":true,"href":"https:\/\/noticiasveraces.com\/index.php?rest_route=%2Fwp%2Fv2%2Fcomments&post=24889"}],"version-history":[{"count":0,"href":"https:\/\/noticiasveraces.com\/index.php?rest_route=\/wp\/v2\/posts\/24889\/revisions"}],"wp:featuredmedia":[{"embeddable":true,"href":"https:\/\/noticiasveraces.com\/index.php?rest_route=\/wp\/v2\/media\/24891"}],"wp:attachment":[{"href":"https:\/\/noticiasveraces.com\/index.php?rest_route=%2Fwp%2Fv2%2Fmedia&parent=24889"}],"wp:term":[{"taxonomy":"category","embeddable":true,"href":"https:\/\/noticiasveraces.com\/index.php?rest_route=%2Fwp%2Fv2%2Fcategories&post=24889"},{"taxonomy":"post_tag","embeddable":true,"href":"https:\/\/noticiasveraces.com\/index.php?rest_route=%2Fwp%2Fv2%2Ftags&post=24889"}],"curies":[{"name":"wp","href":"https:\/\/api.w.org\/{rel}","templated":true}]}}