{"id":24886,"date":"2025-04-28T08:30:14","date_gmt":"2025-04-28T12:30:14","guid":{"rendered":"https:\/\/noticiasveraces.com\/?p=24886"},"modified":"2025-04-28T08:30:14","modified_gmt":"2025-04-28T12:30:14","slug":"los-canadienses-votan-por-el-nuevo-primer-ministro-el-parlamento-cuando-el-presidente-trump-se-asoman","status":"publish","type":"post","link":"https:\/\/noticiasveraces.com\/?p=24886","title":{"rendered":"Los canadienses votan por el nuevo primer ministro, el parlamento cuando el presidente Trump se asoman"},"content":{"rendered":"<p> \n<\/p>\n<div>\n<p class=\"speakable\">Ottawa- En una reversi\u00f3n dram\u00e1tica, los liberales gobernantes, que estaban siguiendo a los conservadores oficiales de la oposici\u00f3n en las encuestas a principios de este a\u00f1o, parecen estar a punto de ganar su cuarto mandato consecutivo en el cargo gracias a las amenazas del presidente Donald Trump contra la econom\u00eda y la soberan\u00eda de Canad\u00e1, seg\u00fan los observadores de las elecciones.<\/p>\n<p class=\"speakable\">\u00abParece que habr\u00e1 un gobierno liberal, que parece ser lo que se\u00f1alan las encuestas, y ser\u00eda una gran sorpresa si los conservadores ganaron\u00bb, dijo Angus Reid, fundador y presidente del Instituto Angus Reid, a Fox News Digital.<\/p>\n<p>En una encuesta del Instituto Angus Reid publicada el 30 de diciembre, los conservadores estaban en territorio de Super Majoridad con 45% de apoyo, en comparaci\u00f3n con los liberales con el 11%. Los resultados de una encuesta publicada el s\u00e1bado tuvieron a los liberales al 44% con una ventaja de cuatro puntos sobre los conservadores con el 40%.<\/p>\n<p><strong>Trump toma el centro del escenario en el debate electoral del primer ministro de Canad\u00e1<\/strong><\/p>\n<div class=\"image-ct inline\">\n<div class=\"m\"><picture><source media=\"(max-width: 767px)\" srcset=\"https:\/\/a57.foxnews.com\/static.foxnews.com\/foxnews.com\/content\/uploads\/2025\/03\/343\/192\/gettyimages-2203690823.jpg?ve=1&amp;tl=1, https:\/\/a57.foxnews.com\/static.foxnews.com\/foxnews.com\/content\/uploads\/2025\/03\/686\/384\/gettyimages-2203690823.jpg?ve=1&amp;tl=1 2x\" height=\"192\" width=\"343\"><source media=\"(min-width: 768px) and (max-width: 1023px)\" srcset=\"https:\/\/a57.foxnews.com\/static.foxnews.com\/foxnews.com\/content\/uploads\/2025\/03\/672\/378\/gettyimages-2203690823.jpg?ve=1&amp;tl=1, https:\/\/a57.foxnews.com\/static.foxnews.com\/foxnews.com\/content\/uploads\/2025\/03\/1344\/756\/gettyimages-2203690823.jpg?ve=1&amp;tl=1 2x\" height=\"378\" width=\"672\"><source media=\"(min-width: 1024px) and (max-width: 1279px)\" srcset=\"https:\/\/a57.foxnews.com\/static.foxnews.com\/foxnews.com\/content\/uploads\/2025\/03\/931\/523\/gettyimages-2203690823.jpg?ve=1&amp;tl=1, https:\/\/a57.foxnews.com\/static.foxnews.com\/foxnews.com\/content\/uploads\/2025\/03\/1862\/1046\/gettyimages-2203690823.jpg?ve=1&amp;tl=1 2x\" height=\"523\" width=\"931\"><source media=\"(min-width: 1280px)\" srcset=\"https:\/\/a57.foxnews.com\/static.foxnews.com\/foxnews.com\/content\/uploads\/2025\/03\/720\/405\/gettyimages-2203690823.jpg?ve=1&amp;tl=1, https:\/\/a57.foxnews.com\/static.foxnews.com\/foxnews.com\/content\/uploads\/2025\/03\/1440\/810\/gettyimages-2203690823.jpg?ve=1&amp;tl=1 2x\" height=\"405\" width=\"720\"><img loading=\"lazy\" decoding=\"async\" src=\"https:\/\/a57.foxnews.com\/static.foxnews.com\/foxnews.com\/content\/uploads\/2025\/03\/1200\/675\/gettyimages-2203690823.jpg?ve=1&amp;tl=1\" alt=\"Mark Carney\" width=\"1200\" height=\"675\"\/><\/source><\/source><\/source><\/source><\/picture><\/div>\n<div class=\"info\">\n<div class=\"caption\">\n<p><span>El l\u00edder liberal canadiense, el primer ministro Mark Carney, habla despu\u00e9s de ser elegido como el nuevo l\u00edder del Partido Liberal, en Ottawa el 9 de marzo de 2025.<\/span> <span>(Getty Images)<\/span><\/p>\n<\/div>\n<\/div>\n<\/div>\n<p>\u00abEsta realmente ha sido una elecci\u00f3n extraordinaria en que, por todos los derechos, los canadienses lo tuvieron con las pol\u00edticas de despertar de los liberales y con su malvado y no le gust\u00f3 a Trudeau\u00bb, dijo Reid.<\/p>\n<p>Explic\u00f3 que la din\u00e1mica pol\u00edtica cambi\u00f3 cuando Justin Trudeau anunci\u00f3 su renuncia cuando el 23\u00ba primer ministro de Canad\u00e1 y Trump fue inaugurado como el 47\u00ba presidente en enero, y el ex gobernador del banco central Mark Carney sucedi\u00f3 a Trudeau como primer ministro y l\u00edder liberal en marzo.<\/p>\n<div class=\"image-ct inline\">\n<div class=\"m\"><picture><source media=\"(max-width: 767px)\" srcset=\"https:\/\/a57.foxnews.com\/static.foxnews.com\/foxnews.com\/content\/uploads\/2025\/04\/343\/192\/canada-trade.png?ve=1&amp;tl=1, https:\/\/a57.foxnews.com\/static.foxnews.com\/foxnews.com\/content\/uploads\/2025\/04\/686\/384\/canada-trade.png?ve=1&amp;tl=1 2x\" height=\"192\" width=\"343\"><source media=\"(min-width: 768px) and (max-width: 1023px)\" srcset=\"https:\/\/a57.foxnews.com\/static.foxnews.com\/foxnews.com\/content\/uploads\/2025\/04\/672\/378\/canada-trade.png?ve=1&amp;tl=1, https:\/\/a57.foxnews.com\/static.foxnews.com\/foxnews.com\/content\/uploads\/2025\/04\/1344\/756\/canada-trade.png?ve=1&amp;tl=1 2x\" height=\"378\" width=\"672\"><source media=\"(min-width: 1024px) and (max-width: 1279px)\" srcset=\"https:\/\/a57.foxnews.com\/static.foxnews.com\/foxnews.com\/content\/uploads\/2025\/04\/931\/523\/canada-trade.png?ve=1&amp;tl=1, https:\/\/a57.foxnews.com\/static.foxnews.com\/foxnews.com\/content\/uploads\/2025\/04\/1862\/1046\/canada-trade.png?ve=1&amp;tl=1 2x\" height=\"523\" width=\"931\"><source media=\"(min-width: 1280px)\" srcset=\"https:\/\/a57.foxnews.com\/static.foxnews.com\/foxnews.com\/content\/uploads\/2025\/04\/720\/405\/canada-trade.png?ve=1&amp;tl=1, https:\/\/a57.foxnews.com\/static.foxnews.com\/foxnews.com\/content\/uploads\/2025\/04\/1440\/810\/canada-trade.png?ve=1&amp;tl=1 2x\" height=\"405\" width=\"720\"><img loading=\"lazy\" decoding=\"async\" src=\"https:\/\/a57.foxnews.com\/static.foxnews.com\/foxnews.com\/content\/uploads\/2025\/04\/1200\/675\/canada-trade.png?ve=1&amp;tl=1\" alt=\"Comercio estadounidense con Canad\u00e1\" width=\"1200\" height=\"675\"\/><\/source><\/source><\/source><\/source><\/picture><\/div>\n<div class=\"info\">\n<div class=\"caption\">\n<p><span>Un cami\u00f3n con veh\u00edculos cruza el borde del puente de agua azul que cruza a los Estados Unidos desde Sarnia, Ontario, Canad\u00e1, el 3 de abril de 2025.<\/span> <span>(Foto de Geoff Robins\/AFP a trav\u00e9s de Getty Images)<\/span><\/p>\n<\/div>\n<\/div>\n<\/div>\n<p>\u00abEntre aranceles y amenazas de anexi\u00f3n, Trump se convirti\u00f3 en el tema m\u00e1s importante en el pa\u00eds durante la noche\u00bb, dijo Reid. \u00abEso le dio a Mark Carney la oportunidad de ser el primero fuera de la puerta para decir que no vamos a soportar esto, somos una naci\u00f3n soberana y vamos a pelear\u00bb.<\/p>\n<p>La campa\u00f1a ha sido una carrera bipartidista entre los liberales y los conservadores y dirigida por dos l\u00edderes claramente diferentes que se centraron en las fortalezas que sus cr\u00edticos consideraron las debilidades.<\/p>\n<p>Carney, un ex ejecutivo de 60 a\u00f1os en Goldman Sachs que nunca ocup\u00f3 un cargo electo antes de ganar el liderazgo liberal, ha pedido a los votantes que consideren, durante un tiempo de crisis econ\u00f3mica alimentada por las amenazas de Trump, su experiencia, que incluye administrar los bancos centrales de Canad\u00e1 e Inglaterra, y como el enviado especial de las Naciones Unidas para la acci\u00f3n clim\u00e1tica y las finanzas. <\/p>\n<div class=\"image-ct inline\">\n<div class=\"m\"><picture><source media=\"(max-width: 767px)\" srcset=\"https:\/\/a57.foxnews.com\/static.foxnews.com\/foxnews.com\/content\/uploads\/2025\/01\/343\/192\/ap24336609281996-scaled.jpg?ve=1&amp;tl=1, https:\/\/a57.foxnews.com\/static.foxnews.com\/foxnews.com\/content\/uploads\/2025\/01\/686\/384\/ap24336609281996-scaled.jpg?ve=1&amp;tl=1 2x\" height=\"192\" width=\"343\"><source media=\"(min-width: 768px) and (max-width: 1023px)\" srcset=\"https:\/\/a57.foxnews.com\/static.foxnews.com\/foxnews.com\/content\/uploads\/2025\/01\/672\/378\/ap24336609281996-scaled.jpg?ve=1&amp;tl=1, https:\/\/a57.foxnews.com\/static.foxnews.com\/foxnews.com\/content\/uploads\/2025\/01\/1344\/756\/ap24336609281996-scaled.jpg?ve=1&amp;tl=1 2x\" height=\"378\" width=\"672\"><source media=\"(min-width: 1024px) and (max-width: 1279px)\" srcset=\"https:\/\/a57.foxnews.com\/static.foxnews.com\/foxnews.com\/content\/uploads\/2025\/01\/931\/523\/ap24336609281996-scaled.jpg?ve=1&amp;tl=1, https:\/\/a57.foxnews.com\/static.foxnews.com\/foxnews.com\/content\/uploads\/2025\/01\/1862\/1046\/ap24336609281996-scaled.jpg?ve=1&amp;tl=1 2x\" height=\"523\" width=\"931\"><source media=\"(min-width: 1280px)\" srcset=\"https:\/\/a57.foxnews.com\/static.foxnews.com\/foxnews.com\/content\/uploads\/2025\/01\/720\/405\/ap24336609281996-scaled.jpg?ve=1&amp;tl=1, https:\/\/a57.foxnews.com\/static.foxnews.com\/foxnews.com\/content\/uploads\/2025\/01\/1440\/810\/ap24336609281996-scaled.jpg?ve=1&amp;tl=1 2x\" height=\"405\" width=\"720\"><img loading=\"lazy\" decoding=\"async\" src=\"https:\/\/a57.foxnews.com\/static.foxnews.com\/foxnews.com\/content\/uploads\/2025\/01\/1200\/675\/ap24336609281996-scaled.jpg?ve=1&amp;tl=1\" alt=\"Poilievre Canada Prime Ministers Race\" width=\"1200\" height=\"675\"\/><\/source><\/source><\/source><\/source><\/picture><\/div>\n<div class=\"info\">\n<div class=\"caption\">\n<p><span>El l\u00edder conservador canadiense Pierre Poilievre celebra una conferencia de prensa en un sal\u00f3n de baile del hotel en Ottawa, Canad\u00e1, el domingo 1 de diciembre de 2024.<\/span> <span>(Ustin Tang\/The Canadian Press a trav\u00e9s de AP)<\/span><\/p>\n<\/div>\n<\/div>\n<\/div>\n<p>Sin embargo, sus detractores lo han acusado de estar fuera de contacto y \u00abno conectado con el hombre com\u00fan\u00bb y ha pasado una buena cantidad de tiempo fuera de Canad\u00e1, como dijo un ex gerente de campa\u00f1a del Partido Nacional Adjunto a Fox News Digital el mes pasado.<\/p>\n<p>Mientras tanto, el mensaje de Poilievre para los votantes es que \u00e9l es el agente del \u00abcambio\u00bb. Sin embargo, sus oponentes afirman que el l\u00edder conservador de 45 a\u00f1os es parte del establecimiento pol\u00edtico, despu\u00e9s de haber pasado casi la mitad de su vida como miembro del Parlamento desde que fue elegido por primera vez en 2004, y el cambio que promociona fue con un cambio en el liderazgo liberal de Trudeau a Carney.<\/p>\n<p><strong>\u00bfQui\u00e9n es Pierre Poilievre? El l\u00edder conservador de Canad\u00e1 que busca convertirse en el pr\u00f3ximo primer ministro despu\u00e9s de la salida de Trudeau<\/strong><\/p>\n<p>Los resultados de una encuesta de IPSOS realizada para noticias globales en Canad\u00e1, publicada el 21 de abril, mostraron una ventaja estrecha de tres puntos para los liberales con un 41% sobre los conservadores con un 38%. <\/p>\n<p>Darrell Bricker, CEO de IPSOS Global Public Affairs, le dijo a Fox News Digital que los liberales estaban por delante de los conservadores por 12 puntos a mediados de abril y han perdido terreno desde \u00abdebido al efecto de Donald Trump, tanto positivo como negativo\u00bb.<\/p>\n<div class=\"image-ct inline\">\n<div class=\"m\"><picture><source media=\"(max-width: 767px)\" srcset=\"https:\/\/a57.foxnews.com\/static.foxnews.com\/foxnews.com\/content\/uploads\/2025\/04\/343\/192\/trump-carney-polievre3.jpg?ve=1&amp;tl=1, https:\/\/a57.foxnews.com\/static.foxnews.com\/foxnews.com\/content\/uploads\/2025\/04\/686\/384\/trump-carney-polievre3.jpg?ve=1&amp;tl=1 2x\" height=\"192\" width=\"343\"><source media=\"(min-width: 768px) and (max-width: 1023px)\" srcset=\"https:\/\/a57.foxnews.com\/static.foxnews.com\/foxnews.com\/content\/uploads\/2025\/04\/672\/378\/trump-carney-polievre3.jpg?ve=1&amp;tl=1, https:\/\/a57.foxnews.com\/static.foxnews.com\/foxnews.com\/content\/uploads\/2025\/04\/1344\/756\/trump-carney-polievre3.jpg?ve=1&amp;tl=1 2x\" height=\"378\" width=\"672\"><source media=\"(min-width: 1024px) and (max-width: 1279px)\" srcset=\"https:\/\/a57.foxnews.com\/static.foxnews.com\/foxnews.com\/content\/uploads\/2025\/04\/931\/523\/trump-carney-polievre3.jpg?ve=1&amp;tl=1, https:\/\/a57.foxnews.com\/static.foxnews.com\/foxnews.com\/content\/uploads\/2025\/04\/1862\/1046\/trump-carney-polievre3.jpg?ve=1&amp;tl=1 2x\" height=\"523\" width=\"931\"><source media=\"(min-width: 1280px)\" srcset=\"https:\/\/a57.foxnews.com\/static.foxnews.com\/foxnews.com\/content\/uploads\/2025\/04\/720\/405\/trump-carney-polievre3.jpg?ve=1&amp;tl=1, https:\/\/a57.foxnews.com\/static.foxnews.com\/foxnews.com\/content\/uploads\/2025\/04\/1440\/810\/trump-carney-polievre3.jpg?ve=1&amp;tl=1 2x\" height=\"405\" width=\"720\"><img loading=\"lazy\" decoding=\"async\" src=\"https:\/\/a57.foxnews.com\/static.foxnews.com\/foxnews.com\/content\/uploads\/2025\/04\/1200\/675\/trump-carney-polievre3.jpg?ve=1&amp;tl=1\" alt=\"Elecciones de Trump Canad\u00e1\" width=\"1200\" height=\"675\"\/><\/source><\/source><\/source><\/source><\/picture><\/div>\n<div class=\"info\">\n<div class=\"caption\">\n<p><span>De izquierda a derecha, el l\u00edder conservador de Canad\u00e1 Pierre Poilievre, el presidente Donald Trump y el primer ministro Mark Carney.<\/span> <span>(Foto de Sean Kilpatrick\/Pool\/AFP a trav\u00e9s de Getty Images | Foto de Dave Chan\/AFP a trav\u00e9s de Getty Images | Foto de Al Drago para el Washington Post a trav\u00e9s de Getty Images)<\/span><\/p>\n<\/div>\n<\/div>\n<\/div>\n<p>\u00abCuando Donald Trump est\u00e1 en las noticias diciendo cosas de 51\u00ba estado, eso vuelve a enfocar el principal problema en el que los liberales conducen, lo que est\u00e1 tratando con \u00e9l\u00bb, dijo Bricker.<\/p>\n<p>\u00abPero en las \u00faltimas dos semanas, Donald Trump se ha oscurecido en Canad\u00e1. Se ha centrado en China, la financiaci\u00f3n del gobierno estadounidense de la Universidad de Harvard, y en la medida en que habla sobre el comercio, se trata de acuerdos comerciales mundiales\u00bb.<\/p>\n<p>Eso, dijo Bricker, ha resultado en que muchos canadienses regresen a su problema principal de asequibilidad previa al control, a trav\u00e9s de la lente de los liberales que dirigen el gobierno durante la \u00faltima d\u00e9cada.<\/p>\n<p>En \u00faltima instancia, el resultado de las elecciones generales del lunes ser\u00e1 decidida por geograf\u00eda, seg\u00fan Bricker, quien<strong> <\/strong>dijo que el voto nacional \u00abse ganar\u00e1 o se perder\u00e1\u00bb en Ontario, particularmente en Toronto y en la llamada regi\u00f3n de 905 circundante, que se refiere al c\u00f3digo de \u00e1rea telef\u00f3nica, donde hay 55 cables (distritos electorales) y aproximadamente 4.5 millones de votantes elegibles.<\/p>\n<p>\u00abEl 905 vot\u00f3 abrumadoramente para los liberales de Justin Trudeau tres veces\u00bb, dijo Bricker. \u00abSi lo vuelven a hacer, los liberales ganar\u00e1n un cuarto mandato consecutivo en el cargo\u00bb.<\/p>\n<p><strong>El nuevo primer ministro de Canad\u00e1 y el cr\u00edtico de Trump, Mark Carney, acus\u00f3 a estar fuera de contacto con el &#8216;hombre com\u00fan&#8217;<\/strong><\/p>\n<div class=\"image-ct inline\">\n<div class=\"m\"><picture><source media=\"(max-width: 767px)\" srcset=\"https:\/\/a57.foxnews.com\/static.foxnews.com\/foxnews.com\/content\/uploads\/2025\/04\/343\/192\/canada-51st-state-protest.jpg?ve=1&amp;tl=1, https:\/\/a57.foxnews.com\/static.foxnews.com\/foxnews.com\/content\/uploads\/2025\/04\/686\/384\/canada-51st-state-protest.jpg?ve=1&amp;tl=1 2x\" height=\"192\" width=\"343\"><source media=\"(min-width: 768px) and (max-width: 1023px)\" srcset=\"https:\/\/a57.foxnews.com\/static.foxnews.com\/foxnews.com\/content\/uploads\/2025\/04\/672\/378\/canada-51st-state-protest.jpg?ve=1&amp;tl=1, https:\/\/a57.foxnews.com\/static.foxnews.com\/foxnews.com\/content\/uploads\/2025\/04\/1344\/756\/canada-51st-state-protest.jpg?ve=1&amp;tl=1 2x\" height=\"378\" width=\"672\"><source media=\"(min-width: 1024px) and (max-width: 1279px)\" srcset=\"https:\/\/a57.foxnews.com\/static.foxnews.com\/foxnews.com\/content\/uploads\/2025\/04\/931\/523\/canada-51st-state-protest.jpg?ve=1&amp;tl=1, https:\/\/a57.foxnews.com\/static.foxnews.com\/foxnews.com\/content\/uploads\/2025\/04\/1862\/1046\/canada-51st-state-protest.jpg?ve=1&amp;tl=1 2x\" height=\"523\" width=\"931\"><source media=\"(min-width: 1280px)\" srcset=\"https:\/\/a57.foxnews.com\/static.foxnews.com\/foxnews.com\/content\/uploads\/2025\/04\/720\/405\/canada-51st-state-protest.jpg?ve=1&amp;tl=1, https:\/\/a57.foxnews.com\/static.foxnews.com\/foxnews.com\/content\/uploads\/2025\/04\/1440\/810\/canada-51st-state-protest.jpg?ve=1&amp;tl=1 2x\" height=\"405\" width=\"720\"><img loading=\"lazy\" decoding=\"async\" src=\"https:\/\/a57.foxnews.com\/static.foxnews.com\/foxnews.com\/content\/uploads\/2025\/04\/1200\/675\/canada-51st-state-protest.jpg?ve=1&amp;tl=1\" alt=\"Cientos de personas se unen contra los Tarrifs de Estados Unidos y las amenazas de anexi\u00f3n en la Legislatura de Manitoba. Cientos se reunieron en la legislatura de Manitoba para un &quot;Rally para Canad\u00e1,&quot; mostrando orgullo nacional y protestando aranceles estadounidenses y amenazas de anexi\u00f3n. El evento cont\u00f3 con hockey de pelota, hamburguesas y m\u00fasica, con asistentes vestidos de rojo y blanco para afirmar la soberan\u00eda de Canad\u00e1.\" width=\"1200\" height=\"675\"\/><\/source><\/source><\/source><\/source><\/picture><\/div>\n<div class=\"info\">\n<div class=\"caption\">\n<p><span>Cientos de personas se unen contra los Tarrifs de Estados Unidos y las amenazas de anexi\u00f3n en la Legislatura de Manitoba. Cientos se reunieron en la Legislatura de Manitoba para una \u00abmanifestaci\u00f3n para Canad\u00e1\u00bb, que muestra el orgullo nacional y protesta por las tarifas estadounidenses y las amenazas de anexi\u00f3n. El evento cont\u00f3 con hockey de pelota, hamburguesas y m\u00fasica, con asistentes vestidos de rojo y blanco para afirmar la soberan\u00eda de Canad\u00e1.<\/span> <span>(Foto de Lyle Stafford\/SOPA Images\/LighTrocket a trav\u00e9s de Getty Images)<\/span><\/p>\n<\/div>\n<\/div>\n<\/div>\n<p>La semana pasada, Carney dijo que si sigue siendo primer ministro despu\u00e9s de las elecciones que tendr\u00eda una reuni\u00f3n con Trump \u00aben cuesti\u00f3n de d\u00edas\u00bb como parte de una \u00abdiscusi\u00f3n ambiciosa y amplia\u00bb sobre un nuevo acuerdo de comercio y seguridad entre Canad\u00e1 y los Estados Unidos.<\/p>\n<p>Reid dijo que la demostraci\u00f3n mejorada de los liberales no fue solo sobre el calentamiento de los canadienses con Carney, sino tambi\u00e9n sobre el fracaso del l\u00edder conservador Pierre Poilievre para girar el dial de enfocarse en un impuesto al carbono del consumidor, que el l\u00edder liberal cancel\u00f3 el 1 de abril en su primer acto como primer ministro, y \u00aba\u00fan reflexionando sobre Trudeau despu\u00e9s de que \u00e9l hubiera ido, en lugar de saltar de manera directa a la amenaza de triunfo y convertirse en algo en lo que le dir\u00eda el cargo de la cargos en el cargo\u00bb. \u00ab\u00bb \u00ab.<\/p>\n<p>La iron\u00eda, en opini\u00f3n de Reid, es que \u00abTrump pone en peligro la campa\u00f1a de un individuo que podr\u00eda ser de muchas maneras su hermanastro en Canad\u00e1\u00bb, dijo sobre Poilievre, a quien llam\u00f3<i><strong> <\/strong><\/i>\u00abMini-Trump\u00bb y su \u00abpostura anti-despierta\u00bb de menor gobierno-\u00abPol\u00edticas al estilo Trump que el derecho estadounidense podr\u00eda querer ver en Canad\u00e1 y ciertamente muchos canadienses en el derecho quieren ver\u00bb.<\/p>\n<p><strong><u>Haga clic aqu\u00ed para obtener la aplicaci\u00f3n Fox News<\/u><\/strong><\/p>\n<p>Seg\u00fan Elections Canada, un r\u00e9cord de 7.3 millones de canadienses arroj\u00f3 sus votos por adelantado las encuestas durante el fin de semana de Pascua. Con el pa\u00eds que tiene seis zonas horarias, no se espera que los resultados se conozcan hasta el lunes por la noche.<\/p>\n<p> <!----> <\/p>\n<div class=\"article-meta\">\n<div class=\"author-bio\">\n<p>Christopher Guly es un periodista con sede en Ottawa y miembro de la galer\u00eda de prensa parlamentaria canadiense. Ha informado desde Canad\u00e1 para varios medios de comunicaci\u00f3n en los Estados Unidos y el Reino Unido que puede ser seguido en X @christopherguly<\/p>\n<\/div>\n<\/div>\n<\/div>\n\n","protected":false},"excerpt":{"rendered":"<p>Ottawa- En una reversi\u00f3n dram\u00e1tica, los liberales gobernantes, que estaban siguiendo a los conservadores oficiales de la oposici\u00f3n en las encuestas a principios de este a\u00f1o, parecen estar a punto de ganar su cuarto mandato consecutivo en el cargo gracias a las amenazas del presidente Donald Trump contra la econom\u00eda y la soberan\u00eda de Canad\u00e1, &hellip;<\/p>\n","protected":false},"author":1,"featured_media":24888,"comment_status":"open","ping_status":"open","sticky":false,"template":"","format":"standard","meta":{"fifu_image_url":"https:\/\/static.foxnews.com\/foxnews.com\/content\/uploads\/2025\/04\/trump-carney-polievre3.jpg","fifu_image_alt":"","footnotes":""},"categories":[13],"tags":[],"class_list":["post-24886","post","type-post","status-publish","format-standard","has-post-thumbnail","","category-mundo"],"_links":{"self":[{"href":"https:\/\/noticiasveraces.com\/index.php?rest_route=\/wp\/v2\/posts\/24886","targetHints":{"allow":["GET"]}}],"collection":[{"href":"https:\/\/noticiasveraces.com\/index.php?rest_route=\/wp\/v2\/posts"}],"about":[{"href":"https:\/\/noticiasveraces.com\/index.php?rest_route=\/wp\/v2\/types\/post"}],"author":[{"embeddable":true,"href":"https:\/\/noticiasveraces.com\/index.php?rest_route=\/wp\/v2\/users\/1"}],"replies":[{"embeddable":true,"href":"https:\/\/noticiasveraces.com\/index.php?rest_route=%2Fwp%2Fv2%2Fcomments&post=24886"}],"version-history":[{"count":0,"href":"https:\/\/noticiasveraces.com\/index.php?rest_route=\/wp\/v2\/posts\/24886\/revisions"}],"wp:featuredmedia":[{"embeddable":true,"href":"https:\/\/noticiasveraces.com\/index.php?rest_route=\/wp\/v2\/media\/24888"}],"wp:attachment":[{"href":"https:\/\/noticiasveraces.com\/index.php?rest_route=%2Fwp%2Fv2%2Fmedia&parent=24886"}],"wp:term":[{"taxonomy":"category","embeddable":true,"href":"https:\/\/noticiasveraces.com\/index.php?rest_route=%2Fwp%2Fv2%2Fcategories&post=24886"},{"taxonomy":"post_tag","embeddable":true,"href":"https:\/\/noticiasveraces.com\/index.php?rest_route=%2Fwp%2Fv2%2Ftags&post=24886"}],"curies":[{"name":"wp","href":"https:\/\/api.w.org\/{rel}","templated":true}]}}