{"id":24879,"date":"2025-04-28T07:28:36","date_gmt":"2025-04-28T11:28:36","guid":{"rendered":"https:\/\/noticiasveraces.com\/?p=24879"},"modified":"2025-04-28T07:28:36","modified_gmt":"2025-04-28T11:28:36","slug":"el-conclave-para-elegir-nuevo-papa-empezara-el-7-de-mayo-dw-28-04-2025","status":"publish","type":"post","link":"https:\/\/noticiasveraces.com\/?p=24879","title":{"rendered":"El c\u00f3nclave para elegir nuevo papa empezar\u00e1 el 7 de mayo \u2013 DW \u2013 28\/04\/2025"},"content":{"rendered":"<p> \n<\/p>\n<div>\n<p>Seg\u00fan se anunci\u00f3\u00a0el lunes (28.4.2025), el c\u00f3nclave dar\u00e1 comienzo el mi\u00e9rcoles, 7 de mayo de 2025.\u00a0La fecha se decidi\u00f3 durante una reuni\u00f3n a puerta cerrada de los cardenales en el Vaticano, la primera desde el funeral del papa. <\/p>\n<p>Unos 135 cardenales, todos menores de 80 a\u00f1os y de todo el mundo, pueden participar en el c\u00f3nclave y decidir qui\u00e9n\u00a0qui\u00e9n ser\u00e1 el pr\u00f3ximo l\u00edder de la Iglesia cat\u00f3lica, que cuenta con 1.400 millones de miembros.\u00a0Los dos c\u00f3nclaves anteriores, celebrados en 2005 y 2013, duraron s\u00f3lo dos d\u00edas.<\/p>\n<h2>Cierre de la Capilla Sixtina<\/h2>\n<p>La Capilla Sixtina ha sido cerrada\u00a0al p\u00fablico para iniciar los preparativos del c\u00f3nclave, inform\u00f3, por su parte, el Museo Vaticano, organismo que gestiona las visitas de este lugar emblem\u00e1tico que recibe a millones de visitantes al a\u00f1o.<\/p>\n<p>\u00abSe comunica que la Capilla Sixtina estar\u00e1 cerrada al p\u00fablico a partir del lunes 28 de abril de 2025 debido a las exigencias del C\u00f3nclave\u00bb, indic\u00f3 un mensaje en la web del museo. <\/p>\n<p>MS (Reuters\/AFP\/ANSA)<\/p>\n<\/p>\n<\/div>\n\n","protected":false},"excerpt":{"rendered":"<p>Seg\u00fan se anunci\u00f3\u00a0el lunes (28.4.2025), el c\u00f3nclave dar\u00e1 comienzo el mi\u00e9rcoles, 7 de mayo de 2025.\u00a0La fecha se decidi\u00f3 durante una reuni\u00f3n a puerta cerrada de los cardenales en el Vaticano, la primera desde el funeral del papa. Unos 135 cardenales, todos menores de 80 a\u00f1os y de todo el mundo, pueden participar en el &hellip;<\/p>\n","protected":false},"author":1,"featured_media":24880,"comment_status":"open","ping_status":"open","sticky":false,"template":"","format":"standard","meta":{"fifu_image_url":"https:\/\/static.dw.com\/image\/72306953_6.jpg","fifu_image_alt":"","footnotes":""},"categories":[13],"tags":[],"class_list":["post-24879","post","type-post","status-publish","format-standard","has-post-thumbnail","","category-mundo"],"_links":{"self":[{"href":"https:\/\/noticiasveraces.com\/index.php?rest_route=\/wp\/v2\/posts\/24879","targetHints":{"allow":["GET"]}}],"collection":[{"href":"https:\/\/noticiasveraces.com\/index.php?rest_route=\/wp\/v2\/posts"}],"about":[{"href":"https:\/\/noticiasveraces.com\/index.php?rest_route=\/wp\/v2\/types\/post"}],"author":[{"embeddable":true,"href":"https:\/\/noticiasveraces.com\/index.php?rest_route=\/wp\/v2\/users\/1"}],"replies":[{"embeddable":true,"href":"https:\/\/noticiasveraces.com\/index.php?rest_route=%2Fwp%2Fv2%2Fcomments&post=24879"}],"version-history":[{"count":0,"href":"https:\/\/noticiasveraces.com\/index.php?rest_route=\/wp\/v2\/posts\/24879\/revisions"}],"wp:featuredmedia":[{"embeddable":true,"href":"https:\/\/noticiasveraces.com\/index.php?rest_route=\/wp\/v2\/media\/24880"}],"wp:attachment":[{"href":"https:\/\/noticiasveraces.com\/index.php?rest_route=%2Fwp%2Fv2%2Fmedia&parent=24879"}],"wp:term":[{"taxonomy":"category","embeddable":true,"href":"https:\/\/noticiasveraces.com\/index.php?rest_route=%2Fwp%2Fv2%2Fcategories&post=24879"},{"taxonomy":"post_tag","embeddable":true,"href":"https:\/\/noticiasveraces.com\/index.php?rest_route=%2Fwp%2Fv2%2Ftags&post=24879"}],"curies":[{"name":"wp","href":"https:\/\/api.w.org\/{rel}","templated":true}]}}