{"id":24857,"date":"2025-04-28T04:09:15","date_gmt":"2025-04-28T08:09:15","guid":{"rendered":"https:\/\/noticiasveraces.com\/?p=24857"},"modified":"2025-04-28T04:09:15","modified_gmt":"2025-04-28T08:09:15","slug":"exjugador-e-idolo-de-santa-fe-pudo-ser-presidente-antes-de-eduardo-mendez-historia-secreta-curiosidades-de-futbol","status":"publish","type":"post","link":"https:\/\/noticiasveraces.com\/?p=24857","title":{"rendered":"Exjugador e \u00eddolo de Santa Fe pudo ser presidente antes de Eduardo M\u00e9ndez: historia secreta | Curiosidades de f\u00fatbol"},"content":{"rendered":"<p> \n<br \/><img decoding=\"async\" src=\"https:\/\/www.futbolred.com\/files\/article_graphic\/uploads\/2025\/04\/28\/680f1e0ae9678.jpeg\" \/><\/p>\n<div id=\"cuerpoArticulo\">\n<p class=\"texto intro\" id=\"pnull-m194-193-195\">En <b>Santa Fe<\/b> todav\u00eda est\u00e1 vivo el recuerdo de la \u00e9poca m\u00e1s gloriosa que vivi\u00f3 el equipo bogotano, entre 2009 y 2016, rompiendo una racha que dur\u00f3 d\u00e9cadas sin ganar nada.<\/p>\n<p>La nostalgia embarga a los aficionados, que recuerdan que el cardenal gan\u00f3 3 t\u00edtulos de Liga colombiana, 3 Superligas, 1 Copa Colombia, 1 Copa Sudamericana y un t\u00edtulo de la Suruga Bank. Nueve gloriosos momentos que se vivieron con C\u00e9sar Pastrana como presidente, aunque la Copa, que abri\u00f3 el camino de gloria, se gan\u00f3 en 2009, con Armando Farf\u00e1n como cabeza dirigencial.<\/p>\n<p>Todos esos t\u00edtulos son cosas del pasado, pues ya van a cumplirse 9 a\u00f1os en los que solo se gan\u00f3 una Superliga (2021), y se han perdido tres finales de Liga. Adem\u00e1s, en este 2025 se vive un momento complicado en lo deportivo.<\/p>\n<p class=\"texto contenido-parrafo-articulo\" id=\"pnull-m206-2-207\">En 2018, C\u00e9sar Pastrana tom\u00f3 la sorpresiva decisi\u00f3n de renunciar, cuando su ascendente carrera lo ten\u00eda entre los candidatos para dirigir Federaci\u00f3n Colombiana de F\u00fatbol o Dimayor. En su reemplazo lleg\u00f3 Juan Andr\u00e9s Carre\u00f1o, de discutida gesti\u00f3n, pues cuando se fue, dej\u00f3 una crisis econ\u00f3mica que todav\u00eda est\u00e1 subsanando Eduardo M\u00e9ndez, el actual presidente.<\/p>\n<p>Sin embargo, antes de llegar Carre\u00f1o, en Santa Fe estuvo muy cerca de nombrarse a un exjugador que gan\u00f3 todo, y es considerado \u00eddolo y referente de esa \u00e9poca gloriosa.<\/p>\n<p>Se trata de Agust\u00edn Julio, arquero que fue protagonista en el t\u00edtulo de la Copa Colombia 2009, y que luego se destac\u00f3 como gerente deportivo en esa seguidilla de t\u00edtulos nacionales e internacionales; adem\u00e1s, fue entrenador interino del equipo masculino, y hasta fue campe\u00f3n como DT del equipo femenino.<\/p>\n<p>\u201cEn el 2018, yo iba a ser presidente de Santa Fe. Cuando sali\u00f3 (C\u00e9sar) Pastrana, a m\u00ed me ofreci\u00f3 la presidencia\u201d, confes\u00f3 Julio en una entrevista al canal de YouTube \u2018Le\u00f3n\u2019.<\/p>\n<p class=\"texto contenido-parrafo-articulo\" id=\"pnull-m459-6-460\">El cartagenero, recordado como \u2018San Agust\u00edn\u2019, revel\u00f3: \u201cCuando Pastrana decide no continuar, me consulta y me dice: \u2018Julio, ya tu hiciste el recorrido. Yo no voy a seguir en Santa Fe, me gustar\u00eda que tu fueras el presidente, yo te voy a proponer a la Junta Directiva\u2019\u201d.<\/p>\n<p>\u201cFue un golpe muy impactante, porque yo no lo esperaba. As\u00ed que le ped\u00ed que me diera una semana, para consultarlo con amigos empresarios. Yo habl\u00e9 con los patrocinadores que estaban: Huawei, N\u00e9ctar, y me apoyaron. Pude revisar libros [contables]\u2026\u201d, continu\u00f3 Agust\u00edn.<\/p>\n<p>Sin embargo, finalmente \u201clleg\u00f3 Juan Andr\u00e9s (Carre\u00f1o) a la presidencia de Santa Fe, y segu\u00ed yo como gerente\u201d, concluy\u00f3 Julio.<\/p>\n<p class=\"texto contenido-parrafo-articulo\" id=\"pnull-m248-3-249\"><b><i><u>(Ver video desde 29:17 a 31:50)<\/u><\/i><\/b><\/p>\n<p><a href=\"https:\/\/www.youtube.com\/watch?v=-6dgju316xo\">https:\/\/www.youtube.com\/watch?v=-6dgju316xo<\/a><\/p>\n<\/p><\/div>\n\n","protected":false},"excerpt":{"rendered":"<p>En Santa Fe todav\u00eda est\u00e1 vivo el recuerdo de la \u00e9poca m\u00e1s gloriosa que vivi\u00f3 el equipo bogotano, entre 2009 y 2016, rompiendo una racha que dur\u00f3 d\u00e9cadas sin ganar nada. La nostalgia embarga a los aficionados, que recuerdan que el cardenal gan\u00f3 3 t\u00edtulos de Liga colombiana, 3 Superligas, 1 Copa Colombia, 1 Copa &hellip;<\/p>\n","protected":false},"author":1,"featured_media":24859,"comment_status":"open","ping_status":"open","sticky":false,"template":"","format":"standard","meta":{"fifu_image_url":"https:\/\/www.futbolred.com\/files\/og_thumbnail\/uploads\/2025\/04\/28\/680f1e0ae9678.jpeg","fifu_image_alt":"","footnotes":""},"categories":[6],"tags":[],"class_list":["post-24857","post","type-post","status-publish","format-standard","has-post-thumbnail","","category-deportes"],"_links":{"self":[{"href":"https:\/\/noticiasveraces.com\/index.php?rest_route=\/wp\/v2\/posts\/24857","targetHints":{"allow":["GET"]}}],"collection":[{"href":"https:\/\/noticiasveraces.com\/index.php?rest_route=\/wp\/v2\/posts"}],"about":[{"href":"https:\/\/noticiasveraces.com\/index.php?rest_route=\/wp\/v2\/types\/post"}],"author":[{"embeddable":true,"href":"https:\/\/noticiasveraces.com\/index.php?rest_route=\/wp\/v2\/users\/1"}],"replies":[{"embeddable":true,"href":"https:\/\/noticiasveraces.com\/index.php?rest_route=%2Fwp%2Fv2%2Fcomments&post=24857"}],"version-history":[{"count":0,"href":"https:\/\/noticiasveraces.com\/index.php?rest_route=\/wp\/v2\/posts\/24857\/revisions"}],"wp:featuredmedia":[{"embeddable":true,"href":"https:\/\/noticiasveraces.com\/index.php?rest_route=\/wp\/v2\/media\/24859"}],"wp:attachment":[{"href":"https:\/\/noticiasveraces.com\/index.php?rest_route=%2Fwp%2Fv2%2Fmedia&parent=24857"}],"wp:term":[{"taxonomy":"category","embeddable":true,"href":"https:\/\/noticiasveraces.com\/index.php?rest_route=%2Fwp%2Fv2%2Fcategories&post=24857"},{"taxonomy":"post_tag","embeddable":true,"href":"https:\/\/noticiasveraces.com\/index.php?rest_route=%2Fwp%2Fv2%2Ftags&post=24857"}],"curies":[{"name":"wp","href":"https:\/\/api.w.org\/{rel}","templated":true}]}}