{"id":24855,"date":"2025-04-28T04:02:16","date_gmt":"2025-04-28T08:02:16","guid":{"rendered":"https:\/\/noticiasveraces.com\/?p=24855"},"modified":"2025-04-28T04:02:16","modified_gmt":"2025-04-28T08:02:16","slug":"la-fundacion-de-michael-j-fox-se-alia-con-intel-para-estudiar-el-parkinson","status":"publish","type":"post","link":"https:\/\/noticiasveraces.com\/?p=24855","title":{"rendered":"La fundaci\u00f3n de Michael J. Fox se al\u00eda con Intel para estudiar el Parkinson"},"content":{"rendered":"<p> \n<\/p>\n<div id=\"\">\n<figure class=\"bbc-1qn0xuy\">\n<div class=\"bbc-j1srjl\" style=\"padding-bottom:56.25%\"><img fetchpriority=\"high\" decoding=\"async\" srcset=\"https:\/\/ichef.bbci.co.uk\/ace\/ws\/240\/amz\/worldservice\/live\/assets\/images\/2014\/08\/14\/140814162007_tecnologia_michael_fox_intel_parkinson_aplicacion_624x351_getty.jpg.webp 240w, https:\/\/ichef.bbci.co.uk\/ace\/ws\/320\/amz\/worldservice\/live\/assets\/images\/2014\/08\/14\/140814162007_tecnologia_michael_fox_intel_parkinson_aplicacion_624x351_getty.jpg.webp 320w, https:\/\/ichef.bbci.co.uk\/ace\/ws\/480\/amz\/worldservice\/live\/assets\/images\/2014\/08\/14\/140814162007_tecnologia_michael_fox_intel_parkinson_aplicacion_624x351_getty.jpg.webp 480w, https:\/\/ichef.bbci.co.uk\/ace\/ws\/624\/amz\/worldservice\/live\/assets\/images\/2014\/08\/14\/140814162007_tecnologia_michael_fox_intel_parkinson_aplicacion_624x351_getty.jpg.webp 624w\" sizes=\"(min-width: 1008px) 760px, 100vw\" alt=\"Michael J. Fox.\" loading=\"eager\" width=\"624\" height=\"351\" src=\"aspect-ratio:624 \/ 351\" class=\"bbc-139onq\"\/><\/p>\n<p class=\"bbc-by8ykd\" role=\"text\"><span class=\"bbc-m04vo2\">Fuente de la imagen, <\/span><span lang=\"en-GB\">Getty<\/span><\/p>\n<\/div><figcaption class=\"bbc-15f1ujd\" dir=\"ltr\"><span role=\"text\"><span class=\"bbc-m04vo2\">Pie de foto, <\/span><span data-testid=\"caption-paragraph\">Michael J. Fox cre\u00f3 la fundaci\u00f3n para investigar el Parkinson en el a\u00f1o 2000, despu\u00e9s de que le diagnosticaran la enfermedad.<\/span><\/span><\/figcaption><\/figure>\n<p><time datetime=\"2014-08-14\" class=\"bbc-1dafq0j e1mklfmt0\">14 de agosto de 2014<\/time><\/p>\n<div dir=\"ltr\" class=\"bbc-19j92fr ebmt73l0\">\n<p dir=\"ltr\" class=\"bbc-hhl7in e17g058b0\"><b>La Fundaci\u00f3n Michael J. Fox (MJFF) anunci\u00f3 su nueva batalla contra la enfermedad de Parkinson. Se trata del desarrollo de sensores port\u00e1tiles para monitorear sus s\u00edntomas. Un reloj inteligente que los pacientes puedan llevar puesto y que recoja datos que despu\u00e9s servir\u00e1n a los m\u00e9dicos.<\/b><\/p>\n<\/div>\n<div dir=\"ltr\" class=\"bbc-19j92fr ebmt73l0\">\n<p dir=\"ltr\" class=\"bbc-hhl7in e17g058b0\">Para ello, el ente fundado por el actor en el a\u00f1o 2000 tras serle diagnosticado el transtorno neurol\u00f3gico degenerativo, se ha aliado con Intel, la multinacional estadounidense de tecnolog\u00eda para computadoras. La divisi\u00f3n Basis de la compa\u00f1\u00eda se ha encargado de desarrollar los dispositivos.<\/p>\n<\/div>\n<div dir=\"ltr\" class=\"bbc-19j92fr ebmt73l0\">\n<p dir=\"ltr\" class=\"bbc-hhl7in e17g058b0\">En asociaci\u00f3n, llevaron a cabo las pruebas necesarias a principios del a\u00f1o y ahora planean lanzar una aplicaci\u00f3n que ayudar\u00e1 a los doctores estudiar los efectos que varios medicamentos tienen sobre los enfermos.<\/p>\n<\/div>\n<div dir=\"ltr\" class=\"bbc-19j92fr ebmt73l0\">\n<p dir=\"ltr\" class=\"bbc-hhl7in e17g058b0\">\u00abLa respuesta est\u00e1 en nosotros\u00bb, dijo este mi\u00e9rcoles el actor de \u00abBack to the Future\u00bb, tras anunciar el proyecto. \u00abS\u00f3lo necesitamos encontrar una manera para permitir acceder a nuestros cerebros, de forma figurada y literal, para ayudarnos a resolver esto\u00bb.<\/p>\n<\/div>\n<section aria-label=\"Publicidad 2\" aria-hidden=\"true\" role=\"region\" data-e2e=\"advertisement\" class=\"bbc-geybui\"\/>\n<div dir=\"ltr\" class=\"bbc-19j92fr ebmt73l0\">\n<p dir=\"ltr\" class=\"bbc-hhl7in e17g058b0\">La iniciativa, que est\u00e1 en una fase preliminar, ha tenido sin embargo una cauta acogida por parte de los investigadores.<\/p>\n<\/div>\n<section data-e2e=\"recommendations-heading\" role=\"region\" aria-labelledby=\"recommendations-heading\" class=\"bbc-1o3v5ug\"\/>\n<p><h2 id=\"Enfermedad-degenerativa\" tabindex=\"-1\" class=\"bbc-1lgzob2 eglt09e0\">Enfermedad degenerativa<\/h2>\n<\/p>\n<div dir=\"ltr\" class=\"bbc-19j92fr ebmt73l0\">\n<p dir=\"ltr\" class=\"bbc-hhl7in e17g058b0\">Antes de aliarse, la organizaci\u00f3n ben\u00e9fica y el mayor productor de procesadores para ordenadores personales ya ten\u00edan el Parkinson en com\u00fan. As\u00ed como el fundador de la primera, el que fuera director ejecutivo del segundo, Andy Grove, tambi\u00e9n fue diagnosticado con Parkinson. Y ahora es asesor de la fundaci\u00f3n.<\/p>\n<\/div>\n<figure class=\"bbc-1qn0xuy\">\n<div class=\"bbc-j1srjl\" style=\"padding-bottom:56.25%\"><img decoding=\"async\" srcset=\"https:\/\/ichef.bbci.co.uk\/ace\/ws\/240\/amz\/worldservice\/live\/assets\/images\/2014\/08\/14\/140814162330_tecnologia_michael_fox_intel_parkinson_aplicacion_624x351_thinkstock.jpg.webp 240w, https:\/\/ichef.bbci.co.uk\/ace\/ws\/320\/amz\/worldservice\/live\/assets\/images\/2014\/08\/14\/140814162330_tecnologia_michael_fox_intel_parkinson_aplicacion_624x351_thinkstock.jpg.webp 320w, https:\/\/ichef.bbci.co.uk\/ace\/ws\/480\/amz\/worldservice\/live\/assets\/images\/2014\/08\/14\/140814162330_tecnologia_michael_fox_intel_parkinson_aplicacion_624x351_thinkstock.jpg.webp 480w, https:\/\/ichef.bbci.co.uk\/ace\/ws\/624\/amz\/worldservice\/live\/assets\/images\/2014\/08\/14\/140814162330_tecnologia_michael_fox_intel_parkinson_aplicacion_624x351_thinkstock.jpg.webp 624w\" sizes=\"auto, (min-width: 1008px) 760px, 100vw\" alt=\"Enfermedad de Parkinson.\" loading=\"lazy\" width=\"624\" height=\"351\" src=\"aspect-ratio:624 \/ 351\" class=\"bbc-139onq\"\/><\/p>\n<p class=\"bbc-by8ykd\" role=\"text\"><span class=\"bbc-m04vo2\">Fuente de la imagen, <\/span><span lang=\"en-GB\">Thinkstock<\/span><\/p>\n<\/div><figcaption class=\"bbc-15f1ujd\" dir=\"ltr\"><span role=\"text\"><span class=\"bbc-m04vo2\">Pie de foto, <\/span><span data-testid=\"caption-paragraph\">El Parkinson es un transtorno neurol\u00f3gico degenerativo que afecta a unas 5 millones de personas.<\/span><\/span><\/figcaption><\/figure>\n<div dir=\"ltr\" class=\"bbc-19j92fr ebmt73l0\">\n<p dir=\"ltr\" class=\"bbc-hhl7in e17g058b0\">La enfermedad afecta a unos cinco millones de personas en el mundo, en su mayor\u00eda de edad avanzada, aunque no todas.<\/p>\n<\/div>\n<div dir=\"ltr\" class=\"bbc-19j92fr ebmt73l0\">\n<p dir=\"ltr\" class=\"bbc-hhl7in e17g058b0\">Los s\u00edntomas incluyen temblores y otros movimientos incontrolables, problemas de equilibrio y coordinaci\u00f3n, rigidez, lentitud, p\u00e9rdida del olfato, una disminuci\u00f3n de la funci\u00f3n intelectual y el habla, as\u00ed como problemas para tragar.<\/p>\n<\/div>\n<div dir=\"ltr\" class=\"bbc-19j92fr ebmt73l0\">\n<p dir=\"ltr\" class=\"bbc-hhl7in e17g058b0\">Se cree que la afecci\u00f3n se debe a una combinaci\u00f3n de factores gen\u00e9ticos y ambientales, pero a\u00fan no se ha determinado la causa exacta.<\/p>\n<\/div>\n<div dir=\"ltr\" class=\"bbc-19j92fr ebmt73l0\">\n<p dir=\"ltr\" class=\"bbc-hhl7in e17g058b0\">Frente a ello, \u00abesta alianza nos permitir\u00e1 realmente avanzar en el conocimiento del transtorno, a entender c\u00f3mo viven los pacientes con \u00e9l, c\u00f3mo est\u00e1n respondiendo a los tratamientos y cu\u00e1les son sus necesidades no satisfechas\u00bb, declar\u00f3 el director ejecutivo de la fundaci\u00f3n, Todd Sherer.<\/p>\n<\/div>\n<p><h2 id=\"Aplicaci\u00f3n-registradora\" tabindex=\"-1\" class=\"bbc-1lgzob2 eglt09e0\">Aplicaci\u00f3n registradora<\/h2>\n<\/p>\n<div dir=\"ltr\" class=\"bbc-19j92fr ebmt73l0\">\n<p dir=\"ltr\" class=\"bbc-hhl7in e17g058b0\">La aplicaci\u00f3n que pretenden lanzar tiene el objetivo de proveer a los expertos de informaci\u00f3n m\u00e1s exacta que aquella recopilada con medios tradicionales, m\u00e1s subjetivos.<\/p>\n<\/div>\n<figure class=\"bbc-1qn0xuy\">\n<div class=\"bbc-j1srjl\" style=\"padding-bottom:56.25%\"><img decoding=\"async\" srcset=\"https:\/\/ichef.bbci.co.uk\/ace\/ws\/240\/amz\/worldservice\/live\/assets\/images\/2014\/08\/14\/140814162121_tecnologia_michael_fox_intel_parkinson_aplicacion_464x261_intel_nocredit.jpg.webp 240w, https:\/\/ichef.bbci.co.uk\/ace\/ws\/320\/amz\/worldservice\/live\/assets\/images\/2014\/08\/14\/140814162121_tecnologia_michael_fox_intel_parkinson_aplicacion_464x261_intel_nocredit.jpg.webp 320w, https:\/\/ichef.bbci.co.uk\/ace\/ws\/464\/amz\/worldservice\/live\/assets\/images\/2014\/08\/14\/140814162121_tecnologia_michael_fox_intel_parkinson_aplicacion_464x261_intel_nocredit.jpg.webp 464w\" sizes=\"auto, (min-width: 1008px) 760px, 100vw\" alt=\"Tecnolog\u00eda de Intel.\" loading=\"lazy\" width=\"464\" height=\"261\" src=\"aspect-ratio:464 \/ 261\" class=\"bbc-139onq\"\/><\/p>\n<p class=\"bbc-by8ykd\" role=\"text\"><span class=\"bbc-m04vo2\">Fuente de la imagen, <\/span><span lang=\"en-GB\">Intel<\/span><\/p>\n<\/div><figcaption class=\"bbc-15f1ujd\" dir=\"ltr\"><span role=\"text\"><span class=\"bbc-m04vo2\">Pie de foto, <\/span><span data-testid=\"caption-paragraph\">Intel asegur\u00f3 que encriptar\u00e1 los datos recolectados, para garantizar privacidad.<\/span><\/span><\/figcaption><\/figure>\n<div dir=\"ltr\" class=\"bbc-19j92fr ebmt73l0\">\n<p dir=\"ltr\" class=\"bbc-hhl7in e17g058b0\">A principios de a\u00f1o llevaron a cabo un ensayo preliminar. Equiparon a 16 enfermos de Parkinson con el reloj inteligente durante cuatro d\u00edas y voluntarios llevaron el control de los datos registrados.<\/p>\n<\/div>\n<div dir=\"ltr\" class=\"bbc-19j92fr ebmt73l0\">\n<p dir=\"ltr\" class=\"bbc-hhl7in e17g058b0\">Esta informaci\u00f3n, un gigabyte por paciente al d\u00eda, era trasladada al sistema de Intel.<\/p>\n<\/div>\n<div dir=\"ltr\" class=\"bbc-19j92fr ebmt73l0\">\n<p dir=\"ltr\" class=\"bbc-hhl7in e17g058b0\">Adem\u00e1s, los pacientes tuvieron que contar su d\u00eda a d\u00eda en un diario personal y pasar dos visitas m\u00e9dicas.<\/p>\n<\/div>\n<div dir=\"ltr\" class=\"bbc-19j92fr ebmt73l0\">\n<p dir=\"ltr\" class=\"bbc-hhl7in e17g058b0\">Los datos recogidos a\u00fan est\u00e1n siendo procesados.<\/p>\n<\/div>\n<div dir=\"ltr\" class=\"bbc-19j92fr ebmt73l0\">\n<p dir=\"ltr\" class=\"bbc-hhl7in e17g058b0\">Ese proceso incluye comparar la informaci\u00f3n registrada por los dispositivos con aquella anotada por los pacientes y los voluntarios. Tambi\u00e9n desarrollar algoritmos que permitan medir autom\u00e1ticamente los movimientos del cuerpo y los patrones de sue\u00f1o para ser monitoreados a tiempo real.<\/p>\n<\/div>\n<p><h2 id=\"Siguiente-paso\" tabindex=\"-1\" class=\"bbc-1lgzob2 eglt09e0\">Siguiente paso<\/h2>\n<\/p>\n<div dir=\"ltr\" class=\"bbc-19j92fr ebmt73l0\">\n<p dir=\"ltr\" class=\"bbc-hhl7in e17g058b0\">La siguiente fase del proyecto pasa por lanzar una aplicaci\u00f3n con la que los pacientes puedan reportar los medicamentos consumidos y c\u00f3mo se sienten. Se espera que esto ayude a los cient\u00edficos a medir la eficacia de los f\u00e1rmacos y a informar de ello a los m\u00e9dicos que los prescriben.<\/p>\n<\/div>\n<div dir=\"ltr\" class=\"bbc-19j92fr ebmt73l0\">\n<p dir=\"ltr\" class=\"bbc-hhl7in e17g058b0\">Este paso se llevar\u00e1 a cabo en las ciudades estadounidenses de Boston y Nueva York y en Israel.<\/p>\n<\/div>\n<figure class=\"bbc-1qn0xuy\">\n<div class=\"bbc-j1srjl\" style=\"padding-bottom:125%\"><img decoding=\"async\" srcset=\"https:\/\/ichef.bbci.co.uk\/ace\/ws\/224\/amz\/worldservice\/live\/assets\/images\/2014\/08\/14\/140814162225_tecnologia_michael_fox_intel_parkinson_aplicacion_224x280_basis_nocredit.jpg.webp 224w\" sizes=\"auto, (min-width: 1008px) 760px, 100vw\" alt=\"El reloj inteligente de Intel.\" loading=\"lazy\" width=\"224\" height=\"280\" src=\"aspect-ratio:224 \/ 280\" class=\"bbc-139onq\"\/><\/p>\n<p class=\"bbc-by8ykd\" role=\"text\"><span class=\"bbc-m04vo2\">Fuente de la imagen, <\/span><span lang=\"en-GB\">BASE<\/span><\/p>\n<\/div><figcaption class=\"bbc-15f1ujd\" dir=\"ltr\"><span role=\"text\"><span class=\"bbc-m04vo2\">Pie de foto, <\/span><span data-testid=\"caption-paragraph\">La divisi\u00f3n Basis de Intel ya ha desarrollado los relojes inteligentes.<\/span><\/span><\/figcaption><\/figure>\n<div dir=\"ltr\" class=\"bbc-19j92fr ebmt73l0\">\n<p dir=\"ltr\" class=\"bbc-hhl7in e17g058b0\">\u00abEsperamos con ansia los datos\u00bb, dijo a la BBC Ronald Kasabian, gerente de soluciones de datos de Intel. \u00abQueremos ser capaces de entender la marcha, la fluidez de los movimientos, lo temblores\u00bb.<\/p>\n<\/div>\n<div dir=\"ltr\" class=\"bbc-19j92fr ebmt73l0\">\n<p dir=\"ltr\" class=\"bbc-hhl7in e17g058b0\">Y seg\u00fan \u00e9l, no son los \u00fanicos. \u00abLos investigadores mueren por la informaci\u00f3n, por la capacidad de ver qu\u00e9 est\u00e1 pasando con el paciente minuto a minuto, las 24 horas del d\u00eda, 365 d\u00edas al a\u00f1o. Poder monitorear eso a tiempo real nos abrir\u00e1 los ojos\u00bb.<\/p>\n<\/div>\n<div dir=\"ltr\" class=\"bbc-19j92fr ebmt73l0\">\n<p dir=\"ltr\" class=\"bbc-hhl7in e17g058b0\">Sobre esta valiosa informaci\u00f3n, Intel asegur\u00f3 que la encriptar\u00e1 y guardar\u00e1 de manera an\u00f3nima, para salvaguardar la privacidad de los pacientes.<\/p>\n<\/div>\n<div dir=\"ltr\" class=\"bbc-19j92fr ebmt73l0\">\n<p dir=\"ltr\" class=\"bbc-hhl7in e17g058b0\">Y a\u00f1adi\u00f3 que pretende en un futuro hacerla accesible a otros centros de investigaci\u00f3n.<\/p>\n<\/div>\n<p><h2 id=\"Investigadores-cautos\" tabindex=\"-1\" class=\"bbc-1lgzob2 eglt09e0\">Investigadores cautos<\/h2>\n<\/p>\n<div dir=\"ltr\" class=\"bbc-19j92fr ebmt73l0\">\n<p dir=\"ltr\" class=\"bbc-hhl7in e17g058b0\">Otras organizaciones que trabajan por la investigaci\u00f3n sobre el Parkinson se han mostrado m\u00e1s cautas. La brit\u00e1nica Parkinson&#8217;s UK, por ejemplo, acogi\u00f3 el proyecto con optimismo pero advirti\u00f3 que es demasiado temprano para saber cu\u00e1n \u00fatil ser\u00e1.<\/p>\n<\/div>\n<div dir=\"ltr\" class=\"bbc-19j92fr ebmt73l0\">\n<p dir=\"ltr\" class=\"bbc-hhl7in e17g058b0\">\u00abEs emocionate el potencial que puede tener la aplicaci\u00f3n de la tecnolog\u00eda en la toma de decisiones en cuestiones m\u00e9dicas y para ayudar a que los pacientes con Parkinson sigan el tratamiento adecuado\u00bb, dijo a la BBC Suma Surendranath, un representante de la organizaci\u00f3n.<\/p>\n<\/div>\n<div dir=\"ltr\" class=\"bbc-19j92fr ebmt73l0\">\n<p dir=\"ltr\" class=\"bbc-hhl7in e17g058b0\">\u00abSin embargo, ser\u00eda crucial que se demostrara la efectividad de los dispositivos en robustos ensayos cl\u00ednicos antes de que est\u00e9n ampliamente disponibles\u00bb, a\u00f1adi\u00f3.<\/p>\n<\/div>\n<figure class=\"bbc-1qn0xuy\">\n<div class=\"bbc-j1srjl\" style=\"padding-bottom:125%\"><img decoding=\"async\" srcset=\"https:\/\/ichef.bbci.co.uk\/ace\/ws\/224\/amz\/worldservice\/live\/assets\/images\/2014\/08\/14\/140814162433_tecnologia_michael_fox_intel_parkinson_aplicacion_224x280_getty.jpg.webp 224w\" sizes=\"auto, (min-width: 1008px) 760px, 100vw\" alt=\"El que fuera director ejecutivo de Intel, Andy Grove.\" loading=\"lazy\" width=\"224\" height=\"280\" src=\"aspect-ratio:224 \/ 280\" class=\"bbc-139onq\"\/><\/p>\n<p class=\"bbc-by8ykd\" role=\"text\"><span class=\"bbc-m04vo2\">Fuente de la imagen, <\/span><span lang=\"en-GB\">Getty<\/span><\/p>\n<\/div><figcaption class=\"bbc-15f1ujd\" dir=\"ltr\"><span role=\"text\"><span class=\"bbc-m04vo2\">Pie de foto, <\/span><span data-testid=\"caption-paragraph\">El que fuera director ejecutivo de Intel, Andy Grove, tambi\u00e9n fue diagnosticado con Parkinson.<\/span><\/span><\/figcaption><\/figure>\n<div dir=\"ltr\" class=\"bbc-19j92fr ebmt73l0\">\n<p dir=\"ltr\" class=\"bbc-hhl7in e17g058b0\">\u00abTecnolog\u00eda nueva que represente con precisi\u00f3n la complejidad de los s\u00edntomas de las personas con Parkinson, pero que haya sido probada, podr\u00eda ser una herramienta adicional muy \u00fatil para los profesionales\u00bb.<\/p>\n<\/div>\n<div dir=\"ltr\" class=\"bbc-19j92fr ebmt73l0\">\n<p dir=\"ltr\" class=\"bbc-hhl7in e17g058b0\">Frente a estas reacciones, la Fundaci\u00f3n Michael J. Fox hizo saber que el proyecto est\u00e1 en una fase preliminar, pero asegur\u00f3 que una plataforma basada en sensores y que ayudar\u00e1 a los m\u00e9dicos a ajustar los tratamientos a cada paciente estar\u00e1 disponible \u00aben a\u00f1os, no en d\u00e9cadas\u00bb.<\/p>\n<\/div>\n<div dir=\"ltr\" class=\"bbc-19j92fr ebmt73l0\">\n<p dir=\"ltr\" class=\"bbc-hhl7in e17g058b0\">\u00abLo que ocurre es que, como paciente, pasas por diferentes per\u00edodos\u00bb, explic\u00f3 a la BBC el vicepresidente de alianzas de investigaci\u00f3n de MJFF, Sohini Chowdhury.<\/p>\n<\/div>\n<div dir=\"ltr\" class=\"bbc-19j92fr ebmt73l0\">\n<p dir=\"ltr\" class=\"bbc-hhl7in e17g058b0\">\u00abDurante un per\u00edodo el medicamento funciona y eres capaz de moverte y llevar a cabo las tareas que quieras. Pero durante otro, est\u00e1s b\u00e1sicamente congelado; no puedes hacer nada\u00bb.<\/p>\n<\/div>\n<div dir=\"ltr\" class=\"bbc-19j92fr ebmt73l0\">\n<p dir=\"ltr\" class=\"bbc-hhl7in e17g058b0\">Ante esto, \u00abla pregunta con la que tienen que lidiar los doctores es: \u00bfEstamos dando la dosis \u00f3ptima para que el paciente tenga suficiente tiempo de un per\u00edodo y del otro durante el d\u00eda?\u00bb.<\/p>\n<\/div>\n<p><h2 id=\"Tecnolog\u00eda-de-la-salud\" tabindex=\"-1\" class=\"bbc-1lgzob2 eglt09e0\">Tecnolog\u00eda de la salud<\/h2>\n<\/p>\n<div dir=\"ltr\" class=\"bbc-19j92fr ebmt73l0\">\n<p dir=\"ltr\" class=\"bbc-hhl7in e17g058b0\">Intel no es la \u00fanica gran compa\u00f1\u00eda que se ha involucrado en tecnolog\u00edas de registro aplicadas al campo de la salud.<\/p>\n<\/div>\n<figure class=\"bbc-1qn0xuy\">\n<div class=\"bbc-j1srjl\" style=\"padding-bottom:56.25%\"><img decoding=\"async\" srcset=\"https:\/\/ichef.bbci.co.uk\/ace\/ws\/240\/amz\/worldservice\/live\/assets\/images\/2014\/08\/14\/140814162540_tecnologia_michael_fox_intel_parkinson_aplicacion_304x171_getty.jpg.webp 240w, https:\/\/ichef.bbci.co.uk\/ace\/ws\/304\/amz\/worldservice\/live\/assets\/images\/2014\/08\/14\/140814162540_tecnologia_michael_fox_intel_parkinson_aplicacion_304x171_getty.jpg.webp 304w\" sizes=\"auto, (min-width: 1008px) 760px, 100vw\" alt=\"Samsung.\" loading=\"lazy\" width=\"304\" height=\"171\" src=\"aspect-ratio:304 \/ 171\" class=\"bbc-139onq\"\/><\/p>\n<p class=\"bbc-by8ykd\" role=\"text\"><span class=\"bbc-m04vo2\">Fuente de la imagen, <\/span><span lang=\"en-GB\">Getty<\/span><\/p>\n<\/div><figcaption class=\"bbc-15f1ujd\" dir=\"ltr\"><span role=\"text\"><span class=\"bbc-m04vo2\">Pie de foto, <\/span><span data-testid=\"caption-paragraph\">Samsung tambi\u00e9n lanz\u00f3 en mayo un prototipo de pulsera con sensores para captar datos acerca del cuerpo del usuario.<\/span><\/span><\/figcaption><\/figure>\n<div dir=\"ltr\" class=\"bbc-19j92fr ebmt73l0\">\n<p dir=\"ltr\" class=\"bbc-hhl7in e17g058b0\">En mayo Samsung lanz\u00f3 Simband, un prototipo de pulsera que puede ser equipada con sensores para recopilar una serie de datos acerca del cuerpo del usuario. Estos pueden ser luego compartidos a trav\u00e9s de una plataforma llamada Sami, por Samsung Architecture Multimedia Interactions.<\/p>\n<\/div>\n<div dir=\"ltr\" class=\"bbc-19j92fr ebmt73l0\">\n<p dir=\"ltr\" class=\"bbc-hhl7in e17g058b0\">En junio, Apple present\u00f3 HealthKit, una aplicaci\u00f3n para su pr\u00f3ximo sistema operativo iOS 8 y que est\u00e1 dise\u00f1ada para recoger datos de una amplia gama de sensores. Este servicio, adem\u00e1s, puede ponerse en contacto con profesionales de la salud si observa irregularidades.<\/p>\n<\/div>\n<div dir=\"ltr\" class=\"bbc-19j92fr ebmt73l0\">\n<p dir=\"ltr\" class=\"bbc-hhl7in e17g058b0\">Ese mismo mes, Google present\u00f3 Google Fit, un software para Android que recolecta informaci\u00f3n de otros servicios y dispositivos.<\/p>\n<\/div>\n<\/div>\n\n","protected":false},"excerpt":{"rendered":"<p>Fuente de la imagen, Getty Pie de foto, Michael J. Fox cre\u00f3 la fundaci\u00f3n para investigar el Parkinson en el a\u00f1o 2000, despu\u00e9s de que le diagnosticaran la enfermedad. 14 de agosto de 2014 La Fundaci\u00f3n Michael J. Fox (MJFF) anunci\u00f3 su nueva batalla contra la enfermedad de Parkinson. Se trata del desarrollo de sensores &hellip;<\/p>\n","protected":false},"author":1,"featured_media":24856,"comment_status":"open","ping_status":"open","sticky":false,"template":"","format":"standard","meta":{"fifu_image_url":"https:\/\/ichef.bbci.co.uk\/news\/1024\/branded_mundo\/worldservice\/live\/assets\/images\/2014\/08\/14\/140814162007_tecnologia_michael_fox_intel_parkinson_aplicacion_112x63_getty_nocredit.jpg","fifu_image_alt":"","footnotes":""},"categories":[2],"tags":[],"class_list":["post-24855","post","type-post","status-publish","format-standard","has-post-thumbnail","","category-tecnologia"],"_links":{"self":[{"href":"https:\/\/noticiasveraces.com\/index.php?rest_route=\/wp\/v2\/posts\/24855","targetHints":{"allow":["GET"]}}],"collection":[{"href":"https:\/\/noticiasveraces.com\/index.php?rest_route=\/wp\/v2\/posts"}],"about":[{"href":"https:\/\/noticiasveraces.com\/index.php?rest_route=\/wp\/v2\/types\/post"}],"author":[{"embeddable":true,"href":"https:\/\/noticiasveraces.com\/index.php?rest_route=\/wp\/v2\/users\/1"}],"replies":[{"embeddable":true,"href":"https:\/\/noticiasveraces.com\/index.php?rest_route=%2Fwp%2Fv2%2Fcomments&post=24855"}],"version-history":[{"count":0,"href":"https:\/\/noticiasveraces.com\/index.php?rest_route=\/wp\/v2\/posts\/24855\/revisions"}],"wp:featuredmedia":[{"embeddable":true,"href":"https:\/\/noticiasveraces.com\/index.php?rest_route=\/wp\/v2\/media\/24856"}],"wp:attachment":[{"href":"https:\/\/noticiasveraces.com\/index.php?rest_route=%2Fwp%2Fv2%2Fmedia&parent=24855"}],"wp:term":[{"taxonomy":"category","embeddable":true,"href":"https:\/\/noticiasveraces.com\/index.php?rest_route=%2Fwp%2Fv2%2Fcategories&post=24855"},{"taxonomy":"post_tag","embeddable":true,"href":"https:\/\/noticiasveraces.com\/index.php?rest_route=%2Fwp%2Fv2%2Ftags&post=24855"}],"curies":[{"name":"wp","href":"https:\/\/api.w.org\/{rel}","templated":true}]}}