{"id":24847,"date":"2025-04-28T02:21:10","date_gmt":"2025-04-28T06:21:10","guid":{"rendered":"https:\/\/noticiasveraces.com\/?p=24847"},"modified":"2025-04-28T02:21:10","modified_gmt":"2025-04-28T06:21:10","slug":"el-primer-ministro-de-groenlandia-dice-que-la-isla-no-se-puede-comprar-nosotros-no-ha-sido-respetuoso","status":"publish","type":"post","link":"https:\/\/noticiasveraces.com\/?p=24847","title":{"rendered":"El primer ministro de Groenlandia dice que la isla no se puede comprar, nosotros \u00abno ha sido respetuoso\u00bb"},"content":{"rendered":"<p> \n<\/p>\n<div>\n<p class=\"speakable\">El primer ministro de Groenlandia, Jens-Frederik Nielsen, dijo el domingo que los comentarios de los funcionarios estadounidenses sobre la isla del \u00c1rtico han sido irrespetuosos y que la isla no se puede comprar, desafiando al presidente estadounidense Donald Trump, quien ha flotado repetidamente la idea de comprar el territorio estrat\u00e9gico.<\/p>\n<p class=\"speakable\">Nielsen dijo que Groenlandia \u00abnunca, nunca ser\u00e1 una propiedad que pueda comprar cualquiera\u00bb, ya que se encontr\u00f3 con la primera ministra de Dinamarca, Mette Frederiksen, durante una conferencia de prensa conjunta en la residencia oficial de Marienborg de Frederiksen en Lyngby, Dinamarca.<\/p>\n<p>El primer ministro de Groenlandia se reuni\u00f3 con Frederiksen el segundo d\u00eda de una visita oficial de tres d\u00edas a Dinamarca. Groenlandia es un territorio semiaut\u00f3nomo de Dinamarca.<\/p>\n<p>\u00abLas conversaciones de los Estados Unidos no han sido respetuosas\u00bb, dijo Nielsen. \u00abLas palabras utilizadas no han sido respetuosas. Por eso necesitamos en esta situaci\u00f3n, necesitamos unirnos\u00bb.<\/p>\n<p><strong>Trump dice que no estaba &#8216;trolleando&#8217; sobre la adquisici\u00f3n de Groenlandia, Canad\u00e1 como el estado 51<\/strong><\/p>\n<div class=\"image-ct inline\">\n<div class=\"m\"><picture><source media=\"(max-width: 767px)\" srcset=\"https:\/\/a57.foxnews.com\/static.foxnews.com\/foxnews.com\/content\/uploads\/2025\/04\/343\/192\/greenlandpm.png?ve=1&amp;tl=1, https:\/\/a57.foxnews.com\/static.foxnews.com\/foxnews.com\/content\/uploads\/2025\/04\/686\/384\/greenlandpm.png?ve=1&amp;tl=1 2x\" height=\"192\" width=\"343\"><source media=\"(min-width: 768px) and (max-width: 1023px)\" srcset=\"https:\/\/a57.foxnews.com\/static.foxnews.com\/foxnews.com\/content\/uploads\/2025\/04\/672\/378\/greenlandpm.png?ve=1&amp;tl=1, https:\/\/a57.foxnews.com\/static.foxnews.com\/foxnews.com\/content\/uploads\/2025\/04\/1344\/756\/greenlandpm.png?ve=1&amp;tl=1 2x\" height=\"378\" width=\"672\"><source media=\"(min-width: 1024px) and (max-width: 1279px)\" srcset=\"https:\/\/a57.foxnews.com\/static.foxnews.com\/foxnews.com\/content\/uploads\/2025\/04\/931\/523\/greenlandpm.png?ve=1&amp;tl=1, https:\/\/a57.foxnews.com\/static.foxnews.com\/foxnews.com\/content\/uploads\/2025\/04\/1862\/1046\/greenlandpm.png?ve=1&amp;tl=1 2x\" height=\"523\" width=\"931\"><source media=\"(min-width: 1280px)\" srcset=\"https:\/\/a57.foxnews.com\/static.foxnews.com\/foxnews.com\/content\/uploads\/2025\/04\/720\/405\/greenlandpm.png?ve=1&amp;tl=1, https:\/\/a57.foxnews.com\/static.foxnews.com\/foxnews.com\/content\/uploads\/2025\/04\/1440\/810\/greenlandpm.png?ve=1&amp;tl=1 2x\" height=\"405\" width=\"720\"><img loading=\"lazy\" decoding=\"async\" src=\"https:\/\/a57.foxnews.com\/static.foxnews.com\/foxnews.com\/content\/uploads\/2025\/04\/1200\/675\/greenlandpm.png?ve=1&amp;tl=1\" alt=\"El primer ministro de Groenlandia, Jens-Frederik Nielsen\" width=\"1200\" height=\"675\"\/><\/source><\/source><\/source><\/source><\/picture><\/div>\n<div class=\"info\">\n<div class=\"caption\">\n<p><span>El primer ministro de Groenlandia, Jens-Frederik Nielsen, habla durante una puerta conjunta con el primer ministro de Dinamarca Mette Frederiksen en Marienborg.<\/span> <span>(Getty Images)<\/span><\/p>\n<\/div>\n<\/div>\n<\/div>\n<p>Los partidos pol\u00edticos en Groenlandia recientemente acordaron formar un nuevo gobierno de coalici\u00f3n de base amplia en medio de los objetivos de Trump en el territorio.<\/p>\n<p>Esto, como la isla se ha inclinado durante a\u00f1os hacia la eventual independencia de Dinamarca.<\/p>\n<p>La visita de tres d\u00edas de Nielsen busca abordar la cooperaci\u00f3n futura entre los dos pa\u00edses.<\/p>\n<p>\u00abDinamarca tiene la voluntad de invertir en la Sociedad de Groenlandia, y no solo tenemos eso por razones hist\u00f3ricas. Tambi\u00e9n tenemos eso porque somos parte de la Comunidad (danesa) entre nosotros\u00bb, dijo Frederiksen.<\/p>\n<div class=\"image-ct inline\">\n<div class=\"m\"><picture><source media=\"(max-width: 767px)\" srcset=\"https:\/\/a57.foxnews.com\/static.foxnews.com\/foxnews.com\/content\/uploads\/2025\/04\/343\/192\/greenlanddenmark.png?ve=1&amp;tl=1, https:\/\/a57.foxnews.com\/static.foxnews.com\/foxnews.com\/content\/uploads\/2025\/04\/686\/384\/greenlanddenmark.png?ve=1&amp;tl=1 2x\" height=\"192\" width=\"343\"><source media=\"(min-width: 768px) and (max-width: 1023px)\" srcset=\"https:\/\/a57.foxnews.com\/static.foxnews.com\/foxnews.com\/content\/uploads\/2025\/04\/672\/378\/greenlanddenmark.png?ve=1&amp;tl=1, https:\/\/a57.foxnews.com\/static.foxnews.com\/foxnews.com\/content\/uploads\/2025\/04\/1344\/756\/greenlanddenmark.png?ve=1&amp;tl=1 2x\" height=\"378\" width=\"672\"><source media=\"(min-width: 1024px) and (max-width: 1279px)\" srcset=\"https:\/\/a57.foxnews.com\/static.foxnews.com\/foxnews.com\/content\/uploads\/2025\/04\/931\/523\/greenlanddenmark.png?ve=1&amp;tl=1, https:\/\/a57.foxnews.com\/static.foxnews.com\/foxnews.com\/content\/uploads\/2025\/04\/1862\/1046\/greenlanddenmark.png?ve=1&amp;tl=1 2x\" height=\"523\" width=\"931\"><source media=\"(min-width: 1280px)\" srcset=\"https:\/\/a57.foxnews.com\/static.foxnews.com\/foxnews.com\/content\/uploads\/2025\/04\/720\/405\/greenlanddenmark.png?ve=1&amp;tl=1, https:\/\/a57.foxnews.com\/static.foxnews.com\/foxnews.com\/content\/uploads\/2025\/04\/1440\/810\/greenlanddenmark.png?ve=1&amp;tl=1 2x\" height=\"405\" width=\"720\"><img loading=\"lazy\" decoding=\"async\" src=\"https:\/\/a57.foxnews.com\/static.foxnews.com\/foxnews.com\/content\/uploads\/2025\/04\/1200\/675\/greenlanddenmark.png?ve=1&amp;tl=1\" alt=\"El primer ministro de Groenlandia, Jens-Frederik Nielsen, y el primer ministro de Dinamarca, Mette Frederiksen,\" width=\"1200\" height=\"675\"\/><\/source><\/source><\/source><\/source><\/picture><\/div>\n<div class=\"info\">\n<div class=\"caption\">\n<p><span>El primer ministro de Dinamarca, Mette Frederiksen, a la derecha, y el primer ministro de Groenlandia, Jens-Frederik Nielsen, hablan durante su reuni\u00f3n en Marienborg en Kongens Lyngby, Dinamarca, domingo 27 de abril de 2025.<\/span> <span>(AP)<\/span><\/p>\n<\/div>\n<\/div>\n<\/div>\n<p>\u00abPor supuesto, tenemos la voluntad de continuar invirtiendo en la Sociedad de Groenlandia\u00bb, agreg\u00f3.<\/p>\n<p>Est\u00e1 previsto que Nielsen se reunir\u00e1 con el Rey Frederik X de Dinamarca el lunes antes de regresar a Groenlandia con Frederik para una visita real a la isla.<\/p>\n<p>A Frederiksen y Nielsen se les pregunt\u00f3 si se hab\u00eda planeado una reuni\u00f3n involucr\u00e1ndoles a ellos y a Trump.<\/p>\n<p><strong><u>Trump sigue siendo optimista sobre las probabilidades de adquirir Groenlandia: \u00abCreo que suceder\u00e1\u00bb<\/u><\/strong><\/p>\n<div class=\"image-ct inline\">\n<div class=\"m\"><picture><source media=\"(max-width: 767px)\" srcset=\"https:\/\/a57.foxnews.com\/static.foxnews.com\/foxnews.com\/content\/uploads\/2025\/04\/343\/192\/gldn.png?ve=1&amp;tl=1, https:\/\/a57.foxnews.com\/static.foxnews.com\/foxnews.com\/content\/uploads\/2025\/04\/686\/384\/gldn.png?ve=1&amp;tl=1 2x\" height=\"192\" width=\"343\"><source media=\"(min-width: 768px) and (max-width: 1023px)\" srcset=\"https:\/\/a57.foxnews.com\/static.foxnews.com\/foxnews.com\/content\/uploads\/2025\/04\/672\/378\/gldn.png?ve=1&amp;tl=1, https:\/\/a57.foxnews.com\/static.foxnews.com\/foxnews.com\/content\/uploads\/2025\/04\/1344\/756\/gldn.png?ve=1&amp;tl=1 2x\" height=\"378\" width=\"672\"><source media=\"(min-width: 1024px) and (max-width: 1279px)\" srcset=\"https:\/\/a57.foxnews.com\/static.foxnews.com\/foxnews.com\/content\/uploads\/2025\/04\/931\/523\/gldn.png?ve=1&amp;tl=1, https:\/\/a57.foxnews.com\/static.foxnews.com\/foxnews.com\/content\/uploads\/2025\/04\/1862\/1046\/gldn.png?ve=1&amp;tl=1 2x\" height=\"523\" width=\"931\"><source media=\"(min-width: 1280px)\" srcset=\"https:\/\/a57.foxnews.com\/static.foxnews.com\/foxnews.com\/content\/uploads\/2025\/04\/720\/405\/gldn.png?ve=1&amp;tl=1, https:\/\/a57.foxnews.com\/static.foxnews.com\/foxnews.com\/content\/uploads\/2025\/04\/1440\/810\/gldn.png?ve=1&amp;tl=1 2x\" height=\"405\" width=\"720\"><img loading=\"lazy\" decoding=\"async\" src=\"https:\/\/a57.foxnews.com\/static.foxnews.com\/foxnews.com\/content\/uploads\/2025\/04\/1200\/675\/gldn.png?ve=1&amp;tl=1\" alt=\"El primer ministro de Groenlandia, Jens-Frederik Nielsen, y el primer ministro de Dinamarca, Mette Frederiksen, posan para una foto\" width=\"1200\" height=\"675\"\/><\/source><\/source><\/source><\/source><\/picture><\/div>\n<div class=\"info\">\n<div class=\"caption\">\n<p><span>El primer ministro de Dinamarca, Mette Frederiksen, a la derecha, y el primer ministro de Groenlandia, Jens-Frederik Nielsen, para una foto durante su reuni\u00f3n en Marienborg en Kongens Lyngby, Dinamarca, domingo 27 de abril de 2025.<\/span> <span>(AP)<\/span><\/p>\n<\/div>\n<\/div>\n<\/div>\n<p><strong><u>Haga clic aqu\u00ed para obtener la aplicaci\u00f3n Fox News<\/u><\/strong><\/p>\n<p>\u00abSiempre queremos reunirnos con el presidente estadounidense\u00bb, dijo Frederiksen. \u00abPor supuesto que queremos. Pero creo que hemos sido muy, muy claros en lo que es el [Danish commonwealth\u2019s] Enfoque de todas las partes del reino de Dinamarca \u00ab.<\/p>\n<p><i>Associated Press contribuy\u00f3 a este informe.<\/i><\/p>\n<p> <!----> <\/div>\n\n","protected":false},"excerpt":{"rendered":"<p>El primer ministro de Groenlandia, Jens-Frederik Nielsen, dijo el domingo que los comentarios de los funcionarios estadounidenses sobre la isla del \u00c1rtico han sido irrespetuosos y que la isla no se puede comprar, desafiando al presidente estadounidense Donald Trump, quien ha flotado repetidamente la idea de comprar el territorio estrat\u00e9gico. Nielsen dijo que Groenlandia \u00abnunca, &hellip;<\/p>\n","protected":false},"author":1,"featured_media":24849,"comment_status":"open","ping_status":"open","sticky":false,"template":"","format":"standard","meta":{"fifu_image_url":"https:\/\/static.foxnews.com\/foxnews.com\/content\/uploads\/2025\/04\/greenlandpm.png","fifu_image_alt":"","footnotes":""},"categories":[13],"tags":[],"class_list":["post-24847","post","type-post","status-publish","format-standard","has-post-thumbnail","","category-mundo"],"_links":{"self":[{"href":"https:\/\/noticiasveraces.com\/index.php?rest_route=\/wp\/v2\/posts\/24847","targetHints":{"allow":["GET"]}}],"collection":[{"href":"https:\/\/noticiasveraces.com\/index.php?rest_route=\/wp\/v2\/posts"}],"about":[{"href":"https:\/\/noticiasveraces.com\/index.php?rest_route=\/wp\/v2\/types\/post"}],"author":[{"embeddable":true,"href":"https:\/\/noticiasveraces.com\/index.php?rest_route=\/wp\/v2\/users\/1"}],"replies":[{"embeddable":true,"href":"https:\/\/noticiasveraces.com\/index.php?rest_route=%2Fwp%2Fv2%2Fcomments&post=24847"}],"version-history":[{"count":0,"href":"https:\/\/noticiasveraces.com\/index.php?rest_route=\/wp\/v2\/posts\/24847\/revisions"}],"wp:featuredmedia":[{"embeddable":true,"href":"https:\/\/noticiasveraces.com\/index.php?rest_route=\/wp\/v2\/media\/24849"}],"wp:attachment":[{"href":"https:\/\/noticiasveraces.com\/index.php?rest_route=%2Fwp%2Fv2%2Fmedia&parent=24847"}],"wp:term":[{"taxonomy":"category","embeddable":true,"href":"https:\/\/noticiasveraces.com\/index.php?rest_route=%2Fwp%2Fv2%2Fcategories&post=24847"},{"taxonomy":"post_tag","embeddable":true,"href":"https:\/\/noticiasveraces.com\/index.php?rest_route=%2Fwp%2Fv2%2Ftags&post=24847"}],"curies":[{"name":"wp","href":"https:\/\/api.w.org\/{rel}","templated":true}]}}