{"id":24820,"date":"2025-04-27T22:08:16","date_gmt":"2025-04-28T02:08:16","guid":{"rendered":"https:\/\/noticiasveraces.com\/?p=24820"},"modified":"2025-04-27T22:08:16","modified_gmt":"2025-04-28T02:08:16","slug":"america-fue-quien-sonrio-en-el-clasico-vallecaucano-mejores-memes","status":"publish","type":"post","link":"https:\/\/noticiasveraces.com\/?p=24820","title":{"rendered":"Am\u00e9rica fue quien sonri\u00f3 en el cl\u00e1sico vallecaucano: mejores memes"},"content":{"rendered":"<p> \n<br \/><img decoding=\"async\" src=\"https:\/\/www.futbolred.com\/files\/article_graphic\/uploads\/2025\/04\/27\/680ede3831021.jpeg\" \/><\/p>\n<header>\n<h3>\n<p>                Curiosidades de f\u00fatbol<br \/>\n            <\/h3>\n<h1>\n<p>            Am\u00e9rica fue quien sonri\u00f3 en el cl\u00e1sico vallecaucano: mejores memes<br \/>\n        <\/h1>\n<address>\n            <a>Andres Julian Abril Gomez<br \/>\n        <\/address>\n<p>            27 de abril 2025 , 09:01 p.\u00a0m.<\/p>\n<\/header>\n<p>El cuadro escarlata se qued\u00f3 con el partido ante Cali que se disput\u00f3 en el Pascual Guerrero.<\/p>\n<p><b>Am\u00e9rica de Cali<\/b> se qued\u00f3 con el cl\u00e1sico vallecaucano ante <b>Deportivo Cali <\/b>que se jug\u00f3 este domingo en el estadio Pascual Guerrero. Fue un 2-0 para los Escarlatas que dominaron gran parte del partido.  <\/p>\n<p>Pues bien, tras el juego, los hinchas reaccionaron en redes sociales y mientras en Am\u00e9rica hay alegr\u00eda, en el Cali criticaron lo hecho por los jugadores y Alfredo Arias. <\/p>\n<p>De igual manera, los aficionados de Am\u00e9rica destacaron lo hecho por Esneyder Mena y otros jugadores durante el cl\u00e1sico.<\/p>\n<p><b>Mejores memes de Am\u00e9rica vs. Deportivo Cali&nbsp;<\/b><\/p>\n\n","protected":false},"excerpt":{"rendered":"<p>Curiosidades de f\u00fatbol Am\u00e9rica fue quien sonri\u00f3 en el cl\u00e1sico vallecaucano: mejores memes Andres Julian Abril Gomez 27 de abril 2025 , 09:01 p.\u00a0m. El cuadro escarlata se qued\u00f3 con el partido ante Cali que se disput\u00f3 en el Pascual Guerrero. Am\u00e9rica de Cali se qued\u00f3 con el cl\u00e1sico vallecaucano ante Deportivo Cali que se &hellip;<\/p>\n","protected":false},"author":1,"featured_media":24822,"comment_status":"open","ping_status":"open","sticky":false,"template":"","format":"standard","meta":{"fifu_image_url":"https:\/\/www.futbolred.com\/files\/og_thumbnail\/uploads\/2025\/04\/27\/680ede3831021.jpeg","fifu_image_alt":"","footnotes":""},"categories":[6],"tags":[],"class_list":["post-24820","post","type-post","status-publish","format-standard","has-post-thumbnail","","category-deportes"],"_links":{"self":[{"href":"https:\/\/noticiasveraces.com\/index.php?rest_route=\/wp\/v2\/posts\/24820","targetHints":{"allow":["GET"]}}],"collection":[{"href":"https:\/\/noticiasveraces.com\/index.php?rest_route=\/wp\/v2\/posts"}],"about":[{"href":"https:\/\/noticiasveraces.com\/index.php?rest_route=\/wp\/v2\/types\/post"}],"author":[{"embeddable":true,"href":"https:\/\/noticiasveraces.com\/index.php?rest_route=\/wp\/v2\/users\/1"}],"replies":[{"embeddable":true,"href":"https:\/\/noticiasveraces.com\/index.php?rest_route=%2Fwp%2Fv2%2Fcomments&post=24820"}],"version-history":[{"count":0,"href":"https:\/\/noticiasveraces.com\/index.php?rest_route=\/wp\/v2\/posts\/24820\/revisions"}],"wp:featuredmedia":[{"embeddable":true,"href":"https:\/\/noticiasveraces.com\/index.php?rest_route=\/wp\/v2\/media\/24822"}],"wp:attachment":[{"href":"https:\/\/noticiasveraces.com\/index.php?rest_route=%2Fwp%2Fv2%2Fmedia&parent=24820"}],"wp:term":[{"taxonomy":"category","embeddable":true,"href":"https:\/\/noticiasveraces.com\/index.php?rest_route=%2Fwp%2Fv2%2Fcategories&post=24820"},{"taxonomy":"post_tag","embeddable":true,"href":"https:\/\/noticiasveraces.com\/index.php?rest_route=%2Fwp%2Fv2%2Ftags&post=24820"}],"curies":[{"name":"wp","href":"https:\/\/api.w.org\/{rel}","templated":true}]}}