{"id":24804,"date":"2025-04-27T17:10:15","date_gmt":"2025-04-27T21:10:15","guid":{"rendered":"https:\/\/noticiasveraces.com\/?p=24804"},"modified":"2025-04-27T17:10:15","modified_gmt":"2025-04-27T21:10:15","slug":"canada-descarta-terrorismo-en-atropello-que-deja-11-muertos-dw-27-04-2025","status":"publish","type":"post","link":"https:\/\/noticiasveraces.com\/?p=24804","title":{"rendered":"Canad\u00e1 descarta terrorismo en atropello que deja 11 muertos \u2013 DW \u2013 27\/04\/2025"},"content":{"rendered":"<p> \n<\/p>\n<div>\n<p>Un conductor mat\u00f3 a 11 personas y dej\u00f3 decenas de heridos la noche del s\u00e1bado al estrellar su autom\u00f3vil contra una multitud en un festival filipino en Vancouver, en Canad\u00e1, y este domingo (27.04.2024) las autoridades descartaron que se tratara de un \u00abacto terrorista\u00bb.<\/p>\n<p>El ataque ocurri\u00f3 durante el \u00faltimo fin de semana de la campa\u00f1a electoral del pa\u00eds. Los canadienses ir\u00e1n a las urnas el lunes para unas hist\u00f3ricas elecciones parlamentarias.<\/p>\n<p>El sospechoso, de 30 a\u00f1os y que fue reducido por la multitud antes de ser arrestado, sufre problemas de salud mental y tiene un \u00abhistorial significativo\u00bb de interacciones con la polic\u00eda y profesionales de la salud, dijo el jefe de la polic\u00eda Steve Rai en rueda de prensa.<\/p>\n<figure class=\"placeholder-image master_landscape big\"><img data-format=\"MASTER_LANDSCAPE\" data-id=\"72367858\" data-url=\"https:\/\/static.dw.com\/image\/72367858_${formatId}.jpg\" data-aspect-ratio=\"16\/9\" alt=\"La polic\u00eda de Vancouver investiga en la escena del crimen despu\u00e9s de que un hombre atropellara a peatones en el festival anual Lapu Lapu, que celebra la cultura filipina, en Vancouver (26.04.2025).\" style=\"padding-bottom: 56.25%; height: 0; max-height: 0;\"\/><figcaption class=\"img-caption\">La polic\u00eda de Vancouver investiga en la escena del crimen despu\u00e9s de que un hombre atropellara a peatones en el festival anual Lapu Lapu, que celebra la cultura filipina, en Vancouver (26.04.2025).<small class=\"copyright\">Imagen: Don Mackinnon\/AFP\/Getty Images <\/small><\/figcaption><\/figure>\n<h2><strong>\u00abEl d\u00eda m\u00e1s negro en\u00a0la historia de Vancouver\u00bb<\/strong><\/h2>\n<p>\u00abAunque no puedo hacer comentarios en este momento sobre un posible motivo, puedo decir ahora con confianza que las pruebas de este caso no nos llevan a creer que se trate de un acto terrorista\u00bb, se\u00f1al\u00f3.<\/p>\n<p>\u00abYa hay 11 v\u00edctimas mortales confirmadas, y creemos que hay decenas m\u00e1s de heridos, algunos de ellos graves\u00bb, prosigui\u00f3 Rai, que advirti\u00f3 que el n\u00famero de v\u00edctimas mortales podr\u00eda aumentar. \u00abEste es el d\u00eda m\u00e1s negro en\u00a0la historia de Vancouver\u00bb, afirm\u00f3.<\/p>\n<p>El primer ministro canadiense Mark Carney calific\u00f3 el incidenteeste domingo como \u00abuna embestida con veh\u00edculo\u00bb y afirm\u00f3 que \u00abno hay amenaza activa\u00bb para la poblaci\u00f3n.<\/p>\n<p>RR (AFP\/Reuters)<\/p>\n<\/div>\n\n","protected":false},"excerpt":{"rendered":"<p>Un conductor mat\u00f3 a 11 personas y dej\u00f3 decenas de heridos la noche del s\u00e1bado al estrellar su autom\u00f3vil contra una multitud en un festival filipino en Vancouver, en Canad\u00e1, y este domingo (27.04.2024) las autoridades descartaron que se tratara de un \u00abacto terrorista\u00bb. El ataque ocurri\u00f3 durante el \u00faltimo fin de semana de la &hellip;<\/p>\n","protected":false},"author":1,"featured_media":24805,"comment_status":"open","ping_status":"open","sticky":false,"template":"","format":"standard","meta":{"fifu_image_url":"https:\/\/static.dw.com\/image\/72367943_6.jpg","fifu_image_alt":"","footnotes":""},"categories":[13],"tags":[],"class_list":["post-24804","post","type-post","status-publish","format-standard","has-post-thumbnail","","category-mundo"],"_links":{"self":[{"href":"https:\/\/noticiasveraces.com\/index.php?rest_route=\/wp\/v2\/posts\/24804","targetHints":{"allow":["GET"]}}],"collection":[{"href":"https:\/\/noticiasveraces.com\/index.php?rest_route=\/wp\/v2\/posts"}],"about":[{"href":"https:\/\/noticiasveraces.com\/index.php?rest_route=\/wp\/v2\/types\/post"}],"author":[{"embeddable":true,"href":"https:\/\/noticiasveraces.com\/index.php?rest_route=\/wp\/v2\/users\/1"}],"replies":[{"embeddable":true,"href":"https:\/\/noticiasveraces.com\/index.php?rest_route=%2Fwp%2Fv2%2Fcomments&post=24804"}],"version-history":[{"count":0,"href":"https:\/\/noticiasveraces.com\/index.php?rest_route=\/wp\/v2\/posts\/24804\/revisions"}],"wp:featuredmedia":[{"embeddable":true,"href":"https:\/\/noticiasveraces.com\/index.php?rest_route=\/wp\/v2\/media\/24805"}],"wp:attachment":[{"href":"https:\/\/noticiasveraces.com\/index.php?rest_route=%2Fwp%2Fv2%2Fmedia&parent=24804"}],"wp:term":[{"taxonomy":"category","embeddable":true,"href":"https:\/\/noticiasveraces.com\/index.php?rest_route=%2Fwp%2Fv2%2Fcategories&post=24804"},{"taxonomy":"post_tag","embeddable":true,"href":"https:\/\/noticiasveraces.com\/index.php?rest_route=%2Fwp%2Fv2%2Ftags&post=24804"}],"curies":[{"name":"wp","href":"https:\/\/api.w.org\/{rel}","templated":true}]}}