{"id":24802,"date":"2025-04-27T16:09:00","date_gmt":"2025-04-27T20:09:00","guid":{"rendered":"https:\/\/noticiasveraces.com\/?p=24802"},"modified":"2025-04-27T16:09:00","modified_gmt":"2025-04-27T20:09:00","slug":"alemania-conmemora-liberacion-de-campo-nazi-de-bergen-belsen-dw-27-04-2025","status":"publish","type":"post","link":"https:\/\/noticiasveraces.com\/?p=24802","title":{"rendered":"Alemania conmemora liberaci\u00f3n de campo nazi de Bergen-Belsen \u2013 DW \u2013 27\/04\/2025"},"content":{"rendered":"<p> \n<\/p>\n<div>\n<p>Sobrevivientes del Holocausto exhortaron este domingo (27.04.2025) a la humanidad a no olvidar, durante la conmemoraci\u00f3n del 80 aniversario de la liberaci\u00f3n del campo de concentraci\u00f3n nazi de Bergen-Belsen, en el noroeste de Alemania.<\/p>\n<h2><strong>\u00abDebemos ser vigilantes y activos en el combate contra el odio\u00bb<\/strong><\/h2>\n<p>M\u00e1s de 50 exprisioneros del campo se congregaron junto a pol\u00edticos alemanes y la vice primera ministra brit\u00e1nica Angela Rayner en una ceremonia en el estado de Baja Sajonia.<\/p>\n<p>\u00abMi mensaje para el futuro es que todos debemos ser vigilantes y activos en el combate contra el odio\u00bb, declar\u00f3 Mala Tribich, de 94 a\u00f1os, nacida en Polonia y enviada a Bergen-Belsen cuando era ni\u00f1a. \u00abEso incluye el antisemitismo y el racismo hacia todo grupo de personas\u00bb, agreg\u00f3.<\/p>\n<figure class=\"placeholder-image master_landscape right\"><img data-format=\"MASTER_LANDSCAPE\" data-id=\"55185357\" data-url=\"https:\/\/static.dw.com\/image\/55185357_${formatId}.jpg\" data-aspect-ratio=\"16\/9\" alt=\"Alemania L Al final de la Segunda Guerra Mundial - Campamento de concentraci\u00f3n de Bergen -Belsen, Pit With Corpses\" style=\"padding-bottom: 56.25%; height: 0; max-height: 0;\"\/><figcaption class=\"img-caption\"><small class=\"copyright\">Imagen: AKG-Images\/Picture-Alliance<\/small><\/figcaption><\/figure>\n<h2><strong>Ana Frank, la v\u00edctima m\u00e1s reconocida\u00a0de Bergen-Belsen<\/strong><\/h2>\n<p>M\u00e1s de 50.000 personas murieron en el campo de Bergen-Belsen, entre ellas la joven Ana Frank, que escribi\u00f3 un diario (publicado luego bajo el t\u00edtulo de <em>Diario de Ana Frank<\/em>) convertido en s\u00edmbolo de los sufrimientos infligidos por los nazis durante la Segunda Guerra Mundial.<\/p>\n<p>Cuando los ej\u00e9rcitos occidentales llegaron a Bergen-Belsen el 15 de abril de 1945, hallaron prisioneros muy enfermos y 10.000 cad\u00e1veres no enterrados. Las v\u00edctimas eran jud\u00edos, gitanos, prisioneros de guerra, homosexuales y opositores pol\u00edticos.<\/p>\n<figure class=\"placeholder-image master_landscape big\"><img data-format=\"MASTER_LANDSCAPE\" data-id=\"72368578\" data-url=\"https:\/\/static.dw.com\/image\/72368578_${formatId}.jpg\" data-aspect-ratio=\"16\/9\" alt=\"La inscripci\u00f3n &quot;Bergen-Belsen 1940 A 1945&quot; se puede ver en una placa de piedra en el terreno del monumento conmemorativo de Bergen-Belsen\" style=\"padding-bottom: 56.25%; height: 0; max-height: 0;\"\/><figcaption class=\"img-caption\">La inscripci\u00f3n \u00abBergen-Belsen 1940 a 1945\u00bb se puede ver en una placa de piedra en el terreno del monumento conmemorativo de Bergen-Belsen<small class=\"copyright\">Imagen: Michael Matthey\/dpa\/picture alliance<\/small><\/figcaption><\/figure>\n<h2><strong>A 80 a\u00f1os de la liberaci\u00f3n de los campos nazis<\/strong><\/h2>\n<p>\u00abHab\u00eda mucha gente que parec\u00eda esqueletos, desplaz\u00e1ndose como zombis. Luego ca\u00edan y segu\u00edan ah\u00ed donde estaban, con otras personas que les ca\u00edan encima\u00bb, relat\u00f3 Tribich.<\/p>\n<p>Alemania organiz\u00f3 varias ceremonias este a\u00f1o para conmemorar el 80 aniversario de la liberaci\u00f3n de los campos nazis y otros acontecimientos importantes ocurridos al fin de la Segunda Guerra Mundial.<\/p>\n<p>El 8 de mayo, el Parlamento alem\u00e1n organizar\u00e1 una ceremonia oficial para celebrar el 80 aniversario del fin del conflicto.<\/p>\n<p>RR (AFP\/DPA)<\/p>\n<\/div>\n\n","protected":false},"excerpt":{"rendered":"<p>Sobrevivientes del Holocausto exhortaron este domingo (27.04.2025) a la humanidad a no olvidar, durante la conmemoraci\u00f3n del 80 aniversario de la liberaci\u00f3n del campo de concentraci\u00f3n nazi de Bergen-Belsen, en el noroeste de Alemania. \u00abDebemos ser vigilantes y activos en el combate contra el odio\u00bb M\u00e1s de 50 exprisioneros del campo se congregaron junto a &hellip;<\/p>\n","protected":false},"author":1,"featured_media":24803,"comment_status":"open","ping_status":"open","sticky":false,"template":"","format":"standard","meta":{"fifu_image_url":"https:\/\/static.dw.com\/image\/72368549_6.jpg","fifu_image_alt":"","footnotes":""},"categories":[13],"tags":[],"class_list":["post-24802","post","type-post","status-publish","format-standard","has-post-thumbnail","","category-mundo"],"_links":{"self":[{"href":"https:\/\/noticiasveraces.com\/index.php?rest_route=\/wp\/v2\/posts\/24802","targetHints":{"allow":["GET"]}}],"collection":[{"href":"https:\/\/noticiasveraces.com\/index.php?rest_route=\/wp\/v2\/posts"}],"about":[{"href":"https:\/\/noticiasveraces.com\/index.php?rest_route=\/wp\/v2\/types\/post"}],"author":[{"embeddable":true,"href":"https:\/\/noticiasveraces.com\/index.php?rest_route=\/wp\/v2\/users\/1"}],"replies":[{"embeddable":true,"href":"https:\/\/noticiasveraces.com\/index.php?rest_route=%2Fwp%2Fv2%2Fcomments&post=24802"}],"version-history":[{"count":0,"href":"https:\/\/noticiasveraces.com\/index.php?rest_route=\/wp\/v2\/posts\/24802\/revisions"}],"wp:featuredmedia":[{"embeddable":true,"href":"https:\/\/noticiasveraces.com\/index.php?rest_route=\/wp\/v2\/media\/24803"}],"wp:attachment":[{"href":"https:\/\/noticiasveraces.com\/index.php?rest_route=%2Fwp%2Fv2%2Fmedia&parent=24802"}],"wp:term":[{"taxonomy":"category","embeddable":true,"href":"https:\/\/noticiasveraces.com\/index.php?rest_route=%2Fwp%2Fv2%2Fcategories&post=24802"},{"taxonomy":"post_tag","embeddable":true,"href":"https:\/\/noticiasveraces.com\/index.php?rest_route=%2Fwp%2Fv2%2Ftags&post=24802"}],"curies":[{"name":"wp","href":"https:\/\/api.w.org\/{rel}","templated":true}]}}