{"id":24784,"date":"2025-04-27T15:04:32","date_gmt":"2025-04-27T19:04:32","guid":{"rendered":"https:\/\/noticiasveraces.com\/?p=24784"},"modified":"2025-04-27T15:04:32","modified_gmt":"2025-04-27T19:04:32","slug":"el-derecho-de-la-naturaleza-puede-guiar-un-cambio-transformador","status":"publish","type":"post","link":"https:\/\/noticiasveraces.com\/?p=24784","title":{"rendered":"El derecho de la naturaleza puede guiar un cambio transformador"},"content":{"rendered":"<p> \n<\/p>\n<div>\n<p>Mientras el derecho medioambiental reconoce la naturaleza \u201ccomo una cosa o un objeto\u201d, cuya explotaci\u00f3n tiene cierto l\u00edmite, <strong>los derechos de la naturaleza reconocen a \u00e9sta como \u201cun sujeto que merece respeto y protecci\u00f3n\u201d en s\u00ed mismo<\/strong> porque existen muchos elementos que dependen de estos ecosistemas, como animales o bosques, explic\u00f3 Constanza Prieto, destacando la diferencia del derecho innovador de la naturaleza.<\/p>\n<p>Constanza Prieto es directora jur\u00eddica para Am\u00e9rica Latina del <em>Centro de leyes de la Tierra<\/em>una organizaci\u00f3n jur\u00eddica sin animo de lucro fundada en 2008 que busca trabajar por el derecho medioambiental.<\/p>\n<p>Durante una de las sesiones del Foro Permanente para las Cuestiones Ind\u00edgenas, celebrado en la sede de las Naciones Unidas en Nueva York, Prieto\u00a0subray\u00f3 la importancia de <strong>esta legislaci\u00f3n, que promueve el respeto a los limites naturales y a los ecosistemas<\/strong>.<\/p>\n<p>Prieto -junto con otros expertos en los derechos de los ind\u00edgenas- profundiz\u00f3 c\u00f3mo la gobernanza ind\u00edgena, el reconocimiento legal y las <strong>relaciones con la naturaleza pueden guiar un cambio transformador para las personas y el planeta<\/strong>.<\/p>\n<p>El Foro Permanente para las Cuestiones Ind\u00edgenas busca abordar cuestiones relacionadas con el desarrollo econ\u00f3mico, social, cultural y medioambiental de los pueblos ind\u00edgenas por medio de diversos eventos que permiten la discusi\u00f3n entre agentes de cambio.<\/p>\n<p>La doctora Kelsey Leonard, profesora de Derecho de la\u00a0Naturaleza (<em>Ley de la tierra<\/em>) en la Universidad de Waterloo, por su parte, compar\u00f3 <strong>el derecho de la naturaleza con un \u00e1rbol quetiene muchas ramas<\/strong>como los derechos de los animales o los derechos ind\u00edgenas, y que siempre pueden crecer m\u00e1s. Este derecho busca responder a los problemas medioambientales actuales, aport\u00e1ndoles una nueva perspectiva.<\/p>\n<h2>De los derechos ind\u00edgenas hasta el ecocidio<\/h2>\n<p>El concepto de la Ley de la Tierra o de la Naturaleza es bastante amplio e involucra diferentes tipos de principios que tienen como objetivo <strong>regular la protecci\u00f3n y el valor de la naturaleza<\/strong>.<\/p>\n<p>Estos est\u00e1n interconectados y forman parte de distintas ramas como puede ser el derecho ind\u00edgena, o el ecocidio, que es la criminalizaci\u00f3n o generaci\u00f3n de delitos por destrucci\u00f3n masiva de los ecosistemas, especific\u00f3\u00a0Prieto en una entrevista con Noticias ONU.<\/p>\n<p>Estos derechos tienen una <strong>gran relaci\u00f3n con los pueblos ind\u00edgenas y sus derechos<\/strong>ya que la interconexi\u00f3n entre los seres humanos y la naturaleza en el mundo empieza con los pueblos ind\u00edgenas, quienes dependen de esta naturaleza y han sido considerados durante a\u00f1os como sus \u201cguardianes\u201d.<\/p>\n<div class=\"context-un_news_large_credit type-entermedia_image media media--type-entermedia-image media--view-mode-un-news-large-credit\">\n<div class=\"field field--name-thumbnail field--type-image field--label-hidden field__item\"><img decoding=\"async\" src=\"https:\/\/global.unitednations.entermediadb.net\/assets\/mediadb\/services\/module\/asset\/downloads\/preset\/Libraries\/Production%20Library\/24-04-25_IndigenousForum_Nature_Rights2.jpg\/image770x420cropped.jpg\" alt=\"Constanza Prieto es directora jur\u00eddica para Am\u00e9rica Latina del Earth Law Center, una organizaci\u00f3n jur\u00eddica sin animo de lucro fundada en 2008 que busca trabajar por el derecho medioambiental.\" title=\"Constanza Prieto es directora jur\u00eddica para Am\u00e9rica Latina del Earth Law Center, una organizaci\u00f3n jur\u00eddica sin animo de lucro fundada en 2008 que busca trabajar por el derecho medioambiental.\" loading=\"lazy\" width=\"770\" height=\"420\"\/>\n<\/div>\n<div class=\"field field--name-field-authors field--type-entity-reference field--label-hidden field__items\">\n<p>ONU\/Juanita Herrera Posada<\/p>\n<\/p><\/div>\n<\/div>\n<h2>Los derechos del r\u00edo Mara\u00f1\u00f3n tras 20 a\u00f1os de lucha <\/h2>\n<p>A pesar de que los derechos de los ind\u00edgenas y de la naturaleza se ven como ramas separadas, \u201cest\u00e1n profundamente interconectados\u201d. <\/p>\n<p>\u201cCon el caso del r\u00edo Mara\u00f1\u00f3n, la Corte precisamente habla de que est\u00e1n expl\u00edcitamente vinculados. <strong>Si se viola, de los derechos del r\u00edo Mara\u00f1\u00f3n, se van a violar los derechos de autodeterminaci\u00f3n de los pueblos ind\u00edgenas<\/strong>\u201d, dijo Prieto, poniendo como ejemplo\u00a0la demanda contra el Estado, ganada en 2024, por las mujeres del pueblo ind\u00edgena Kukama en Per\u00fa por la protecci\u00f3n y los derechos del r\u00edo debido a vertidos sistem\u00e1ticos de petr\u00f3leo.<\/p>\n<p>En cooperaci\u00f3n con el <em>Centro de leyes de la Tierra <\/em>Y<em> <\/em>tras 20 a\u00f1os de lucha,\u00a0estas mujeres ind\u00edgenas lograron que el <strong>Estado peruano reconociera el derecho del r\u00edo<\/strong> y nombrara a las comunidades ind\u00edgenas que dependen de \u00e9l como sus \u201cguardianes\u201d. <\/p>\n<p>La destrucci\u00f3n del r\u00edo Mara\u00f1\u00f3n, por los permanentes derrames de petr\u00f3leo, afecta tambi\u00e9n los derechos de la comunidad Kukama al \u201cno poder ejercer su autodeterminaci\u00f3n, afecta sus tierras y territorios, afecta su v\u00ednculo espiritual con el r\u00edo, y afecta su soberan\u00eda alimentaria\u201d, indic\u00f3 Prieto.<\/p>\n<h2>M\u00e1s all\u00e1 del paradigma judicial: cambiar la cultura y la mentalidad<\/h2>\n<p>Asimismo, para conseguir un cambio es importante transformar el paradigma cultural, si <strong>\u201cla gente valora m\u00e1s su v\u00ednculo con la naturaleza, va a protegerlo\u201d<\/strong>sostuvo la directora jur\u00eddica.<\/p>\n<p>Esta protecci\u00f3n viene muchas veces de los pueblos ind\u00edgenas. En Ecuador el 90% de los casos que ata\u00f1en al derecho de la naturaleza, son promovidos por la sociedad civil, no por de la defensor\u00eda p\u00fablica.<\/p>\n<p><strong>En pa\u00edses donde \u201cno hay una sociedad civil fuerte, los derechos tienden a quedarse en el papel<\/strong>. Por ejemplo, Bolivia no ha logrado generar una movilizaci\u00f3n social, a pesar de ser el primer pa\u00eds en reconocer los derechos de la naturaleza en su legislaci\u00f3n\u201d. Por eso es importante que las personas se involucren en proteger este derecho y que exijan un cambio.<\/p>\n<p>Este cambio de mentalidad en la sociedad tambi\u00e9n va de la mano con llevar las problem\u00e1ticas locales a espacios internacionales para darles visibilidad. \u201cCuando las problem\u00e1ticas quedan encerradas en las paredes locales las comunidades (\u2026) piensan que no van a ser escuchadas, que no tienen visibilizaci\u00f3n\u201d.<\/p>\n<p>Dar a estas voces un espacio internacional que las amplifique o catalice, hace posible que se encuentren con gente que comparte su lucha para salir de la l\u00f3gica de que \u2018no se puede lograr un cambio\u2019, y ayuda a que se presiones a los Estados para que act\u00faen\u00a0 conforme a las leyes.<\/p>\n<p><strong>\u201cEs algo virtuoso que las comunidades puedan catalizar su voz en forma internacional\u201d<\/strong>concluy\u00f3 Prieto. <\/p>\n<\/div>\n\n","protected":false},"excerpt":{"rendered":"<p>Mientras el derecho medioambiental reconoce la naturaleza \u201ccomo una cosa o un objeto\u201d, cuya explotaci\u00f3n tiene cierto l\u00edmite, los derechos de la naturaleza reconocen a \u00e9sta como \u201cun sujeto que merece respeto y protecci\u00f3n\u201d en s\u00ed mismo porque existen muchos elementos que dependen de estos ecosistemas, como animales o bosques, explic\u00f3 Constanza Prieto, destacando la &hellip;<\/p>\n","protected":false},"author":1,"featured_media":24786,"comment_status":"open","ping_status":"open","sticky":false,"template":"","format":"standard","meta":{"fifu_image_url":"https:\/\/global.unitednations.entermediadb.net\/assets\/mediadb\/services\/module\/asset\/downloads\/preset\/Libraries\/Production%20Library\/24-04-25_IndigenousForum_Nature_Rights1.jpg\/image770x420cropped.jpg","fifu_image_alt":"","footnotes":""},"categories":[3],"tags":[],"class_list":["post-24784","post","type-post","status-publish","format-standard","has-post-thumbnail","","category-negocio"],"_links":{"self":[{"href":"https:\/\/noticiasveraces.com\/index.php?rest_route=\/wp\/v2\/posts\/24784","targetHints":{"allow":["GET"]}}],"collection":[{"href":"https:\/\/noticiasveraces.com\/index.php?rest_route=\/wp\/v2\/posts"}],"about":[{"href":"https:\/\/noticiasveraces.com\/index.php?rest_route=\/wp\/v2\/types\/post"}],"author":[{"embeddable":true,"href":"https:\/\/noticiasveraces.com\/index.php?rest_route=\/wp\/v2\/users\/1"}],"replies":[{"embeddable":true,"href":"https:\/\/noticiasveraces.com\/index.php?rest_route=%2Fwp%2Fv2%2Fcomments&post=24784"}],"version-history":[{"count":0,"href":"https:\/\/noticiasveraces.com\/index.php?rest_route=\/wp\/v2\/posts\/24784\/revisions"}],"wp:featuredmedia":[{"embeddable":true,"href":"https:\/\/noticiasveraces.com\/index.php?rest_route=\/wp\/v2\/media\/24786"}],"wp:attachment":[{"href":"https:\/\/noticiasveraces.com\/index.php?rest_route=%2Fwp%2Fv2%2Fmedia&parent=24784"}],"wp:term":[{"taxonomy":"category","embeddable":true,"href":"https:\/\/noticiasveraces.com\/index.php?rest_route=%2Fwp%2Fv2%2Fcategories&post=24784"},{"taxonomy":"post_tag","embeddable":true,"href":"https:\/\/noticiasveraces.com\/index.php?rest_route=%2Fwp%2Fv2%2Ftags&post=24784"}],"curies":[{"name":"wp","href":"https:\/\/api.w.org\/{rel}","templated":true}]}}