{"id":24749,"date":"2025-04-27T08:59:06","date_gmt":"2025-04-27T12:59:06","guid":{"rendered":"https:\/\/noticiasveraces.com\/?p=24749"},"modified":"2025-04-27T08:59:06","modified_gmt":"2025-04-27T12:59:06","slug":"la-tumba-del-papa-francisco-se-abre-a-los-visitantes-el-posible-sucesor-le-da-a-la-homilia-de-san-pedro","status":"publish","type":"post","link":"https:\/\/noticiasveraces.com\/?p=24749","title":{"rendered":"La tumba del Papa Francisco se abre a los visitantes, el posible sucesor le da a la homil\u00eda de San Pedro"},"content":{"rendered":"<p> \n<\/p>\n<div>\n<p class=\"speakable\">La tumba del Papa Francisco abri\u00f3 para los visitantes de la Bas\u00edlica Mayor de Santa Mar\u00eda en Roma el domingo, un d\u00eda despu\u00e9s de los l\u00edderes mundiales y una multitud de cientos de miles asistieron al funeral del difunto l\u00edder de la Iglesia Cat\u00f3lica. <\/p>\n<p class=\"speakable\">Los fieles cat\u00f3licos romanos est\u00e1n presentando la simple tumba blanca en la Bas\u00edlica Mayor de Santa Mar\u00eda. Muchos est\u00e1n administrando el signo de la cruz o tomando fotos en sus tel\u00e9fonos celulares, ya que los usheros los instan a seguir movi\u00e9ndose para acomodar a los miles que acudieron a la Bas\u00edlica de Roma para ver la tumba, formando una larga l\u00ednea afuera. La tumba se abri\u00f3 en el segundo de nueve d\u00edas de duelo oficial para Francis, despu\u00e9s de lo cual se llevar\u00e1 a cabo un c\u00f3nclave para elegir al pr\u00f3ximo Papa.<\/p>\n<p>Se coloc\u00f3 una sola rosa blanca en la tumba que dec\u00eda \u00abfrancisco\u00bb, el nombre del Papa en lat\u00edn. Una luz arroj\u00f3 su c\u00e1lido brillo sobre la tumba y una reproducci\u00f3n de la cruz pectoral del pont\u00edfice en la pared sobre ella. <\/p>\n<p>El tiempo de espera es de aproximadamente una hora, seg\u00fan SkyTV. Algunos visitantes llegaron antes del amanecer para poder entrar a las 7 am cuando la tumba se abri\u00f3 por primera vez.<\/p>\n<p>Se estima que 200,000 personas tambi\u00e9n asistieron a una misa especial en la Bas\u00edlica de San Pedro el domingo por el cardenal Pietro Parolin, el Secretario de Estado del Vaticano. <\/p>\n<p><strong>Los l\u00edderes mundiales y los dolientes de la fe cat\u00f3lica se re\u00fanen en la ciudad del Vaticano para el funeral del Papa Francisco<\/strong><\/p>\n<p>Parolin, un colaborador cercano de Francis, entreg\u00f3 una muy esperada homil\u00eda. Se lo considera el n\u00famero 2 en el Vaticano y es uno de los posibles contendientes en ser el pr\u00f3ximo Papa.<\/p>\n<p>\u00abEl pastor a quien el Se\u00f1or le dio a su pueblo, el Papa Francisco, ha terminado su vida terrenal y nos ha dejado\u00bb, dijo Parolin en su homil\u00eda. \u00abEl dolor por su partida, la sensaci\u00f3n de tristeza que nos asalta, la agitaci\u00f3n que sentimos en nuestros corazones, el sentido de desconcierto: estamos experimentando todo esto, como los ap\u00f3stoles afligidos por la muerte de Jes\u00fas. Sin embargo, el evangelio nos dice que es precisamente en estos momentos de la oscuridad que el Se\u00f1or viene a nosotros con la luz de la resurrecci\u00f3n, a iluminado nuestros corazones\u00bb. \u00ab.\u00bb. \u00ab.\u00bb<\/p>\n<p>Parolin enfatiz\u00f3 que la misericordia de Dios era un foco central del difunto papa argentino. <\/p>\n<p>\u00abNos record\u00f3 que &#8216;Mercy&#8217; es el mismo nombre de Dios y, por lo tanto, nadie puede poner un l\u00edmite a su amor misericordioso con el que quiere criarnos y hacernos nuevas personas. Es importante dar la bienvenida como un precioso tesoro. Nuestras vidas, abri\u00e9ndonos a la misericordia de Dios y tambi\u00e9n siendo misericordiosos el uno con el otro \u00ab, dijo Parolin. \u00abLa misericordia nos lleva de regreso al coraz\u00f3n de la fe\u00bb.<\/p>\n<p>Parolin agreg\u00f3: \u00abSolo Mercy cura y crea un mundo nuevo, apagando los fuegos de la desconfianza, el odio y la violencia: esta es la gran ense\u00f1anza del Papa Francisco\u00bb. <\/p>\n<p>Entre los asistentes se encontraban muchos j\u00f3venes que originalmente vinieron a Roma por lo que se supon\u00eda que era la canonizaci\u00f3n del primer santo milenario, Carlo Acutis, durante los d\u00edas santos especiales dedicados a los adolescentes. <\/p>\n<p>Alrededor de 80,000 j\u00f3venes se hab\u00edan registrado para asistir al Jubileo. Muchos grupos de j\u00f3venes, algunos en uniformes de exploraci\u00f3n, asistieron al funeral de Francis el s\u00e1bado y nuevamente llenaron St. Peter&#8217;s Square para la misa especial el domingo.<\/p>\n<p><strong>5 citas del cardenal Robert Sarah, un favorito entre los conservadores para suceder al Papa Francisco<\/strong><\/p>\n<div class=\"image-ct inline\">\n<div class=\"m\"><picture><source media=\"(max-width: 767px)\" srcset=\"https:\/\/a57.foxnews.com\/static.foxnews.com\/foxnews.com\/content\/uploads\/2025\/04\/343\/192\/ap25117348907022.jpg?ve=1&amp;tl=1, https:\/\/a57.foxnews.com\/static.foxnews.com\/foxnews.com\/content\/uploads\/2025\/04\/686\/384\/ap25117348907022.jpg?ve=1&amp;tl=1 2x\" height=\"192\" width=\"343\"><source media=\"(min-width: 768px) and (max-width: 1023px)\" srcset=\"https:\/\/a57.foxnews.com\/static.foxnews.com\/foxnews.com\/content\/uploads\/2025\/04\/672\/378\/ap25117348907022.jpg?ve=1&amp;tl=1, https:\/\/a57.foxnews.com\/static.foxnews.com\/foxnews.com\/content\/uploads\/2025\/04\/1344\/756\/ap25117348907022.jpg?ve=1&amp;tl=1 2x\" height=\"378\" width=\"672\"><source media=\"(min-width: 1024px) and (max-width: 1279px)\" srcset=\"https:\/\/a57.foxnews.com\/static.foxnews.com\/foxnews.com\/content\/uploads\/2025\/04\/931\/523\/ap25117348907022.jpg?ve=1&amp;tl=1, https:\/\/a57.foxnews.com\/static.foxnews.com\/foxnews.com\/content\/uploads\/2025\/04\/1862\/1046\/ap25117348907022.jpg?ve=1&amp;tl=1 2x\" height=\"523\" width=\"931\"><source media=\"(min-width: 1280px)\" srcset=\"https:\/\/a57.foxnews.com\/static.foxnews.com\/foxnews.com\/content\/uploads\/2025\/04\/720\/405\/ap25117348907022.jpg?ve=1&amp;tl=1, https:\/\/a57.foxnews.com\/static.foxnews.com\/foxnews.com\/content\/uploads\/2025\/04\/1440\/810\/ap25117348907022.jpg?ve=1&amp;tl=1 2x\" height=\"405\" width=\"720\"><img loading=\"lazy\" decoding=\"async\" src=\"https:\/\/a57.foxnews.com\/static.foxnews.com\/foxnews.com\/content\/uploads\/2025\/04\/1200\/675\/ap25117348907022.jpg?ve=1&amp;tl=1\" alt=\"Boy Scouts en la Plaza de San Pedro\" width=\"1200\" height=\"675\"\/><\/source><\/source><\/source><\/source><\/picture><\/div>\n<div class=\"info\">\n<div class=\"caption\">\n<p><span>Los Boy Scouts que participaron en el Jubileo de adolescentes asistieron a una misa presidida por el Secretario de Estado del Vaticano, el cardenal Pietro Parolin, en la Plaza de San Pedro en el Vaticano, el domingo 27 de abril de 2025. <\/span> <span>(AP Photo\/Francisco Seco)<\/span><\/p>\n<\/div>\n<\/div>\n<\/div>\n<p>\u00abLa alegr\u00eda de la Pascua, que nos sostiene en este momento de prueba y tristeza, es algo que casi se puede tocar en esta plaza hoy; se puede ver grabado sobre todo en sus rostros, queridos ni\u00f1os y j\u00f3venes que han venido de todo el mundo para celebrar el Jubileo\u00bb, dijo Parolin. \u00abVienes de tantos lugares: de todas las di\u00f3cesis de Italia, desde Europa, desde Estados Unidos hasta Am\u00e9rica Latina, desde \u00c1frica hasta Asia, de los Emiratos \u00c1rabes Unidos &#8230; \u00a1contigo aqu\u00ed, todo el mundo est\u00e1 realmente presente!\u00bb<\/p>\n<p>Todav\u00eda no se ha establecido una fecha para el c\u00f3nclave, pero se espera que comience entre el 5 y el 10 de mayo. <\/p>\n<p>El Papa Francisco eligi\u00f3 su lugar de entierro en la Bas\u00edlica Mayor de Santa Mar\u00eda, cerca de un \u00edcono de la Madonna que vener\u00f3, porque refleja su vida \u00abhumilde, simple y esencial\u00bb, el arzobispo que administra la Bas\u00edlica dijo el viernes.<\/p>\n<p><strong><u>Haga clic aqu\u00ed para obtener la aplicaci\u00f3n Fox News<\/u><\/strong><\/p>\n<p>Los cardenales que viajaron a Roma para el funeral de Francis se reunir\u00e1n regularmente esta semana antes del c\u00f3nclave a medida que comienzan a trazar un camino a seguir para la iglesia cat\u00f3lica de 1.400 millones de personas. <\/p>\n<p>A las 4 pm del domingo, los Cardenales ir\u00e1n a rezar en la tumba de Francis.<\/p>\n<p>Los medios italianos informaron que el ex presidente<strong> <\/strong>Joe Biden<strong> <\/strong>se reuni\u00f3 en privado con Parolin el s\u00e1bado. En 2015, los dos se conocieron cuando Biden busc\u00f3 la comodidad del cardenal despu\u00e9s de la muerte de su hijo Beau.<\/p>\n<p><i>Courtney Walsh-Antesi de Fox News y The Associated Press contribuyeron a este informe.<\/i><\/p>\n<p> <!----> <\/p>\n<div class=\"article-meta\">\n<div class=\"author-bio\">\n<p>Danielle Wallace es reportera de noticias y pol\u00edticas en Fox News Digital. Los consejos de la historia se pueden enviar a danielle.wallace@fox.com y en X: @danimwallace. <\/p>\n<\/div>\n<\/div>\n<\/div>\n\n","protected":false},"excerpt":{"rendered":"<p>La tumba del Papa Francisco abri\u00f3 para los visitantes de la Bas\u00edlica Mayor de Santa Mar\u00eda en Roma el domingo, un d\u00eda despu\u00e9s de los l\u00edderes mundiales y una multitud de cientos de miles asistieron al funeral del difunto l\u00edder de la Iglesia Cat\u00f3lica. Los fieles cat\u00f3licos romanos est\u00e1n presentando la simple tumba blanca en &hellip;<\/p>\n","protected":false},"author":1,"featured_media":24751,"comment_status":"open","ping_status":"open","sticky":false,"template":"","format":"standard","meta":{"fifu_image_url":"https:\/\/static.foxnews.com\/foxnews.com\/content\/uploads\/2025\/04\/ap25117200398839.jpg","fifu_image_alt":"","footnotes":""},"categories":[13],"tags":[],"class_list":["post-24749","post","type-post","status-publish","format-standard","has-post-thumbnail","","category-mundo"],"_links":{"self":[{"href":"https:\/\/noticiasveraces.com\/index.php?rest_route=\/wp\/v2\/posts\/24749","targetHints":{"allow":["GET"]}}],"collection":[{"href":"https:\/\/noticiasveraces.com\/index.php?rest_route=\/wp\/v2\/posts"}],"about":[{"href":"https:\/\/noticiasveraces.com\/index.php?rest_route=\/wp\/v2\/types\/post"}],"author":[{"embeddable":true,"href":"https:\/\/noticiasveraces.com\/index.php?rest_route=\/wp\/v2\/users\/1"}],"replies":[{"embeddable":true,"href":"https:\/\/noticiasveraces.com\/index.php?rest_route=%2Fwp%2Fv2%2Fcomments&post=24749"}],"version-history":[{"count":0,"href":"https:\/\/noticiasveraces.com\/index.php?rest_route=\/wp\/v2\/posts\/24749\/revisions"}],"wp:featuredmedia":[{"embeddable":true,"href":"https:\/\/noticiasveraces.com\/index.php?rest_route=\/wp\/v2\/media\/24751"}],"wp:attachment":[{"href":"https:\/\/noticiasveraces.com\/index.php?rest_route=%2Fwp%2Fv2%2Fmedia&parent=24749"}],"wp:term":[{"taxonomy":"category","embeddable":true,"href":"https:\/\/noticiasveraces.com\/index.php?rest_route=%2Fwp%2Fv2%2Fcategories&post=24749"},{"taxonomy":"post_tag","embeddable":true,"href":"https:\/\/noticiasveraces.com\/index.php?rest_route=%2Fwp%2Fv2%2Ftags&post=24749"}],"curies":[{"name":"wp","href":"https:\/\/api.w.org\/{rel}","templated":true}]}}