{"id":24725,"date":"2025-04-27T04:55:08","date_gmt":"2025-04-27T08:55:08","guid":{"rendered":"https:\/\/noticiasveraces.com\/?p=24725"},"modified":"2025-04-27T04:55:08","modified_gmt":"2025-04-27T08:55:08","slug":"varios-muertos-y-heridos-en-atropello-masivo-en-canada-dw-27-04-2025-2","status":"publish","type":"post","link":"https:\/\/noticiasveraces.com\/?p=24725","title":{"rendered":"Varios muertos y heridos en atropello masivo en Canad\u00e1 \u2013 DW \u2013 27\/04\/2025"},"content":{"rendered":"<p> \n<\/p>\n<div>\n<p>Varias personas murieron cuando un conductor a bordo de una SUV negra atropell\u00f3, a las 20:14 horas del s\u00e1bado 26 de abril de 2025 (03:00 GMT del domingo), a una multitud durante un festival callejero de la comunidad filipina en la ciudad canadiense de Vancouver, inform\u00f3 la polic\u00eda. El conductor del coche fue arrestado, de acuerdo con las autoridades, que no especificaron la cifra de las v\u00edctimas.<\/p>\n<p>El hecho ocurri\u00f3 cuando vecinos se congregaron a celebrar el D\u00eda de Lapu Lapu, public\u00f3 en X (Twitter) el alcalde de la ciudad, Ken Sim. El festival conmemora a un l\u00edder anticolonialista filipino del siglo XVI. \u00abNuestros pensamientos est\u00e1n con todos los afectados y con la comunidad filipina de Vancouver durante este momento incre\u00edblemente dif\u00edcil\u201d, agreg\u00f3 Sim.<\/p>\n<p>Las autoridades no han informado si el incidente tuvo car\u00e1cter intencional o fortuito, pero la polic\u00eda detall\u00f3 que el detenido era un hombre de 30 a\u00f1os que era conocido por la Justicia. De acuerdo con los testimonios, el sospechoso ingres\u00f3 por la Avenida 43, donde hab\u00eda unos carros de comida, y aceler\u00f3, provocando lo que fue descrito por los testigos como \u00abuna carnicer\u00eda\u201d.<\/p>\n<h2>Primer ministro, \u00abdevastado\u201d<\/h2>\n<p>\u00abHab\u00eda cuerpos en las calles, algunos ya estaban muertos\u201d, dijo un testigo al peri\u00f3dico <em>Vancouver Sun<\/em>. Entre los heridos habr\u00eda varios ni\u00f1os, seg\u00fan reporta el mismo diario. El sospechoso fue retenido por los mismos vecinos hasta que lleg\u00f3 la polic\u00eda al lugar. El hombre dec\u00eda reiteradamente \u00ablo siento\u201d y aparentemente sufr\u00eda alg\u00fan tipo de desorden mental.<\/p>\n<p>El primer ministro canadiense, Mark Carney, dijo sentirse \u00abdevastado\u201d por lo sucedido. \u00abEstoy devastado tras enterarme de los horrorosos eventos en el festival Lapu Lapu de Vancouver esta noche\u201d, escribi\u00f3 Carney en X (Twitter). \u00abOfrezco mis condolencias a los familiares de quienes murieron y resultaron heridos, a la comunidad filipino-canadiense y a todos en Vancouver. Todos estamos de duelo con ustedes\u201d, apunt\u00f3.<\/p>\n<p>El atropello ocurre a pocas horas de que se realicen las elecciones parlamentarias de Canad\u00e1, que el lunes decidir\u00e1n qui\u00e9n gobierna en pa\u00eds en medio de la crisis desatada por los aranceles impuestos por Estados Unidos. Pierre Poilievre, rival de Carney en las elecciones, se expres\u00f3 \u00abshockeado por las horribles noticias que llegan del Festival Lapu Lapu de Vancouver\u201d.<\/p>\n<p>DZC (Vancouver Sun, Efe, AFP, DPA)<\/p>\n<\/div>\n\n","protected":false},"excerpt":{"rendered":"<p>Varias personas murieron cuando un conductor a bordo de una SUV negra atropell\u00f3, a las 20:14 horas del s\u00e1bado 26 de abril de 2025 (03:00 GMT del domingo), a una multitud durante un festival callejero de la comunidad filipina en la ciudad canadiense de Vancouver, inform\u00f3 la polic\u00eda. El conductor del coche fue arrestado, de &hellip;<\/p>\n","protected":false},"author":1,"featured_media":24727,"comment_status":"open","ping_status":"open","sticky":false,"template":"","format":"standard","meta":{"fifu_image_url":"https:\/\/static.dw.com\/image\/72367017_6.jpg","fifu_image_alt":"","footnotes":""},"categories":[13],"tags":[],"class_list":["post-24725","post","type-post","status-publish","format-standard","has-post-thumbnail","","category-mundo"],"_links":{"self":[{"href":"https:\/\/noticiasveraces.com\/index.php?rest_route=\/wp\/v2\/posts\/24725","targetHints":{"allow":["GET"]}}],"collection":[{"href":"https:\/\/noticiasveraces.com\/index.php?rest_route=\/wp\/v2\/posts"}],"about":[{"href":"https:\/\/noticiasveraces.com\/index.php?rest_route=\/wp\/v2\/types\/post"}],"author":[{"embeddable":true,"href":"https:\/\/noticiasveraces.com\/index.php?rest_route=\/wp\/v2\/users\/1"}],"replies":[{"embeddable":true,"href":"https:\/\/noticiasveraces.com\/index.php?rest_route=%2Fwp%2Fv2%2Fcomments&post=24725"}],"version-history":[{"count":0,"href":"https:\/\/noticiasveraces.com\/index.php?rest_route=\/wp\/v2\/posts\/24725\/revisions"}],"wp:featuredmedia":[{"embeddable":true,"href":"https:\/\/noticiasveraces.com\/index.php?rest_route=\/wp\/v2\/media\/24727"}],"wp:attachment":[{"href":"https:\/\/noticiasveraces.com\/index.php?rest_route=%2Fwp%2Fv2%2Fmedia&parent=24725"}],"wp:term":[{"taxonomy":"category","embeddable":true,"href":"https:\/\/noticiasveraces.com\/index.php?rest_route=%2Fwp%2Fv2%2Fcategories&post=24725"},{"taxonomy":"post_tag","embeddable":true,"href":"https:\/\/noticiasveraces.com\/index.php?rest_route=%2Fwp%2Fv2%2Ftags&post=24725"}],"curies":[{"name":"wp","href":"https:\/\/api.w.org\/{rel}","templated":true}]}}