{"id":24710,"date":"2025-04-27T02:53:05","date_gmt":"2025-04-27T06:53:05","guid":{"rendered":"https:\/\/noticiasveraces.com\/?p=24710"},"modified":"2025-04-27T02:53:05","modified_gmt":"2025-04-27T06:53:05","slug":"el-conductor-de-vancouver-se-estrella-contra-la-multitud-de-personas-que-asisten-al-festival-filipino-matando-a-multiples-victimas","status":"publish","type":"post","link":"https:\/\/noticiasveraces.com\/?p=24710","title":{"rendered":"El conductor de Vancouver se estrella contra la multitud de personas que asisten al festival filipino, matando a m\u00faltiples v\u00edctimas"},"content":{"rendered":"<p> \n<\/p>\n<div>\n<p class=\"speakable\">Un conductor corri\u00f3 un autom\u00f3vil a una multitud en un festival filipino en Vancouver, Canad\u00e1, el s\u00e1bado por la noche, dejando a varias v\u00edctimas muertas y otras heridas, dijeron las autoridades locales. <\/p>\n<p class=\"speakable\">El incidente ocurri\u00f3 poco despu\u00e9s de las 8 pm en la fiesta de bloque del d\u00eda de Lapu Lapu, dijo el Departamento de Polic\u00eda de Vancouver en un puesto de redes sociales.<\/p>\n<p>\u00abVarias personas han sido asesinadas y varias otras resultaron heridas despu\u00e9s de que un conductor condujo a una multitud en un festival callejero en E. 41st Avenue y Fraser poco despu\u00e9s de las 8 pm de esta noche\u00bb, dijo la polic\u00eda.<\/p>\n<p><strong>Apretando el antisemitismo en Canad\u00e1 provoca preocupaci\u00f3n por los jud\u00edos del pa\u00eds antes de la elecci\u00f3n<\/strong><\/p>\n<div class=\"image-ct inline\">\n<div class=\"m\"><picture><source media=\"(max-width: 767px)\" srcset=\"https:\/\/a57.foxnews.com\/static.foxnews.com\/foxnews.com\/content\/uploads\/2025\/04\/343\/192\/vancouver-1.png?ve=1&amp;tl=1, https:\/\/a57.foxnews.com\/static.foxnews.com\/foxnews.com\/content\/uploads\/2025\/04\/686\/384\/vancouver-1.png?ve=1&amp;tl=1 2x\" height=\"192\" width=\"343\"><source media=\"(min-width: 768px) and (max-width: 1023px)\" srcset=\"https:\/\/a57.foxnews.com\/static.foxnews.com\/foxnews.com\/content\/uploads\/2025\/04\/672\/378\/vancouver-1.png?ve=1&amp;tl=1, https:\/\/a57.foxnews.com\/static.foxnews.com\/foxnews.com\/content\/uploads\/2025\/04\/1344\/756\/vancouver-1.png?ve=1&amp;tl=1 2x\" height=\"378\" width=\"672\"><source media=\"(min-width: 1024px) and (max-width: 1279px)\" srcset=\"https:\/\/a57.foxnews.com\/static.foxnews.com\/foxnews.com\/content\/uploads\/2025\/04\/931\/523\/vancouver-1.png?ve=1&amp;tl=1, https:\/\/a57.foxnews.com\/static.foxnews.com\/foxnews.com\/content\/uploads\/2025\/04\/1862\/1046\/vancouver-1.png?ve=1&amp;tl=1 2x\" height=\"523\" width=\"931\"><source media=\"(min-width: 1280px)\" srcset=\"https:\/\/a57.foxnews.com\/static.foxnews.com\/foxnews.com\/content\/uploads\/2025\/04\/720\/405\/vancouver-1.png?ve=1&amp;tl=1, https:\/\/a57.foxnews.com\/static.foxnews.com\/foxnews.com\/content\/uploads\/2025\/04\/1440\/810\/vancouver-1.png?ve=1&amp;tl=1 2x\" height=\"405\" width=\"720\"><img loading=\"lazy\" decoding=\"async\" src=\"https:\/\/a57.foxnews.com\/static.foxnews.com\/foxnews.com\/content\/uploads\/2025\/04\/1200\/675\/vancouver-1.png?ve=1&amp;tl=1\" alt=\"Festival Filipino Vancouver\" width=\"1200\" height=\"675\"\/><\/source><\/source><\/source><\/source><\/picture><\/div>\n<div class=\"info\">\n<div class=\"caption\">\n<p><span>La polic\u00eda de Vancouver en la escena despu\u00e9s de que un SUV se presenta en una multitud de personas en un festival filipino. <\/span> <span>(X\/Marcmaravillas a trav\u00e9s de Storyful)<\/span><\/p>\n<\/div>\n<\/div>\n<\/div>\n<p>El n\u00famero exacto de personas muertas o heridas no fue conocida de inmediato.<\/p>\n<p>El conductor fue detenido, dijo la polic\u00eda. El motivo para la persona que conduce a la multitud no est\u00e1 claro en este momento.<\/p>\n<p><strong>El Senado aprueba a Peter Hoekstra como el pr\u00f3ximo embajador de los Estados Unidos en Canad\u00e1<\/strong><\/p>\n<div class=\"image-ct inline\">\n<div class=\"m\"><picture><source media=\"(max-width: 767px)\" srcset=\"https:\/\/a57.foxnews.com\/static.foxnews.com\/foxnews.com\/content\/uploads\/2025\/04\/343\/192\/jagmeet-singh.png?ve=1&amp;tl=1, https:\/\/a57.foxnews.com\/static.foxnews.com\/foxnews.com\/content\/uploads\/2025\/04\/686\/384\/jagmeet-singh.png?ve=1&amp;tl=1 2x\" height=\"192\" width=\"343\"><source media=\"(min-width: 768px) and (max-width: 1023px)\" srcset=\"https:\/\/a57.foxnews.com\/static.foxnews.com\/foxnews.com\/content\/uploads\/2025\/04\/672\/378\/jagmeet-singh.png?ve=1&amp;tl=1, https:\/\/a57.foxnews.com\/static.foxnews.com\/foxnews.com\/content\/uploads\/2025\/04\/1344\/756\/jagmeet-singh.png?ve=1&amp;tl=1 2x\" height=\"378\" width=\"672\"><source media=\"(min-width: 1024px) and (max-width: 1279px)\" srcset=\"https:\/\/a57.foxnews.com\/static.foxnews.com\/foxnews.com\/content\/uploads\/2025\/04\/931\/523\/jagmeet-singh.png?ve=1&amp;tl=1, https:\/\/a57.foxnews.com\/static.foxnews.com\/foxnews.com\/content\/uploads\/2025\/04\/1862\/1046\/jagmeet-singh.png?ve=1&amp;tl=1 2x\" height=\"523\" width=\"931\"><source media=\"(min-width: 1280px)\" srcset=\"https:\/\/a57.foxnews.com\/static.foxnews.com\/foxnews.com\/content\/uploads\/2025\/04\/720\/405\/jagmeet-singh.png?ve=1&amp;tl=1, https:\/\/a57.foxnews.com\/static.foxnews.com\/foxnews.com\/content\/uploads\/2025\/04\/1440\/810\/jagmeet-singh.png?ve=1&amp;tl=1 2x\" height=\"405\" width=\"720\"><img loading=\"lazy\" decoding=\"async\" src=\"https:\/\/a57.foxnews.com\/static.foxnews.com\/foxnews.com\/content\/uploads\/2025\/04\/1200\/675\/jagmeet-singh.png?ve=1&amp;tl=1\" alt=\"Jagmeet Singh\" width=\"1200\" height=\"675\"\/><\/source><\/source><\/source><\/source><\/picture><\/div>\n<div class=\"info\">\n<div class=\"caption\">\n<p><span>El l\u00edder del NDP Jagmeet Singh hace una pausa mientras da una declaraci\u00f3n sobre las muertes en un Festival del D\u00eda de Vancouver Lapu Lapu, durante una conferencia de prensa en Burnaby, Columbia Brit\u00e1nica, el s\u00e1bado 26 de abril de 2025. <\/span> <span>(Darryl Dyck\/The Canadian Press a trav\u00e9s de AP)<\/span><\/p>\n<\/div>\n<\/div>\n<\/div>\n<p><strong><u>Haga clic aqu\u00ed para obtener la aplicaci\u00f3n Fox News<\/u><\/strong><\/p>\n<p>El video publicado en las redes sociales mostr\u00f3 v\u00edctimas y escombros esparcidos en un largo tramo de camino.<\/p>\n<p>Se vio un SUV negro con una secci\u00f3n frontal da\u00f1ada en fotos fijas de la escena.<\/p>\n<p><i>Esta es una historia en desarrollo. Vuelva a consultar las actualizaciones.<\/i><\/p>\n<p><i>Associated Press contribuy\u00f3 a este informe.<\/i><\/p>\n<p> <!----> <\/div>\n\n","protected":false},"excerpt":{"rendered":"<p>Un conductor corri\u00f3 un autom\u00f3vil a una multitud en un festival filipino en Vancouver, Canad\u00e1, el s\u00e1bado por la noche, dejando a varias v\u00edctimas muertas y otras heridas, dijeron las autoridades locales. El incidente ocurri\u00f3 poco despu\u00e9s de las 8 pm en la fiesta de bloque del d\u00eda de Lapu Lapu, dijo el Departamento de &hellip;<\/p>\n","protected":false},"author":1,"featured_media":24712,"comment_status":"open","ping_status":"open","sticky":false,"template":"","format":"standard","meta":{"fifu_image_url":"https:\/\/static.foxnews.com\/foxnews.com\/content\/uploads\/2025\/04\/vancouver-1.png","fifu_image_alt":"","footnotes":""},"categories":[13],"tags":[],"class_list":["post-24710","post","type-post","status-publish","format-standard","has-post-thumbnail","","category-mundo"],"_links":{"self":[{"href":"https:\/\/noticiasveraces.com\/index.php?rest_route=\/wp\/v2\/posts\/24710","targetHints":{"allow":["GET"]}}],"collection":[{"href":"https:\/\/noticiasveraces.com\/index.php?rest_route=\/wp\/v2\/posts"}],"about":[{"href":"https:\/\/noticiasveraces.com\/index.php?rest_route=\/wp\/v2\/types\/post"}],"author":[{"embeddable":true,"href":"https:\/\/noticiasveraces.com\/index.php?rest_route=\/wp\/v2\/users\/1"}],"replies":[{"embeddable":true,"href":"https:\/\/noticiasveraces.com\/index.php?rest_route=%2Fwp%2Fv2%2Fcomments&post=24710"}],"version-history":[{"count":0,"href":"https:\/\/noticiasveraces.com\/index.php?rest_route=\/wp\/v2\/posts\/24710\/revisions"}],"wp:featuredmedia":[{"embeddable":true,"href":"https:\/\/noticiasveraces.com\/index.php?rest_route=\/wp\/v2\/media\/24712"}],"wp:attachment":[{"href":"https:\/\/noticiasveraces.com\/index.php?rest_route=%2Fwp%2Fv2%2Fmedia&parent=24710"}],"wp:term":[{"taxonomy":"category","embeddable":true,"href":"https:\/\/noticiasveraces.com\/index.php?rest_route=%2Fwp%2Fv2%2Fcategories&post=24710"},{"taxonomy":"post_tag","embeddable":true,"href":"https:\/\/noticiasveraces.com\/index.php?rest_route=%2Fwp%2Fv2%2Ftags&post=24710"}],"curies":[{"name":"wp","href":"https:\/\/api.w.org\/{rel}","templated":true}]}}