{"id":24706,"date":"2025-04-27T01:52:05","date_gmt":"2025-04-27T05:52:05","guid":{"rendered":"https:\/\/noticiasveraces.com\/?p=24706"},"modified":"2025-04-27T01:52:05","modified_gmt":"2025-04-27T05:52:05","slug":"se-abre-a-visitas-la-tumba-del-papa-a-la-espera-del-conclave-dw-27-04-2025","status":"publish","type":"post","link":"https:\/\/noticiasveraces.com\/?p=24706","title":{"rendered":"Se abre a visitas la tumba del papa a la espera del c\u00f3nclave \u2013 DW \u2013 27\/04\/2025"},"content":{"rendered":"<p> \n<\/p>\n<div>\n<p>Fieles y curiosos podr\u00e1n descubrir a partir de este domingo (27.04.2025) la tumba del papa Francisco en Roma, tras la multitudinaria despedida de la v\u00edspera y cuando una pregunta sobrevuela la Ciudad Eterna: \u00bfQui\u00e9n sustituir\u00e1 al primer pont\u00edfice latinoamericano?<\/p>\n<p>La jerarqu\u00eda eclesi\u00e1stica insisti\u00f3 siempre en que esperar\u00eda a las exequias del jesuita argentino antes de convocar a la reuni\u00f3n secreta. La fecha del c\u00f3nclave para escoger a su sucesor podr\u00eda conocerse el lunes, tras una nueva reuni\u00f3n de cardenales.<\/p>\n<p>A la espera de ese momento crucial para la Iglesia cat\u00f3lica, los turistas y los miles de peregrinos que viajaron a Roma para la aplazada canonizaci\u00f3n de Carlo Acutis, el primer santo milenial, podr\u00e1n recogerse ante la tumba de Francisco.<\/p>\n<p>Unas 400.000 siguieron la v\u00edspera su funeral en el Vaticano y acompa\u00f1aron el recorrido del f\u00e9retro por las calles de Roma hasta la bas\u00edlica Santa Mar\u00eda la Mayor, donde fue enterrado en la intimidad en presencia de religiosos y de su familia.<\/p>\n<p>El sol de primavera ba\u00f1\u00f3 de luz la celebraci\u00f3n que mezcl\u00f3 ceremonias solemnes y emocionantes consignas.<\/p>\n<p><span data-slot-id=\"Article_InContent-1\" class=\"rich-text-ad\"\/><\/p>\n<h2>\u00abJunto a los marginados: refugiados y migrantes\u00bb<\/h2>\n<p>El cardenal decano Giovanni Battista Re destac\u00f3 en su homil\u00eda los \u00abinnumerables\u00bb esfuerzos de Francisco en la defensa de migrantes y refugiados, del Mediterr\u00e1neo a M\u00e9xico.<\/p>\n<p>Prest\u00f3 \u00abespecial atenci\u00f3n\u00bb a \u00ablos \u00faltimos de la tierra, los marginados\u00bb, subray\u00f3 el purpurado.<\/p>\n<p>Francisco \u00abtermin\u00f3 convirtiendo a la iglesia en algo m\u00e1s normal, m\u00e1s humano\u00bb, dijo a la AFP Romina Cacciatore, de 48 a\u00f1os, que acompa\u00f1\u00f3 la llegada del f\u00e9retro a Santa Mar\u00eda la Mayor. \u00abMe genera angustia lo que viene\u00bb, se\u00f1al\u00f3.<\/p>\n<p>Preocupa entre los fieles qui\u00e9n sustituir\u00e1 al pont\u00edfice argentino, cuyo papado estuvo marcado por reformas en la Iglesia y por poner el foco en los pobres y en los migrantes.<\/p>\n<h2>Reuni\u00f3n de cardenales el lunes<\/h2>\n<p>Los cardenales tienen prevista el lunes la quinta reuni\u00f3n desde que muri\u00f3 el papa. Ser\u00e1 a las 09H00 locales (07H00 GMT) y se espera que anuncien la fecha del c\u00f3nclave.<\/p>\n<p>M\u00e1s de 220 de los 252 cardenales de la Iglesia cat\u00f3lica asistieron al funeral y este domingo tienen previsto visitar tambi\u00e9n la sencilla sepultura de m\u00e1rmol.<\/p>\n<p>Pietro Parolin, el exsecretario de Estado de la Santa Sede durante la mayor\u00eda del papado de Francisco, ofrecer\u00e1 una misa en la bas\u00edlica de San Pedro a las 10H30 (8H30 GMT).<\/p>\n<p>Parolin, que ejerci\u00f3 de nuncio en Venezuela entre 2009 y 2013, aparece entre los posibles papables.<\/p>\n<p>La mayor\u00eda de los 135 cardenales con poder de voto fueron designados por el difunto pont\u00edfice, lo que no garantiza necesariamente la elecci\u00f3n de un sucesor continuista.<\/p>\n<p>GS (AFP, EFE, AP)<\/p>\n<div class=\"vjs-wrapper embed big\">\n<h2 aria-label=\"Video integrado \u2014 Cat\u00f3licos del mundo honran al Papa \" class=\"headline\"><svg xmlns=\"http:\/\/www.w3.org\/2000\/svg\" viewbox=\"0 0 20 20\"><g fill-rule=\"evenodd\"><path d=\"M14.114 7.599H13.5l.002 4.706h.601l4.582 3.25-.005-11.11zM11.084 4.444l-9.007.002-1.336.797.002 9.514 1.334.793 9.007.006 1.509-.799-.004-9.516z\"\/><\/g><\/svg>Cat\u00f3licos del mundo honran al Papa <\/h2>\n<p><video id=\"video-72358175\" controls=\"\" playsinline=\"\" preload=\"none\" poster=\"data:image\/png;base64,iVBORw0KGgoAAAANSUhEUgAAAAEAAAABCAQAAAC1HAwCAAAAC0lEQVR42mNkYAAAAAYAAjCB0C8AAAAASUVORK5CYII=\" data-id=\"72358175\" data-posterurl=\"https:\/\/tvdownloaddw-a.akamaihd.net\/stills\/images\/js\/js20250425_POPENNN09E_image_512x288_3.jpg\" data-duration=\"02:18\"><source src=\"https:\/\/hlsvod.dw.com\/i\/dwtv_video\/flv\/js\/js20250425_POPENNN09E_,AVC_480x270,AVC_512x288,AVC_640x360,AVC_960x540,AVC_1280x720,AVC_1920x1080,.mp4.csmil\/master.m3u8\" type=\"application\/x-mpegURL\"><source src=\"https:\/\/tvdownloaddw-a.akamaihd.net\/dwtv_video\/flv\/js\/js20250425_POPENNN09E_AVC_1920x1080.mp4\" type=\"video\/mp4\"><p class=\"vjs-no-js\">Para ver este video, habilite JavaScript y considere actualizar a un navegador web que admite el video HTML5<\/p>\n<p><\/source><\/source><\/video><\/div>\n<\/div>\n\n","protected":false},"excerpt":{"rendered":"<p>Fieles y curiosos podr\u00e1n descubrir a partir de este domingo (27.04.2025) la tumba del papa Francisco en Roma, tras la multitudinaria despedida de la v\u00edspera y cuando una pregunta sobrevuela la Ciudad Eterna: \u00bfQui\u00e9n sustituir\u00e1 al primer pont\u00edfice latinoamericano? La jerarqu\u00eda eclesi\u00e1stica insisti\u00f3 siempre en que esperar\u00eda a las exequias del jesuita argentino antes de &hellip;<\/p>\n","protected":false},"author":1,"featured_media":24707,"comment_status":"open","ping_status":"open","sticky":false,"template":"","format":"standard","meta":{"fifu_image_url":"https:\/\/static.dw.com\/image\/72365243_6.jpg","fifu_image_alt":"","footnotes":""},"categories":[13],"tags":[],"class_list":["post-24706","post","type-post","status-publish","format-standard","has-post-thumbnail","","category-mundo"],"_links":{"self":[{"href":"https:\/\/noticiasveraces.com\/index.php?rest_route=\/wp\/v2\/posts\/24706","targetHints":{"allow":["GET"]}}],"collection":[{"href":"https:\/\/noticiasveraces.com\/index.php?rest_route=\/wp\/v2\/posts"}],"about":[{"href":"https:\/\/noticiasveraces.com\/index.php?rest_route=\/wp\/v2\/types\/post"}],"author":[{"embeddable":true,"href":"https:\/\/noticiasveraces.com\/index.php?rest_route=\/wp\/v2\/users\/1"}],"replies":[{"embeddable":true,"href":"https:\/\/noticiasveraces.com\/index.php?rest_route=%2Fwp%2Fv2%2Fcomments&post=24706"}],"version-history":[{"count":0,"href":"https:\/\/noticiasveraces.com\/index.php?rest_route=\/wp\/v2\/posts\/24706\/revisions"}],"wp:featuredmedia":[{"embeddable":true,"href":"https:\/\/noticiasveraces.com\/index.php?rest_route=\/wp\/v2\/media\/24707"}],"wp:attachment":[{"href":"https:\/\/noticiasveraces.com\/index.php?rest_route=%2Fwp%2Fv2%2Fmedia&parent=24706"}],"wp:term":[{"taxonomy":"category","embeddable":true,"href":"https:\/\/noticiasveraces.com\/index.php?rest_route=%2Fwp%2Fv2%2Fcategories&post=24706"},{"taxonomy":"post_tag","embeddable":true,"href":"https:\/\/noticiasveraces.com\/index.php?rest_route=%2Fwp%2Fv2%2Ftags&post=24706"}],"curies":[{"name":"wp","href":"https:\/\/api.w.org\/{rel}","templated":true}]}}