{"id":24700,"date":"2025-04-26T23:50:18","date_gmt":"2025-04-27T03:50:18","guid":{"rendered":"https:\/\/noticiasveraces.com\/?p=24700"},"modified":"2025-04-26T23:50:18","modified_gmt":"2025-04-27T03:50:18","slug":"carney-pide-el-voto-de-canadienses-para-enfrentar-a-trump-dw-27-04-2025","status":"publish","type":"post","link":"https:\/\/noticiasveraces.com\/?p=24700","title":{"rendered":"Carney pide el voto de canadienses para enfrentar a Trump \u2013 DW \u2013 27\/04\/2025"},"content":{"rendered":"<p> \n<\/p>\n<div>\n<p>El primer ministro y l\u00edder del Partido Liberal de Canad\u00e1, Mark Carney, pidi\u00f3 el s\u00e1bado (26.04.2025) el voto de los canadienses para enfrentarse a la \u00abtraici\u00f3n\u00bb del preesidente de Estados Unidos Donald Trump, en su guerra comercial.<\/p>\n<p>En un multitudinario mitin celebrado en un hangar aeron\u00e1utico en la localidad de Mississauga, en las cercan\u00edas de Toronto, Carney centr\u00f3 sus ataques en Trump, por amenazar a Canad\u00e1, y en el l\u00edder del opositor Partido Conservador, Pierre Poilievre, por carecer de experiencia fuera del mundo de la pol\u00edtica.<\/p>\n<p>El economista que en marzo sustituy\u00f3 a Justin Trudeau apel\u00f3 al nacionalismo de sus seguidores para decir\u00a0que el pa\u00eds necesita un gobierno fuerte. \u00abLa guerra comercial de Trump literalmente ha roto la econom\u00eda global y ha traicionado Canad\u00e1, el vecino de Estados Unidos, su m\u00e1s cercano amigo y su aliado m\u00e1s inquebrantable, afirm\u00f3.<\/p>\n<figure class=\"placeholder-image master_landscape big\"><img data-format=\"MASTER_LANDSCAPE\" data-id=\"72366376\" data-url=\"https:\/\/static.dw.com\/image\/72366376_${formatId}.jpg\" data-aspect-ratio=\"16\/9\" alt=\"El mitin de campa\u00f1a de Mark Carney se realiz\u00f3 en un hangar aeron\u00e1utico en la localidad de Mississauga, en las cercan\u00edas de Toronto, el s\u00e1bado (26.04.2025).\" style=\"padding-bottom: 56.25%; height: 0; max-height: 0;\"\/><figcaption class=\"img-caption\">El mitin de campa\u00f1a de Mark Carney se realiz\u00f3 en un hangar aeron\u00e1utico en la localidad de Mississauga, en las cercan\u00edas de Toronto, el s\u00e1bado (26.04.2025).<small class=\"copyright\">Imagen: Mert Alper Dervis\/Anadolu\/Picture Alliance<\/small><\/figcaption><\/figure>\n<p>Los canadienses votar\u00e1n por un nuevo gobierno el lunes en unas elecciones que se han visto alteradas por la guerra comercial de Trump y sus amenazas de convertir a Canad\u00e1 en el Estado n\u00famero 51 de Estados Unidos.<\/p>\n<p>Mark Carney y el Partido Liberal parec\u00edan preparados para una derrota electoral hist\u00f3rica, hasta que Trump impuso fuertes aranceles a Canad\u00e1 y comenz\u00f3 a amenazar su soberan\u00eda.<\/p>\n<h2>\u00abLuchar con aranceles contra Trump\u00bb<\/h2>\n<p>Carney, que seg\u00fan las \u00faltimas encuestas ganar\u00e1 los comicios, repiti\u00f3 sus ataques a Trump\u00a0frente a varios miles de personas en el que destacaban sijes y otras minor\u00edas asi\u00e1ticas que rompieron en abucheos.<\/p>\n<p>\u00abEste es el momento para un liderazgo serio y de unirnos como un pa\u00eds porque necesitamos luchar, protegernos y ganar. Tenemos que luchar los aranceles de Trump, con aranceles de represalia que hagan el m\u00e1ximo da\u00f1o en EE.UU. Necesitamos proteger a nuestros trabajadores\u00bb, continu\u00f3 Carney.<\/p>\n<p>Carney alter\u00f3 el gui\u00f3n cuando dos manifestantes propalestinos interrumpieron su discurso con gritos de \u00abgenocidio\u00bb. Ambos fueron r\u00e1pidamente desalojados del recinto por agentes de seguridad.<\/p>\n<p><span data-slot-id=\"Article_InContent-1\" class=\"rich-text-ad\"\/><\/p>\n<h2>Exalta\u00a0la soberan\u00eda canadiense<\/h2>\n<p>El l\u00edder liberal afirm\u00f3 que los ataques de Trump, que adem\u00e1s de gravar con aranceles miles de millones de d\u00f3lares de importaciones canadienses ha expresado su deseo de anexionar Canad\u00e1 incluso utilizando \u00abla fuerza econ\u00f3mica\u00bb, tienen un objetivo: \u00abrompernos para que EE.UU. se convierta en nuestro due\u00f1o\u00bb.<\/p>\n<p>Carney, con la aprobaci\u00f3n del p\u00fablico que ondeaba banderas canadienses, asegur\u00f3 que eso nunca pasar\u00e1 porque \u00abCanad\u00e1 no es EE.UU.\u00bb.<\/p>\n<p>Sobre su principal rival en las elecciones del lunes, el l\u00edder conservador Pierre Poilievre, Carney afirm\u00f3 que es un \u00abpol\u00edtico de toda la vida que adora el altar del libre mercado a pesar de que nunca ha trabajado en el sector privado\u00bb.<\/p>\n<p>\u00abUnidos defendemos Canad\u00e1. Unidos ganaremos esta guerra comercial, construiremos la econom\u00eda m\u00e1s fuerte del G7 que funciona para todos. Estoy aqu\u00ed hoy porque Canad\u00e1 me ha dado todo: mi familia, mi educaci\u00f3n y mis valores. Y a cambio, estoy dispuesto a darlo todo a Canad\u00e1\u00bb, concluy\u00f3.<\/p>\n<p>GS (EFE, AFP, AP)<\/p>\n<div class=\"vjs-wrapper embed big\">\n<h2 aria-label=\"Video integrado \u2014 Trump sacude al sector automotriz canadiense\" class=\"headline\"><svg xmlns=\"http:\/\/www.w3.org\/2000\/svg\" viewbox=\"0 0 20 20\"><g fill-rule=\"evenodd\"><path d=\"M14.114 7.599H13.5l.002 4.706h.601l4.582 3.25-.005-11.11zM11.084 4.444l-9.007.002-1.336.797.002 9.514 1.334.793 9.007.006 1.509-.799-.004-9.516z\"\/><\/g><\/svg>Trump sacude al sector automotriz canadiense<\/h2>\n<p><video id=\"video-72101663\" controls=\"\" playsinline=\"\" preload=\"none\" poster=\"data:image\/png;base64,iVBORw0KGgoAAAANSUhEUgAAAAEAAAABCAQAAAC1HAwCAAAAC0lEQVR42mNkYAAAAAYAAjCB0C8AAAAASUVORK5CYII=\" data-id=\"72101663\" data-posterurl=\"https:\/\/tvdownloaddw-a.akamaihd.net\/stills\/images\/js\/js20250331_tarrifsusca10a_image_512x288_3.jpg\" data-duration=\"03:14\"><source src=\"https:\/\/hlsvod.dw.com\/i\/dwtv_video\/flv\/js\/js20250331_tarrifsusca10a_,AVC_480x270,AVC_512x288,AVC_640x360,AVC_960x540,AVC_1280x720,AVC_1920x1080,.mp4.csmil\/master.m3u8\" type=\"application\/x-mpegURL\"><source src=\"https:\/\/tvdownloaddw-a.akamaihd.net\/dwtv_video\/flv\/js\/js20250331_tarrifsusca10a_AVC_1920x1080.mp4\" type=\"video\/mp4\"><track src=\"https:\/\/www.dw.com\/media\/subtitles\/72277606\" srclang=\"es\" label=\"SPANISH\" default=\"\"><p class=\"vjs-no-js\">Para ver este video, habilite JavaScript y considere actualizar a un navegador web que admite el video HTML5<\/p>\n<\/track><\/source><\/source><\/video><\/div>\n<\/div>\n\n","protected":false},"excerpt":{"rendered":"<p>El primer ministro y l\u00edder del Partido Liberal de Canad\u00e1, Mark Carney, pidi\u00f3 el s\u00e1bado (26.04.2025) el voto de los canadienses para enfrentarse a la \u00abtraici\u00f3n\u00bb del preesidente de Estados Unidos Donald Trump, en su guerra comercial. En un multitudinario mitin celebrado en un hangar aeron\u00e1utico en la localidad de Mississauga, en las cercan\u00edas de &hellip;<\/p>\n","protected":false},"author":1,"featured_media":24701,"comment_status":"open","ping_status":"open","sticky":false,"template":"","format":"standard","meta":{"fifu_image_url":"https:\/\/static.dw.com\/image\/72366402_6.jpg","fifu_image_alt":"","footnotes":""},"categories":[13],"tags":[],"class_list":["post-24700","post","type-post","status-publish","format-standard","has-post-thumbnail","","category-mundo"],"_links":{"self":[{"href":"https:\/\/noticiasveraces.com\/index.php?rest_route=\/wp\/v2\/posts\/24700","targetHints":{"allow":["GET"]}}],"collection":[{"href":"https:\/\/noticiasveraces.com\/index.php?rest_route=\/wp\/v2\/posts"}],"about":[{"href":"https:\/\/noticiasveraces.com\/index.php?rest_route=\/wp\/v2\/types\/post"}],"author":[{"embeddable":true,"href":"https:\/\/noticiasveraces.com\/index.php?rest_route=\/wp\/v2\/users\/1"}],"replies":[{"embeddable":true,"href":"https:\/\/noticiasveraces.com\/index.php?rest_route=%2Fwp%2Fv2%2Fcomments&post=24700"}],"version-history":[{"count":0,"href":"https:\/\/noticiasveraces.com\/index.php?rest_route=\/wp\/v2\/posts\/24700\/revisions"}],"wp:featuredmedia":[{"embeddable":true,"href":"https:\/\/noticiasveraces.com\/index.php?rest_route=\/wp\/v2\/media\/24701"}],"wp:attachment":[{"href":"https:\/\/noticiasveraces.com\/index.php?rest_route=%2Fwp%2Fv2%2Fmedia&parent=24700"}],"wp:term":[{"taxonomy":"category","embeddable":true,"href":"https:\/\/noticiasveraces.com\/index.php?rest_route=%2Fwp%2Fv2%2Fcategories&post=24700"},{"taxonomy":"post_tag","embeddable":true,"href":"https:\/\/noticiasveraces.com\/index.php?rest_route=%2Fwp%2Fv2%2Ftags&post=24700"}],"curies":[{"name":"wp","href":"https:\/\/api.w.org\/{rel}","templated":true}]}}