{"id":24666,"date":"2025-04-26T18:45:19","date_gmt":"2025-04-26T22:45:19","guid":{"rendered":"https:\/\/noticiasveraces.com\/?p=24666"},"modified":"2025-04-26T18:45:19","modified_gmt":"2025-04-26T22:45:19","slug":"biden-sentado-hacia-la-seccion-de-lideres-mundiales-en-el-funeral-de-pope-se-toma-selfies","status":"publish","type":"post","link":"https:\/\/noticiasveraces.com\/?p=24666","title":{"rendered":"Biden sentado hacia la secci\u00f3n de l\u00edderes mundiales en el funeral de Pope, se toma selfies"},"content":{"rendered":"<p> \n<\/p>\n<div>\n<p class=\"speakable\">El ex presidente Joe Biden se encontraba entre muchas luminarias mundiales que asistieron al funeral del Papa Francisco el s\u00e1bado en el Vaticano, pero ya no ser el l\u00edder del mundo libre lo cambia todo.<\/p>\n<p class=\"speakable\">Biden fue acompa\u00f1ado por su esposa, la ex primera dama Jill Biden, pero no estaban sentados cerca del presidente Donald Trump y otros l\u00edderes mundiales. En cambio, la pareja se sent\u00f3 hacia la parte posterior de la secci\u00f3n de dignatarios extranjeros porque ya no son jefes de estado.<\/p>\n<p>\u00abBiden ya no forma parte del Cool Kids Club\u00bb, coment\u00f3 una cuenta en X, compartiendo una imagen de Biden cerca de la parte posterior de la secci\u00f3n en el funeral.<\/p>\n<p><strong>El Papa Francisco ten\u00eda una l\u00ednea sobre ideolog\u00eda de g\u00e9nero, ten\u00eda una postura acogedora a la comunidad LGBT<\/strong><\/p>\n<p> \u00ab\u00a1Lmao! Pusieron a Biden en el camino de regreso en el funeral del Papa Francisco\u00bb, coment\u00f3 otra persona sobre X.<\/p>\n<p>\u00abMira lo perdido que se ve\u00bb. <\/p>\n<p>\u00abPusieron a Biden en la parte posterior del funeral del Papa como un perro\u00bb, escribi\u00f3 otro usuario X.<\/p>\n<p>\u00ab\u00a1Joe Biden fue tratado como un paciente en el hogar de ancianos en el escenario mundial, el presidente Trump es tratado como una estrella de rock en el escenario mundial!\u00bb Otra persona public\u00f3 en X, mostrando al ex presidente lejos de Trump y otros l\u00edderes mundiales.<\/p>\n<p>Tambi\u00e9n fue visto a Biden ser escoltado a su asiento por su esposa y un sacerdote, agarrando a ambos y movi\u00e9ndose con cautela. <\/p>\n<p>Una vez en su \u00e1rea de asientos, Biden se tom\u00f3 selfies con el vicepresidente de Uganda del Parlamento Thomas Tayebwa antes de que comenzara el funeral del Papa. <\/p>\n<p><strong>Horario funerario del Papa Francisco, qu\u00e9 esperar del Novendiali, un per\u00edodo de oraci\u00f3n de 9 d\u00edas, luto<\/strong><\/p>\n<p>Biden pos\u00f3 en varias otras fotos con otros dolientes que asistieron al funeral, y estaba sonriendo en cada instant\u00e1nea. <\/p>\n<p>Biden, el segundo presidente cat\u00f3lico de los Estados Unidos, visit\u00f3 el Vaticano en octubre de 2021, cuando \u00e9l y el Papa Francisco se reunieron para discutir temas como el cambio clim\u00e1tico y la defensa de los pobres, seg\u00fan una transcripci\u00f3n de la reuni\u00f3n. <\/p>\n<p><strong>El experto en la iglesia predice que la elecci\u00f3n del pr\u00f3ximo Pope contar\u00e1 con el c\u00f3nclave &#8216;m\u00e1s diverso&#8217; en la historia de la iglesia<\/strong><\/p>\n<div class=\"image-ct inline\">\n<div class=\"m\"><picture><source media=\"(max-width: 767px)\" srcset=\"https:\/\/a57.foxnews.com\/static.foxnews.com\/foxnews.com\/content\/uploads\/2025\/02\/343\/192\/pope-francis-world-leaders-celebrities_18.jpg?ve=1&amp;tl=1, https:\/\/a57.foxnews.com\/static.foxnews.com\/foxnews.com\/content\/uploads\/2025\/02\/686\/384\/pope-francis-world-leaders-celebrities_18.jpg?ve=1&amp;tl=1 2x\" height=\"192\" width=\"343\"><source media=\"(min-width: 768px) and (max-width: 1023px)\" srcset=\"https:\/\/a57.foxnews.com\/static.foxnews.com\/foxnews.com\/content\/uploads\/2025\/02\/672\/378\/pope-francis-world-leaders-celebrities_18.jpg?ve=1&amp;tl=1, https:\/\/a57.foxnews.com\/static.foxnews.com\/foxnews.com\/content\/uploads\/2025\/02\/1344\/756\/pope-francis-world-leaders-celebrities_18.jpg?ve=1&amp;tl=1 2x\" height=\"378\" width=\"672\"><source media=\"(min-width: 1024px) and (max-width: 1279px)\" srcset=\"https:\/\/a57.foxnews.com\/static.foxnews.com\/foxnews.com\/content\/uploads\/2025\/02\/931\/523\/pope-francis-world-leaders-celebrities_18.jpg?ve=1&amp;tl=1, https:\/\/a57.foxnews.com\/static.foxnews.com\/foxnews.com\/content\/uploads\/2025\/02\/1862\/1046\/pope-francis-world-leaders-celebrities_18.jpg?ve=1&amp;tl=1 2x\" height=\"523\" width=\"931\"><source media=\"(min-width: 1280px)\" srcset=\"https:\/\/a57.foxnews.com\/static.foxnews.com\/foxnews.com\/content\/uploads\/2025\/02\/720\/405\/pope-francis-world-leaders-celebrities_18.jpg?ve=1&amp;tl=1, https:\/\/a57.foxnews.com\/static.foxnews.com\/foxnews.com\/content\/uploads\/2025\/02\/1440\/810\/pope-francis-world-leaders-celebrities_18.jpg?ve=1&amp;tl=1 2x\" height=\"405\" width=\"720\"><img loading=\"lazy\" decoding=\"async\" src=\"https:\/\/a57.foxnews.com\/static.foxnews.com\/foxnews.com\/content\/uploads\/2025\/02\/1200\/675\/pope-francis-world-leaders-celebrities_18.jpg?ve=1&amp;tl=1\" alt=\"El Papa Francisco conoce a Joe Biden y Jill Biden\" width=\"1200\" height=\"675\"\/><\/source><\/source><\/source><\/source><\/picture><\/div>\n<div class=\"info\">\n<div class=\"caption\">\n<p><span>El Papa Francisco se encuentra con el presidente Joe Biden y la primera dama Jill Biden en el Palacio Apost\u00f3lico el 29 de octubre de 2021 en la ciudad del Vaticano, Vaticano. <\/span> <span>(Medios del Vaticano a trav\u00e9s de Vatican Pool\/Getty Images)<\/span><\/p>\n<\/div>\n<\/div>\n<\/div>\n<p>Biden hab\u00eda conocido previamente al Papa Francisco en varias otras ocasiones, incluso durante la visita del Papa a los Estados Unidos en 2015. <\/p>\n<p>Biden tambi\u00e9n se reuni\u00f3 con el Papa Francisco en junio en la Cumbre de L\u00edderes del G7 en Apulia, Italia, donde los dos discutieron la guerra de Israel-Hamas en curso, la crisis humanitaria en Gaza y el conflicto entre Ucrania y Rusia, seg\u00fan una lectura de la reuni\u00f3n. <\/p>\n<p>Biden, quien otorg\u00f3 al Papa Francisco la Medalla Presidencial de la Libertad en enero, lo describi\u00f3 como un l\u00edder \u00abconsecuente\u00bb el lunes que era un \u00abPapa para todos\u00bb. <\/p>\n<p>\u00abEra diferente a cualquiera que viniera antes que \u00e9l\u00bb, dijo Biden en un puesto en X el lunes por la ma\u00f1ana. \u00abEl Papa Francisco ser\u00e1 recordado como uno de los l\u00edderes m\u00e1s consecuentes de nuestro tiempo y soy mejor por haberlo conocido. Durante d\u00e9cadas, sirvi\u00f3 a los m\u00e1s vulnerables de Argentina y su misi\u00f3n de servir a los pobres nunca ces\u00f3. Como Papa, fue un pastor amoroso y un maestro desafiante que se acerc\u00f3 a diferentes fees\u00bb.<\/p>\n<p>Francis, quien hab\u00eda luchado contra la neumon\u00eda durante semanas antes de ser dado de alta del hospital, <u>complicaciones de salud enfrentadas<\/u> Durante muchos a\u00f1os y le quitaron medio pulm\u00f3n cuando era joven. <\/p>\n<p>Francis, de 88 a\u00f1os, muri\u00f3 el lunes por la ma\u00f1ana, el d\u00eda despu\u00e9s de Pascua, en el Vaticano.<\/p>\n<p><strong><u>Haga clic aqu\u00ed para obtener la aplicaci\u00f3n Fox News<\/u><\/strong><\/p>\n<p>El Dr. Andrea Arcangeli, jefe del departamento de salud del Vaticano, dijo que el Papa muri\u00f3 de un derrame cerebral que finalmente caus\u00f3 insuficiencia card\u00edaca, lo que lo puso en coma y condujo a insuficiencia card\u00edaca irreversible, seg\u00fan funcionarios del Vaticano.<\/p>\n<p>Fue elegido para el papado el 13 de marzo de 2013 y fue el primer jesuita en convertirse en Papa.<\/p>\n<p>La \u00faltima aparici\u00f3n p\u00fablica del Papa fue el domingo de Pascua en St. Peter&#8217;s Square.<\/p>\n<p>La oficina de Biden no respondi\u00f3 de inmediato a la solicitud de comentarios de Fox News Digital.<\/p>\n<p><i>Diana Stancy de Fox News Digital contribuy\u00f3 a este informe.<\/i><\/p>\n<p><i>Stepheny Price es escritora de Fox News Digital y Fox Business. Ella cubre temas que incluyen personas desaparecidas, homicidios, casos nacionales de delitos, inmigraci\u00f3n ilegal y m\u00e1s. Los consejos e ideas de la historia se pueden enviar a stepheny.price@fox.com<\/i><\/p>\n<\/p><\/div>\n\n","protected":false},"excerpt":{"rendered":"<p>El ex presidente Joe Biden se encontraba entre muchas luminarias mundiales que asistieron al funeral del Papa Francisco el s\u00e1bado en el Vaticano, pero ya no ser el l\u00edder del mundo libre lo cambia todo. Biden fue acompa\u00f1ado por su esposa, la ex primera dama Jill Biden, pero no estaban sentados cerca del presidente Donald &hellip;<\/p>\n","protected":false},"author":1,"featured_media":24668,"comment_status":"open","ping_status":"open","sticky":false,"template":"","format":"standard","meta":{"fifu_image_url":"https:\/\/static.foxnews.com\/foxnews.com\/content\/uploads\/2025\/04\/2025-04-26t070732z_228011870_rc2j5ea1iq29_rtrmadp_3_pope-francis-funeral.jpg","fifu_image_alt":"","footnotes":""},"categories":[13],"tags":[],"class_list":["post-24666","post","type-post","status-publish","format-standard","has-post-thumbnail","","category-mundo"],"_links":{"self":[{"href":"https:\/\/noticiasveraces.com\/index.php?rest_route=\/wp\/v2\/posts\/24666","targetHints":{"allow":["GET"]}}],"collection":[{"href":"https:\/\/noticiasveraces.com\/index.php?rest_route=\/wp\/v2\/posts"}],"about":[{"href":"https:\/\/noticiasveraces.com\/index.php?rest_route=\/wp\/v2\/types\/post"}],"author":[{"embeddable":true,"href":"https:\/\/noticiasveraces.com\/index.php?rest_route=\/wp\/v2\/users\/1"}],"replies":[{"embeddable":true,"href":"https:\/\/noticiasveraces.com\/index.php?rest_route=%2Fwp%2Fv2%2Fcomments&post=24666"}],"version-history":[{"count":0,"href":"https:\/\/noticiasveraces.com\/index.php?rest_route=\/wp\/v2\/posts\/24666\/revisions"}],"wp:featuredmedia":[{"embeddable":true,"href":"https:\/\/noticiasveraces.com\/index.php?rest_route=\/wp\/v2\/media\/24668"}],"wp:attachment":[{"href":"https:\/\/noticiasveraces.com\/index.php?rest_route=%2Fwp%2Fv2%2Fmedia&parent=24666"}],"wp:term":[{"taxonomy":"category","embeddable":true,"href":"https:\/\/noticiasveraces.com\/index.php?rest_route=%2Fwp%2Fv2%2Fcategories&post=24666"},{"taxonomy":"post_tag","embeddable":true,"href":"https:\/\/noticiasveraces.com\/index.php?rest_route=%2Fwp%2Fv2%2Ftags&post=24666"}],"curies":[{"name":"wp","href":"https:\/\/api.w.org\/{rel}","templated":true}]}}