{"id":24664,"date":"2025-04-26T17:44:11","date_gmt":"2025-04-26T21:44:11","guid":{"rendered":"https:\/\/noticiasveraces.com\/?p=24664"},"modified":"2025-04-26T17:44:11","modified_gmt":"2025-04-26T21:44:11","slug":"ucrania-desmiente-a-rusia-y-dice-que-sigue-luchando-en-kursk-dw-26-04-2025","status":"publish","type":"post","link":"https:\/\/noticiasveraces.com\/?p=24664","title":{"rendered":"Ucrania desmiente a Rusia y dice que sigue luchando en Kursk \u2013 DW \u2013 26\/04\/2025"},"content":{"rendered":"<p> \n<\/p>\n<div>\n<p>El ej\u00e9rcito ucraniano desminti\u00f3 este s\u00e1bado (26.04.2025) las afirmaciones del Estado Mayor ruso, seg\u00fan las cuales Rusia recuper\u00f3 el control de la regi\u00f3n rusa de Kursk, y asegur\u00f3 que sus tropas siguen luchando en esta zona fronteriza, donde Ucrania lanz\u00f3 una ofensiva en agosto de 2024.<\/p>\n<p>\u00abLas declaraciones de los dirigentes enemigos sobre la &#8216;derrota&#8217; de las tropas ucranianas no son m\u00e1s que trucos propagand\u00edsticos\u00bb, declar\u00f3 el Estado Mayor ucraniano en un comunicado.<\/p>\n<p>\u00abLa situaci\u00f3n operativa es dif\u00edcil, pero nuestras unidades siguen manteniendo sus posiciones\u00bb, agreg\u00f3. El jefe del Estado Mayor del ej\u00e9rcito ruso Valeri Guer\u00e1simov afirm\u00f3 poco antes que sus soldados hab\u00edan recuperado Kursk, controlada parcialmente por las tropas ucranianas.<\/p>\n<figure class=\"placeholder-image master_landscape big\"><img data-format=\"MASTER_LANDSCAPE\" data-id=\"72364183\" data-url=\"https:\/\/static.dw.com\/image\/72364183_${formatId}.jpg\" data-aspect-ratio=\"16\/9\" alt=\"Putin sostiene desde el Kremlin una reuni\u00f3n con Guer\u00e1simov (26.04.2025)\" style=\"padding-bottom: 56.25%; height: 0; max-height: 0;\"\/><figcaption class=\"img-caption\">Putin sostiene desde el Kremlin una reuni\u00f3n con Guer\u00e1simov (26.04.2025)<small class=\"copyright\">Imagen: Alexander Kazakov\/ITAR-TASS\/IMAGO<\/small><\/figcaption><\/figure>\n<p>\u00abHoy, la \u00faltima ciudad en el territorio de la regi\u00f3n de Kursk, la aldea de Gornal, fue liberada de las unidades ucranianas\u00bb, declar\u00f3 Guer\u00e1simov durante una reuni\u00f3n con el presidente ruso Vladimir Putin. \u00abLa aventura del r\u00e9gimen de Kiev fracas\u00f3 completamente\u00bb, asever\u00f3 Putin, en una secuencia difundida por la televisi\u00f3n estatal rusa.<\/p>\n<p>\u00abLos soldados y oficiales del ej\u00e9rcito norcoreano que lucharon junto a los militares rusos demostraron gran profesionalidad, resistencia, valor y hero\u00edsmo al repeler la invasi\u00f3n ucraniana\u00bb, dijo Guer\u00e1simov a Putin.<\/p>\n<p>Los soldados ucranianos lanzaron una ofensiva en Kursk en agosto de 2024, en respuesta a la que lanz\u00f3 Mosc\u00fa en Ucrania en febrero de 2022, tomando por sorpresa a las tropas rusas y apoder\u00e1ndose de m\u00e1s de 1.000 kil\u00f3metros cuadrados.<\/p>\n<p>RR (AFP\/AP\/DPA)<\/p>\n<\/div>\n\n","protected":false},"excerpt":{"rendered":"<p>El ej\u00e9rcito ucraniano desminti\u00f3 este s\u00e1bado (26.04.2025) las afirmaciones del Estado Mayor ruso, seg\u00fan las cuales Rusia recuper\u00f3 el control de la regi\u00f3n rusa de Kursk, y asegur\u00f3 que sus tropas siguen luchando en esta zona fronteriza, donde Ucrania lanz\u00f3 una ofensiva en agosto de 2024. \u00abLas declaraciones de los dirigentes enemigos sobre la &#8216;derrota&#8217; &hellip;<\/p>\n","protected":false},"author":1,"featured_media":24665,"comment_status":"open","ping_status":"open","sticky":false,"template":"","format":"standard","meta":{"fifu_image_url":"https:\/\/static.dw.com\/image\/69966906_6.jpg","fifu_image_alt":"","footnotes":""},"categories":[13],"tags":[],"class_list":["post-24664","post","type-post","status-publish","format-standard","has-post-thumbnail","","category-mundo"],"_links":{"self":[{"href":"https:\/\/noticiasveraces.com\/index.php?rest_route=\/wp\/v2\/posts\/24664","targetHints":{"allow":["GET"]}}],"collection":[{"href":"https:\/\/noticiasveraces.com\/index.php?rest_route=\/wp\/v2\/posts"}],"about":[{"href":"https:\/\/noticiasveraces.com\/index.php?rest_route=\/wp\/v2\/types\/post"}],"author":[{"embeddable":true,"href":"https:\/\/noticiasveraces.com\/index.php?rest_route=\/wp\/v2\/users\/1"}],"replies":[{"embeddable":true,"href":"https:\/\/noticiasveraces.com\/index.php?rest_route=%2Fwp%2Fv2%2Fcomments&post=24664"}],"version-history":[{"count":0,"href":"https:\/\/noticiasveraces.com\/index.php?rest_route=\/wp\/v2\/posts\/24664\/revisions"}],"wp:featuredmedia":[{"embeddable":true,"href":"https:\/\/noticiasveraces.com\/index.php?rest_route=\/wp\/v2\/media\/24665"}],"wp:attachment":[{"href":"https:\/\/noticiasveraces.com\/index.php?rest_route=%2Fwp%2Fv2%2Fmedia&parent=24664"}],"wp:term":[{"taxonomy":"category","embeddable":true,"href":"https:\/\/noticiasveraces.com\/index.php?rest_route=%2Fwp%2Fv2%2Fcategories&post=24664"},{"taxonomy":"post_tag","embeddable":true,"href":"https:\/\/noticiasveraces.com\/index.php?rest_route=%2Fwp%2Fv2%2Ftags&post=24664"}],"curies":[{"name":"wp","href":"https:\/\/api.w.org\/{rel}","templated":true}]}}