{"id":24661,"date":"2025-04-26T16:43:06","date_gmt":"2025-04-26T20:43:06","guid":{"rendered":"https:\/\/noticiasveraces.com\/?p=24661"},"modified":"2025-04-26T16:43:06","modified_gmt":"2025-04-26T20:43:06","slug":"los-cardenales-se-reuniran-para-el-conclave-papal-muy-muy-diferente-de-las-elecciones-estadounidenses","status":"publish","type":"post","link":"https:\/\/noticiasveraces.com\/?p=24661","title":{"rendered":"Los cardenales se reunir\u00e1n para el c\u00f3nclave papal, &#8216;muy, muy diferente&#8217; de las elecciones estadounidenses"},"content":{"rendered":"<p> \n<\/p>\n<div>\n<p class=\"speakable\">A medida que el mundo presenta sus respetos finales al Papa Francisco, hombres y mujeres en todas partes, incluida una nueva generaci\u00f3n de fieles, espere con anticipaci\u00f3n a la Facultad de Cardenales para convocar y seleccionar un nuevo Papa.<\/p>\n<p class=\"speakable\">Un c\u00f3nclave, organizado por el Camerlengo, actualmente el cardenal Kevin Ferrell, comienza de 15 a 20 d\u00edas despu\u00e9s de la muerte del Papa.<\/p>\n<p>\u00abCualquier cosa podr\u00eda suceder\u00bb, dijo a Fox News Digital, profesor asociado, profesor asociado y presidente de Gudorf en tradiciones intelectuales cat\u00f3licas en la Universidad de Dayton en Ohio.<\/p>\n<p><strong><u>El Papa Francisco revel\u00f3 deseos de entierro solo unos d\u00edas despu\u00e9s de convertirse en Pope en 2013<\/u><\/strong><\/p>\n<div class=\"image-ct inline\">\n<div class=\"m\"><picture><source media=\"(max-width: 767px)\" srcset=\"https:\/\/a57.foxnews.com\/static.foxnews.com\/foxnews.com\/content\/uploads\/2025\/04\/343\/192\/pope-franicis-dead_008.jpg?ve=1&amp;tl=1, https:\/\/a57.foxnews.com\/static.foxnews.com\/foxnews.com\/content\/uploads\/2025\/04\/686\/384\/pope-franicis-dead_008.jpg?ve=1&amp;tl=1 2x\" height=\"192\" width=\"343\"><source media=\"(min-width: 768px) and (max-width: 1023px)\" srcset=\"https:\/\/a57.foxnews.com\/static.foxnews.com\/foxnews.com\/content\/uploads\/2025\/04\/672\/378\/pope-franicis-dead_008.jpg?ve=1&amp;tl=1, https:\/\/a57.foxnews.com\/static.foxnews.com\/foxnews.com\/content\/uploads\/2025\/04\/1344\/756\/pope-franicis-dead_008.jpg?ve=1&amp;tl=1 2x\" height=\"378\" width=\"672\"><source media=\"(min-width: 1024px) and (max-width: 1279px)\" srcset=\"https:\/\/a57.foxnews.com\/static.foxnews.com\/foxnews.com\/content\/uploads\/2025\/04\/931\/523\/pope-franicis-dead_008.jpg?ve=1&amp;tl=1, https:\/\/a57.foxnews.com\/static.foxnews.com\/foxnews.com\/content\/uploads\/2025\/04\/1862\/1046\/pope-franicis-dead_008.jpg?ve=1&amp;tl=1 2x\" height=\"523\" width=\"931\"><source media=\"(min-width: 1280px)\" srcset=\"https:\/\/a57.foxnews.com\/static.foxnews.com\/foxnews.com\/content\/uploads\/2025\/04\/720\/405\/pope-franicis-dead_008.jpg?ve=1&amp;tl=1, https:\/\/a57.foxnews.com\/static.foxnews.com\/foxnews.com\/content\/uploads\/2025\/04\/1440\/810\/pope-franicis-dead_008.jpg?ve=1&amp;tl=1 2x\" height=\"405\" width=\"720\"><img loading=\"lazy\" decoding=\"async\" src=\"https:\/\/a57.foxnews.com\/static.foxnews.com\/foxnews.com\/content\/uploads\/2025\/04\/1200\/675\/pope-franicis-dead_008.jpg?ve=1&amp;tl=1\" alt=\"El Papa Francisco mira a una audiencia\" width=\"1200\" height=\"675\"\/><\/source><\/source><\/source><\/source><\/picture><\/div>\n<div class=\"info\">\n<div class=\"caption\">\n<p><span>El Papa Francisco fue elegido el 266 Papa en 2013.<\/span> <span>(Gregorio Borgia\/AP)<\/span><\/p>\n<\/div>\n<\/div>\n<\/div>\n<p>El Papa Francisco, el pont\u00edfice 266, nacido Jorge Mario Bergoglio, muri\u00f3 el 21 de abril de 2025, despu\u00e9s de 12 a\u00f1os como obispo de Roma.<\/p>\n<p>\u00abRealmente no tenemos mucha idea\u00bb, dijo sobre el sucesor del Papa Francisco. \u00abCreo que cualquiera que diga lo contrario tal vez est\u00e9 posicionando\u00bb.<\/p>\n<p>Entre los l\u00edderes de la iglesia flotaron como los candidatos en espera est\u00e1n el cardenal italiano Pietro Parolin, el cardenal filipino Luis Antonio Tagle, el cardenal h\u00fangaro Peter Erdo y el cardenal estadounidense Raymond Burke.<\/p>\n<p>\u00abEs \u00fatil recordar que los electores de los Cardenales ser\u00e1n, el c\u00f3nclave significa con llave, bloqueado &#8230; lejos de los medios e influencias\u00bb, dijo Gabrielli.<\/p>\n<p><strong><u>Te\u00f3logo sobre la precisi\u00f3n del \u00abc\u00f3nclave\u00bb, las expectativas para el pr\u00f3ximo evento secreto despu\u00e9s de la muerte del Papa Francisco<\/u><\/strong><\/p>\n<div class=\"image-ct inline\">\n<div class=\"m\"><picture><source media=\"(max-width: 767px)\" srcset=\"https:\/\/a57.foxnews.com\/static.foxnews.com\/foxnews.com\/content\/uploads\/2022\/08\/343\/192\/GettyImages-1242759513-e1661869439813.jpg?ve=1&amp;tl=1, https:\/\/a57.foxnews.com\/static.foxnews.com\/foxnews.com\/content\/uploads\/2022\/08\/686\/384\/GettyImages-1242759513-e1661869439813.jpg?ve=1&amp;tl=1 2x\" height=\"192\" width=\"343\"><source media=\"(min-width: 768px) and (max-width: 1023px)\" srcset=\"https:\/\/a57.foxnews.com\/static.foxnews.com\/foxnews.com\/content\/uploads\/2022\/08\/672\/378\/GettyImages-1242759513-e1661869439813.jpg?ve=1&amp;tl=1, https:\/\/a57.foxnews.com\/static.foxnews.com\/foxnews.com\/content\/uploads\/2022\/08\/1344\/756\/GettyImages-1242759513-e1661869439813.jpg?ve=1&amp;tl=1 2x\" height=\"378\" width=\"672\"><source media=\"(min-width: 1024px) and (max-width: 1279px)\" srcset=\"https:\/\/a57.foxnews.com\/static.foxnews.com\/foxnews.com\/content\/uploads\/2022\/08\/931\/523\/GettyImages-1242759513-e1661869439813.jpg?ve=1&amp;tl=1, https:\/\/a57.foxnews.com\/static.foxnews.com\/foxnews.com\/content\/uploads\/2022\/08\/1862\/1046\/GettyImages-1242759513-e1661869439813.jpg?ve=1&amp;tl=1 2x\" height=\"523\" width=\"931\"><source media=\"(min-width: 1280px)\" srcset=\"https:\/\/a57.foxnews.com\/static.foxnews.com\/foxnews.com\/content\/uploads\/2022\/08\/720\/405\/GettyImages-1242759513-e1661869439813.jpg?ve=1&amp;tl=1, https:\/\/a57.foxnews.com\/static.foxnews.com\/foxnews.com\/content\/uploads\/2022\/08\/1440\/810\/GettyImages-1242759513-e1661869439813.jpg?ve=1&amp;tl=1 2x\" height=\"405\" width=\"720\"><img loading=\"lazy\" decoding=\"async\" src=\"https:\/\/a57.foxnews.com\/static.foxnews.com\/foxnews.com\/content\/uploads\/2022\/08\/1200\/675\/GettyImages-1242759513-e1661869439813.jpg?ve=1&amp;tl=1\" alt=\"Cardenales que hablan en peque\u00f1os grupos en Roma\" width=\"1200\" height=\"675\"\/><\/source><\/source><\/source><\/source><\/picture><\/div>\n<div class=\"info\">\n<div class=\"caption\">\n<p><span>El Colegio de Cardenales se reunir\u00e1 para votar y seleccionar al pr\u00f3ximo l\u00edder de la Iglesia Cat\u00f3lica.<\/span> <span>((Foto de la Agencia Riccardo de Luca\/Anadoli a trav\u00e9s de Getty Images)))<\/span><\/p>\n<\/div>\n<\/div>\n<\/div>\n<p>\u00abTenemos un grupo de personas que juegan un papel importante en la iglesia en todo el mundo, y se unen, pasando tiempo juntos, y este grupo de cardenales no ha pasado mucho tiempo juntos\u00bb, agreg\u00f3 Gabrielli.<\/p>\n<p>El Papa Francisco cre\u00f3 m\u00e1s de 100 cardenales, incluidos los de los pa\u00edses en desarrollo.<\/p>\n<p>\u00abCristo se encuentra en los m\u00e1rgenes\u00bb, dijo Gabrielli.<\/p>\n<p>Durante un c\u00f3nclave, los cardenales votan a trav\u00e9s de una votaci\u00f3n secreta. Se requiere una mayor\u00eda de dos tercios para la elecci\u00f3n. Despu\u00e9s de cada ronda de presentaciones, se leen en voz alta y luego se queman. Las cenizas se utilizan para notificar al p\u00fablico en todo el mundo y a los espectadores en la Plaza de San Pedro del estado de las elecciones.<\/p>\n<p><strong><u>El Papa Francisco enfatiz\u00f3 el catolicismo a nivel mundial, lleg\u00f3 m\u00e1s all\u00e1 de los Estados Unidos, Europa en naciones empobrecidas<\/u><\/strong><\/p>\n<div class=\"image-ct inline\">\n<div class=\"m\"><picture><source media=\"(max-width: 767px)\" srcset=\"https:\/\/a57.foxnews.com\/static.foxnews.com\/foxnews.com\/content\/uploads\/2023\/12\/343\/192\/GettyImages-52645715-e1701992839638.jpg?ve=1&amp;tl=1, https:\/\/a57.foxnews.com\/static.foxnews.com\/foxnews.com\/content\/uploads\/2023\/12\/686\/384\/GettyImages-52645715-e1701992839638.jpg?ve=1&amp;tl=1 2x\" height=\"192\" width=\"343\"><source media=\"(min-width: 768px) and (max-width: 1023px)\" srcset=\"https:\/\/a57.foxnews.com\/static.foxnews.com\/foxnews.com\/content\/uploads\/2023\/12\/672\/378\/GettyImages-52645715-e1701992839638.jpg?ve=1&amp;tl=1, https:\/\/a57.foxnews.com\/static.foxnews.com\/foxnews.com\/content\/uploads\/2023\/12\/1344\/756\/GettyImages-52645715-e1701992839638.jpg?ve=1&amp;tl=1 2x\" height=\"378\" width=\"672\"><source media=\"(min-width: 1024px) and (max-width: 1279px)\" srcset=\"https:\/\/a57.foxnews.com\/static.foxnews.com\/foxnews.com\/content\/uploads\/2023\/12\/931\/523\/GettyImages-52645715-e1701992839638.jpg?ve=1&amp;tl=1, https:\/\/a57.foxnews.com\/static.foxnews.com\/foxnews.com\/content\/uploads\/2023\/12\/1862\/1046\/GettyImages-52645715-e1701992839638.jpg?ve=1&amp;tl=1 2x\" height=\"523\" width=\"931\"><source media=\"(min-width: 1280px)\" srcset=\"https:\/\/a57.foxnews.com\/static.foxnews.com\/foxnews.com\/content\/uploads\/2023\/12\/720\/405\/GettyImages-52645715-e1701992839638.jpg?ve=1&amp;tl=1, https:\/\/a57.foxnews.com\/static.foxnews.com\/foxnews.com\/content\/uploads\/2023\/12\/1440\/810\/GettyImages-52645715-e1701992839638.jpg?ve=1&amp;tl=1 2x\" height=\"405\" width=\"720\"><img loading=\"lazy\" decoding=\"async\" src=\"https:\/\/a57.foxnews.com\/static.foxnews.com\/foxnews.com\/content\/uploads\/2023\/12\/1200\/675\/GettyImages-52645715-e1701992839638.jpg?ve=1&amp;tl=1\" alt=\"C\u00f3nclave Vaticano\" width=\"1200\" height=\"675\"\/><\/source><\/source><\/source><\/source><\/picture><\/div>\n<div class=\"info\">\n<div class=\"caption\">\n<p><span>El Colegio de Cardenales se re\u00fane en la Capilla Sixtina en Roma para elegir al pr\u00f3ximo Papa.<\/span> <span>(Arturo Mari, piscina del Vaticano)<\/span><\/p>\n<\/div>\n<\/div>\n<\/div>\n<p>El humo negro de la Capilla Sixtina en el Vaticano indica que se desarrolla una nueva ronda de votaci\u00f3n. White Smoke se\u00f1ala que se selecciona un nuevo l\u00edder de la Iglesia Cat\u00f3lica Romana.<\/p>\n<p>El proceso secreto, que lleva tanto tiempo como sea necesario, es muy diferente de las elecciones presidenciales, locales e incluso de alcalde de los Estados Unidos. Sin embargo, el proceso electoral \u00fanico no impide que las personas dibujen comparaciones entre los cardenales m\u00e1s \u00abpapabileses\u00bb y los partidos pol\u00edticos estadounidenses, republicanos y dem\u00f3cratas.<\/p>\n<p>\u00abEs muy tentador mapear a la gente en nuestras categor\u00edas pol\u00edticas\u00bb, dijo Gabrielli. \u00abEsos simplemente no funcionan muy bien en la iglesia. Hay diferentes \u00e9nfasis y prioridades\u00bb.<\/p>\n<p>\u00abEste es un proceso muy, muy diferente\u00bb, agreg\u00f3.<\/p>\n<p>El Colegio de Cardenales eligi\u00f3 al Papa Francisco en 2013 cuando ten\u00eda 76 a\u00f1os. En ese momento, el ex pont\u00edfice no era considerado uno de los principales contendientes cardinales.<\/p>\n<p>Algunos cat\u00f3licos consideraban al ex l\u00edder de la iglesia como \u00abno tradicional\u00bb y a menudo criticaron su enfoque a veces progresivo para el liderazgo mundial.<\/p>\n<p><strong>Papa Francisco para mentir en el estado, los dolientes bienvenidos: qu\u00e9 esperar del funeral del pont\u00edfice<\/strong><\/p>\n<div class=\"image-ct inline\">\n<div class=\"m\"><picture><source media=\"(max-width: 767px)\" srcset=\"https:\/\/a57.foxnews.com\/static.foxnews.com\/foxnews.com\/content\/uploads\/2023\/06\/343\/192\/9.jpg?ve=1&amp;tl=1, https:\/\/a57.foxnews.com\/static.foxnews.com\/foxnews.com\/content\/uploads\/2023\/06\/686\/384\/9.jpg?ve=1&amp;tl=1 2x\" height=\"192\" width=\"343\"><source media=\"(min-width: 768px) and (max-width: 1023px)\" srcset=\"https:\/\/a57.foxnews.com\/static.foxnews.com\/foxnews.com\/content\/uploads\/2023\/06\/672\/378\/9.jpg?ve=1&amp;tl=1, https:\/\/a57.foxnews.com\/static.foxnews.com\/foxnews.com\/content\/uploads\/2023\/06\/1344\/756\/9.jpg?ve=1&amp;tl=1 2x\" height=\"378\" width=\"672\"><source media=\"(min-width: 1024px) and (max-width: 1279px)\" srcset=\"https:\/\/a57.foxnews.com\/static.foxnews.com\/foxnews.com\/content\/uploads\/2023\/06\/931\/523\/9.jpg?ve=1&amp;tl=1, https:\/\/a57.foxnews.com\/static.foxnews.com\/foxnews.com\/content\/uploads\/2023\/06\/1862\/1046\/9.jpg?ve=1&amp;tl=1 2x\" height=\"523\" width=\"931\"><source media=\"(min-width: 1280px)\" srcset=\"https:\/\/a57.foxnews.com\/static.foxnews.com\/foxnews.com\/content\/uploads\/2023\/06\/720\/405\/9.jpg?ve=1&amp;tl=1, https:\/\/a57.foxnews.com\/static.foxnews.com\/foxnews.com\/content\/uploads\/2023\/06\/1440\/810\/9.jpg?ve=1&amp;tl=1 2x\" height=\"405\" width=\"720\"><img loading=\"lazy\" decoding=\"async\" src=\"https:\/\/a57.foxnews.com\/static.foxnews.com\/foxnews.com\/content\/uploads\/2023\/06\/1200\/675\/9.jpg?ve=1&amp;tl=1\" alt=\"Saludo del Papa Francisco\" width=\"1200\" height=\"675\"\/><\/source><\/source><\/source><\/source><\/picture><\/div>\n<div class=\"info\">\n<div class=\"caption\">\n<p><span>El Papa Francisco ten\u00eda 76 a\u00f1os cuando fue elegido.<\/span> <span>(AP Photo\/Andrew Medichini)<\/span><\/p>\n<\/div>\n<\/div>\n<\/div>\n<p>Durante su papado de 12 a\u00f1os, el Papa Francisco tom\u00f3 afinidad por la expansi\u00f3n de la igualdad en la Iglesia Cat\u00f3lica, que inclu\u00eda caminos para cat\u00f3licos divorciados y bendiciones para parejas del mismo sexo.<\/p>\n<p>\u00abMi lectura es que ten\u00eda ciertos procesos y estructuras particulares que estaba muy interesado en ponerse en marcha, como el trabajo sobre la sinodalidad m\u00e1s recientemente\u00bb, dijo Gabrielli.<\/p>\n<p>El Papa Francisco tambi\u00e9n condujo una conversaci\u00f3n sobre el cambio clim\u00e1tico. Su \u00e9nfasis en la protecci\u00f3n del medio ambiente hizo lo mismo con el Papa Benedicto XVI y el Papa Juan Pablo II antes que \u00e9l.<\/p>\n<p>\u00abEstaba recogiendo ese impulso\u00bb, dijo Gabrielli. \u00abRealmente hay un hilo que ves sucediendo all\u00ed\u00bb.<\/p>\n<div class=\"image-ct inline\">\n<div class=\"m\"><picture><source media=\"(max-width: 767px)\" srcset=\"https:\/\/a57.foxnews.com\/static.foxnews.com\/foxnews.com\/content\/uploads\/2025\/04\/343\/192\/pope-franicis-dead_011.jpg?ve=1&amp;tl=1, https:\/\/a57.foxnews.com\/static.foxnews.com\/foxnews.com\/content\/uploads\/2025\/04\/686\/384\/pope-franicis-dead_011.jpg?ve=1&amp;tl=1 2x\" height=\"192\" width=\"343\"><source media=\"(min-width: 768px) and (max-width: 1023px)\" srcset=\"https:\/\/a57.foxnews.com\/static.foxnews.com\/foxnews.com\/content\/uploads\/2025\/04\/672\/378\/pope-franicis-dead_011.jpg?ve=1&amp;tl=1, https:\/\/a57.foxnews.com\/static.foxnews.com\/foxnews.com\/content\/uploads\/2025\/04\/1344\/756\/pope-franicis-dead_011.jpg?ve=1&amp;tl=1 2x\" height=\"378\" width=\"672\"><source media=\"(min-width: 1024px) and (max-width: 1279px)\" srcset=\"https:\/\/a57.foxnews.com\/static.foxnews.com\/foxnews.com\/content\/uploads\/2025\/04\/931\/523\/pope-franicis-dead_011.jpg?ve=1&amp;tl=1, https:\/\/a57.foxnews.com\/static.foxnews.com\/foxnews.com\/content\/uploads\/2025\/04\/1862\/1046\/pope-franicis-dead_011.jpg?ve=1&amp;tl=1 2x\" height=\"523\" width=\"931\"><source media=\"(min-width: 1280px)\" srcset=\"https:\/\/a57.foxnews.com\/static.foxnews.com\/foxnews.com\/content\/uploads\/2025\/04\/720\/405\/pope-franicis-dead_011.jpg?ve=1&amp;tl=1, https:\/\/a57.foxnews.com\/static.foxnews.com\/foxnews.com\/content\/uploads\/2025\/04\/1440\/810\/pope-franicis-dead_011.jpg?ve=1&amp;tl=1 2x\" height=\"405\" width=\"720\"><img loading=\"lazy\" decoding=\"async\" src=\"https:\/\/a57.foxnews.com\/static.foxnews.com\/foxnews.com\/content\/uploads\/2025\/04\/1200\/675\/pope-franicis-dead_011.jpg?ve=1&amp;tl=1\" alt=\"El Papa Francisco muere a los 88 a\u00f1os\" width=\"1200\" height=\"675\"\/><\/source><\/source><\/source><\/source><\/picture><\/div>\n<div class=\"info\">\n<div class=\"caption\">\n<p><span>El Papa Francisco muri\u00f3 el 21 de abril de 2025.<\/span> <span>(Andrew Medichini\/AP)<\/span><\/p>\n<\/div>\n<\/div>\n<\/div>\n<p><strong><u>Haga clic aqu\u00ed para llegar a la aplicaci\u00f3n Fox News<\/u><\/strong><\/p>\n<p>Actualmente, hay 252 cardenales vivos. Sin embargo, solo los principales miembros de la iglesia menores de 80 a\u00f1os son elegibles para votar. Un m\u00e1ximo de 120 electores cardinales constituye la universidad de votaci\u00f3n.<\/p>\n<p>El l\u00edmite fue establecido por el Papa Juan Pablo VI en 1975.<\/p>\n<p>\u00abCreo que es posible que alguien pueda ser visto tan cerca del Papa Francisco\u00bb, dijo Gabrielli sobre el pr\u00f3ximo Papa. \u00abCreo que es posible que alguien sea elegido que tenga un conjunto diferente de prioridades que el Papa Francisco\u00bb.<\/p>\n<p> <!----> <\/p>\n<div class=\"article-meta\">\n<div class=\"author-bio\">\n<p>Gabriele Regalbuto es editor senior de SEO en Fox News Digital. Gabriele tiene un t\u00edtulo de periodismo y comunicaciones de la Universidad de West Virginia. Ha trabajado para producir contenido para peri\u00f3dicos, revistas y plataformas digitales. En Fox, ha ayudado en la cobertura de eventos de noticias de \u00faltima hora, incluido el ciclo presidencial de 2024, las elecciones de mitad de per\u00edodo de 2022, la muerte de la reina Isabel II, la guerra en curso entre Rusia y Ucrania.<\/p>\n<\/div>\n<\/div>\n<\/div>\n\n","protected":false},"excerpt":{"rendered":"<p>A medida que el mundo presenta sus respetos finales al Papa Francisco, hombres y mujeres en todas partes, incluida una nueva generaci\u00f3n de fieles, espere con anticipaci\u00f3n a la Facultad de Cardenales para convocar y seleccionar un nuevo Papa. Un c\u00f3nclave, organizado por el Camerlengo, actualmente el cardenal Kevin Ferrell, comienza de 15 a 20 &hellip;<\/p>\n","protected":false},"author":1,"featured_media":24663,"comment_status":"open","ping_status":"open","sticky":false,"template":"","format":"standard","meta":{"fifu_image_url":"https:\/\/static.foxnews.com\/foxnews.com\/content\/uploads\/2025\/04\/pope-franicis-dead_008.jpg","fifu_image_alt":"","footnotes":""},"categories":[13],"tags":[],"class_list":["post-24661","post","type-post","status-publish","format-standard","has-post-thumbnail","","category-mundo"],"_links":{"self":[{"href":"https:\/\/noticiasveraces.com\/index.php?rest_route=\/wp\/v2\/posts\/24661","targetHints":{"allow":["GET"]}}],"collection":[{"href":"https:\/\/noticiasveraces.com\/index.php?rest_route=\/wp\/v2\/posts"}],"about":[{"href":"https:\/\/noticiasveraces.com\/index.php?rest_route=\/wp\/v2\/types\/post"}],"author":[{"embeddable":true,"href":"https:\/\/noticiasveraces.com\/index.php?rest_route=\/wp\/v2\/users\/1"}],"replies":[{"embeddable":true,"href":"https:\/\/noticiasveraces.com\/index.php?rest_route=%2Fwp%2Fv2%2Fcomments&post=24661"}],"version-history":[{"count":0,"href":"https:\/\/noticiasveraces.com\/index.php?rest_route=\/wp\/v2\/posts\/24661\/revisions"}],"wp:featuredmedia":[{"embeddable":true,"href":"https:\/\/noticiasveraces.com\/index.php?rest_route=\/wp\/v2\/media\/24663"}],"wp:attachment":[{"href":"https:\/\/noticiasveraces.com\/index.php?rest_route=%2Fwp%2Fv2%2Fmedia&parent=24661"}],"wp:term":[{"taxonomy":"category","embeddable":true,"href":"https:\/\/noticiasveraces.com\/index.php?rest_route=%2Fwp%2Fv2%2Fcategories&post=24661"},{"taxonomy":"post_tag","embeddable":true,"href":"https:\/\/noticiasveraces.com\/index.php?rest_route=%2Fwp%2Fv2%2Ftags&post=24661"}],"curies":[{"name":"wp","href":"https:\/\/api.w.org\/{rel}","templated":true}]}}