{"id":24652,"date":"2025-04-26T15:33:29","date_gmt":"2025-04-26T19:33:29","guid":{"rendered":"https:\/\/noticiasveraces.com\/?p=24652"},"modified":"2025-04-26T15:33:29","modified_gmt":"2025-04-26T19:33:29","slug":"tom-hanks-secuela-epica-de-la-segunda-guerra-mundial-anunciada-con-stephen-graham-peliculas-entretenimiento","status":"publish","type":"post","link":"https:\/\/noticiasveraces.com\/?p=24652","title":{"rendered":"Tom Hanks Secuela \u00e9pica de la Segunda Guerra Mundial anunciada con Stephen Graham | Pel\u00edculas | Entretenimiento"},"content":{"rendered":"<p> \n<\/p>\n<div>\n<p>En 2020, Tom Hanks protagoniz\u00f3 la adaptaci\u00f3n cinematogr\u00e1fica de la novela de CS Forester, The Good Shepherd.<\/p>\n<p>La historia de la Segunda Guerra Mundial sigue a un comandante de la Marina de los EE. UU. En su primera tarea, liderando un grupo de destructores de escoltas multinacionales para defender un convoy aliado de las submarinas alemanas.<\/p>\n<p>Ambientada durante la Batalla del Atl\u00e1ntico, Greyhound protagoniza Hanks como comandante Ernie Krause, un oficial naval cristiano cuya misi\u00f3n es an\u00e1loga al Salmo 23.<\/p>\n<p>El poema b\u00edblico escrito por el rey David habla de Dios como el buen pastor que gu\u00eda al monarca del Antiguo Testamento a trav\u00e9s del valle de la sombra de la muerte mientras sus enemigos lo rodean.<\/p>\n<p>El thriller de 90 minutos recibi\u00f3 cr\u00edticas positivas y permanece en la pel\u00edcula Top 10 de Apple TV+hasta el d\u00eda de hoy.<\/p>\n<\/div>\n<div>\n<p>Ahora Hanks est\u00e1 listo para repetir el papel en una secuela establecida dos a\u00f1os. Esta vez, la acci\u00f3n comienza con la tripulaci\u00f3n de Greyhound en D-Day antes de dirigirse al Teatro Pac\u00edfico. Presentado en enero de 2026, la estrella de la adolescencia Stephen Graham est\u00e1 en conversaciones para repetir su papel de teniente comandante Charlie Cole, seg\u00fan Deadline.<\/p>\n<p><em><strong>Una fecha de lanzamiento es TBC, pero supongamos que la pel\u00edcula estar\u00e1 en Apple TV+ en 2027.<\/strong><\/em><\/p>\n<\/div>\n\n","protected":false},"excerpt":{"rendered":"<p>En 2020, Tom Hanks protagoniz\u00f3 la adaptaci\u00f3n cinematogr\u00e1fica de la novela de CS Forester, The Good Shepherd. La historia de la Segunda Guerra Mundial sigue a un comandante de la Marina de los EE. UU. En su primera tarea, liderando un grupo de destructores de escoltas multinacionales para defender un convoy aliado de las submarinas &hellip;<\/p>\n","protected":false},"author":1,"featured_media":24653,"comment_status":"open","ping_status":"open","sticky":false,"template":"","format":"standard","meta":{"fifu_image_url":"https:\/\/cdn.images.express.co.uk\/img\/dynamic\/36\/1200x630\/6121440.jpg","fifu_image_alt":"","footnotes":""},"categories":[765],"tags":[],"class_list":["post-24652","post","type-post","status-publish","format-standard","has-post-thumbnail","","category-peliculas"],"_links":{"self":[{"href":"https:\/\/noticiasveraces.com\/index.php?rest_route=\/wp\/v2\/posts\/24652","targetHints":{"allow":["GET"]}}],"collection":[{"href":"https:\/\/noticiasveraces.com\/index.php?rest_route=\/wp\/v2\/posts"}],"about":[{"href":"https:\/\/noticiasveraces.com\/index.php?rest_route=\/wp\/v2\/types\/post"}],"author":[{"embeddable":true,"href":"https:\/\/noticiasveraces.com\/index.php?rest_route=\/wp\/v2\/users\/1"}],"replies":[{"embeddable":true,"href":"https:\/\/noticiasveraces.com\/index.php?rest_route=%2Fwp%2Fv2%2Fcomments&post=24652"}],"version-history":[{"count":0,"href":"https:\/\/noticiasveraces.com\/index.php?rest_route=\/wp\/v2\/posts\/24652\/revisions"}],"wp:featuredmedia":[{"embeddable":true,"href":"https:\/\/noticiasveraces.com\/index.php?rest_route=\/wp\/v2\/media\/24653"}],"wp:attachment":[{"href":"https:\/\/noticiasveraces.com\/index.php?rest_route=%2Fwp%2Fv2%2Fmedia&parent=24652"}],"wp:term":[{"taxonomy":"category","embeddable":true,"href":"https:\/\/noticiasveraces.com\/index.php?rest_route=%2Fwp%2Fv2%2Fcategories&post=24652"},{"taxonomy":"post_tag","embeddable":true,"href":"https:\/\/noticiasveraces.com\/index.php?rest_route=%2Fwp%2Fv2%2Ftags&post=24652"}],"curies":[{"name":"wp","href":"https:\/\/api.w.org\/{rel}","templated":true}]}}