{"id":24635,"date":"2025-04-26T14:05:18","date_gmt":"2025-04-26T18:05:18","guid":{"rendered":"https:\/\/noticiasveraces.com\/?p=24635"},"modified":"2025-04-26T14:05:18","modified_gmt":"2025-04-26T18:05:18","slug":"francisco-y-las-personas-lgtbi-bendicion-o-decepcion-sociedad","status":"publish","type":"post","link":"https:\/\/noticiasveraces.com\/?p=24635","title":{"rendered":"Francisco y las personas LGTBI+: \u00bfbendici\u00f3n o decepci\u00f3n? | Sociedad"},"content":{"rendered":"<p> \n<\/p>\n<div data-dtm-region=\"articulo_cuerpo\">\n<p class=\"\">Reformador y revolucionario para unos. Demasiado continuista y comedido para otros. A lo largo de sus 12 a\u00f1os de pontificado, Francisco ha sido descrito como un \u201chereje, populista\u201d que ven\u00eda a poner todo patas arriba, por parte de los sectores eclesi\u00e1sticos m\u00e1s conservadores. A la vez, las voces m\u00e1s progresistas se han referido a su mandato como una decepci\u00f3n, una oportunidad perdida debido a su falta de avances reales. Una dualidad que se replica en su aproximaci\u00f3n hacia las personas LGTBI+.<\/p>\n<p class=\"\">\u201cSi una persona es gay y busca al Se\u00f1or y tiene buena voluntad, \u00bfqui\u00e9n soy yo para juzgar? El catecismo de la Iglesia cat\u00f3lica lo explica de forma muy bella. Dice que no se debe marginar a estas personas. Hay que integrarlas en la sociedad\u201d. Esta idea, expresada por Francisco en 2013, al inicio de su papado, parec\u00eda que anunciaba un avance en el reconocimiento de las personas LGTBI+ en el seno de la Iglesia. \u201cHa sido un pontificado muy positivo: ha dignificado a las personas LGTBI+, nos ha humanizado\u201d, resume Ra\u00fal Pe\u00f1a, portavoz de la organizaci\u00f3n espa\u00f1ola de cristianos LGTBI+ Crismhom. Pe\u00f1a, creyente y gay, considera que hasta la llegada de Bergoglio al Vaticano el colectivo estaba excluido, adem\u00e1s de culpabilizado. \u201cYa no, ahora somos uno m\u00e1s en la Iglesia\u201d, agrega.<\/p>\n<p class=\"\">Durante su pontificado, Francisco ha realizado dos declaraciones papales relativas al colectivo. En una de ellas, especificaba que las personas trans pod\u00edan ser bautizadas, habilit\u00e1ndolas tambi\u00e9n para ejercer como madrina o padrino en otros actos (bautismos, comuniones, matrimonios). Toda una revoluci\u00f3n en la Iglesia, aunque con matices: ese bautismo puede realizarse \u201csi no existe riesgo de generar esc\u00e1ndalo p\u00fablico o desorientaci\u00f3n entre los fieles\u201d. \u201cSe trata de una bendici\u00f3n discrecional\u201d, lamenta Gema Segoviano, co-coordinadora del Grupo de Fe y Espiritualidad de la Federaci\u00f3n Estatal LGTBI+ (Felgtbi+), \u201cy se remarca que no se le debe dar mucha publicidad por el esc\u00e1ndalo\u201d. \u201cPara esc\u00e1ndalo, el de la pederastia\u201d, lanza Segoviano, que critica que se deje en manos de los p\u00e1rrocos \u2015y sus visiones personales\u2015 la decisi\u00f3n de otorgar el primer sacramento. \u201cNo ha aprovechado su papado para cambiar la doctrina\u201d, agrega.<\/p>\n<p class=\"\">En general, Francisco ha realizado pocos cambios doctrinales \u2015dogmas, principios teol\u00f3gicos, morales y pr\u00e1cticas rituales\u2015, m\u00e1s bien ha fomentado nuevas aproximaciones, tambi\u00e9n con respecto a las personas LGTBI+. \u201cVemos continuamente c\u00f3mo se aparta a personas LGTBI+ de sus tareas en iglesias o cofrad\u00edas en cuanto se hacen visibles, como por ejemplo cuando se sabe que est\u00e1n casados\u201d, incide Segoviano. Para ella, durante este pontificado solamente se han \u201cabierto las ventanas para airear\u201d, pero no para una verdadera acci\u00f3n transformadora: \u201cEl Papa ha intentado actuar como puente para que muchas personas pudieran ser escuchadas\u201d.<\/p>\n<p class=\"\">\u201cLa conmoci\u00f3n por la muerte del Papa no puede hacernos olvidar que se opuso a muchas conquistas sociales\u201d, resume la periodista argentina Leila Guerriero en una opini\u00f3n publicada en EL PA\u00cdS. Una de ellas, el matrimonio igualitario. En otra declaraci\u00f3n papal, que soliviant\u00f3 a los sectores m\u00e1s conservadores, el argentino dio su visto bueno a bendecir las uniones entre personas del mismo sexo. No as\u00ed a los casamientos entre personas del mismo sexo. En 2010, cuando se aprob\u00f3 la norma en Argentina y \u00e9l ejerc\u00eda de arzobispo de Buenos Aires \u2015fue nombrado por el ultraconservador Juan Pablo II\u2015, Bergoglio compar\u00f3 la norma con una \u201cpretensi\u00f3n destructiva al plan de Dios\u201d. M\u00e1s recientemente, en 2021 y ya como Papa, afirm\u00f3 que \u201cel matrimonio es un sacramento de la Iglesia y no se puede cambiar\u201d. Y matiz\u00f3 de nuevo: \u201cPero hay leyes [como la de matrimonio igualitario] que intentan ayudar a tanta gente de orientaci\u00f3n sexual diferente. Esto es importante\u201d.<\/p>\n<h3 class=\"\">Garantizar el derecho a la espiritualidad<\/h3>\n<p class=\"\">Bergoglio organiz\u00f3 un s\u00ednodo para hablar de fomentar una mayor inclusi\u00f3n en la Iglesia de las mujeres y de las personas LGTBI+. Adem\u00e1s, durante su ejercicio se reuni\u00f3 varias veces con representantes del colectivo, recibi\u00f3 por primera vez a una persona trans en el Vaticano (el espa\u00f1ol Diego Neira) y, durante la pandemia, estableci\u00f3 relaciones con un grupo de mujeres trans y migrantes que se prostitu\u00edan en las calles de Roma, y a las que posteriormente sigui\u00f3 viendo. \u201cEl mayor temor es que nunca se sabe c\u00f3mo ser\u00e1n las cosas en el futuro, que si \u00e9l deja de liderar la Iglesia, pueda haber un retroceso\u201d, dec\u00eda una de ellas, Garnica, de 47 a\u00f1os, en declaraciones a AP, poco antes de su muerte. En esos d\u00edas, ella, junto a otras compa\u00f1eras, como Laura Esquivel, rezaba por la salud de Francisco.<\/p>\n<figure class=\"a_m a_m-h \"><span class=\"_db a_m_w _pr lb_btn\"><img alt=\"Franscisco conversa con Laura Esquivel, mujer trans nacida en Paraguay que se prostitu\u00eda en Roma, el 27 de marzo de 2024. Era la tercera vez que se ve\u00edan. \" decoding=\"auto\" class=\"_re lazyload a_m-h\" height=\"311\" srcset=\"https:\/\/imagenes.elpais.com\/resizer\/v2\/LZZBXQFT35GNXKRA25T5D2KRNQ.jpg?auth=760ab9650feb13d5f07f1efb1b9dbf9d59254bf1e0d407f76e44b77a226a3b2e&amp;width=414 414w,https:\/\/imagenes.elpais.com\/resizer\/v2\/LZZBXQFT35GNXKRA25T5D2KRNQ.jpg?auth=760ab9650feb13d5f07f1efb1b9dbf9d59254bf1e0d407f76e44b77a226a3b2e&amp;width=828 640w,https:\/\/imagenes.elpais.com\/resizer\/v2\/LZZBXQFT35GNXKRA25T5D2KRNQ.jpg?auth=760ab9650feb13d5f07f1efb1b9dbf9d59254bf1e0d407f76e44b77a226a3b2e&amp;width=980 1000w,https:\/\/imagenes.elpais.com\/resizer\/v2\/LZZBXQFT35GNXKRA25T5D2KRNQ.jpg?auth=760ab9650feb13d5f07f1efb1b9dbf9d59254bf1e0d407f76e44b77a226a3b2e&amp;width=1960 1960w\" width=\"414\" sizes=\"auto, (min-width:1199px) 1155px,(min-width:1001px) calc(100vw - 44px),(min-width:768px) 767px, 100vw\" src=\"https:\/\/imagenes.elpais.com\/resizer\/v2\/LZZBXQFT35GNXKRA25T5D2KRNQ.jpg?auth=760ab9650feb13d5f07f1efb1b9dbf9d59254bf1e0d407f76e44b77a226a3b2e&amp;width=414\" loading=\"lazy\"\/><svg aria-hidden=\"true\" class=\"icon_multimedia_ampliar | _pa a_m_i a_m_i-a _dn\" viewbox=\"0 0 40 40\"><use xlink:href=\"#svg-ampliar\"\/><\/svg><\/span><figcaption class=\"a_m_p\" aria-hidden=\"true\"><span>Franscisco conversa con Laura Esquivel, mujer trans nacida en Paraguay que se prostitu\u00eda en Roma, el 27 de marzo de 2024. Era la tercera vez que se ve\u00edan. <\/span><span class=\"a_m_m\">The Washington Post (The Washington Post a trav\u00e9s de Getty Images)<\/span><\/figcaption><\/figure>\n<p class=\"\">El 2025 es un a\u00f1o jubilar (o santo) y Francisco hab\u00eda organizado una jornada para personas LGTBI+ en septiembre. Muchos creyentes del colectivo abrazaron la propuesta y se organizaron para peregrinar al Vaticano. La sevillana Victoria Rodr\u00edguez es una de ellas. \u201cAhora, con su muerte, todo queda un poco en el aire, aunque espero que se mantenga\u201d, cuenta esta mujer trans de 44 a\u00f1os. \u201cTambi\u00e9n, que el nuevo Papa siga la l\u00ednea actual no solo por las personas LGTBI+, sino por la propia Iglesia: nosotras tambi\u00e9n estamos incluidas en el camino de Jes\u00fas. Ese es el verdadero esp\u00edritu cristiano\u201d, agrega. Rodr\u00edguez retoma una idea promulgada por Bergoglio en 2018, cuando le dijo a un hombre gay: \u201cDios te hizo as\u00ed y te ama\u201d.<\/p>\n<p class=\"\">\u201cCreo que el Papa Francisco era un aliado LGTBI+ mucho m\u00e1s potente de lo que aparec\u00eda en p\u00fablico\u201d, afirma el periodista John Casey en una columna escrita en <i>El defensor<\/i>medio estadounidense de referencia del colectivo que comenz\u00f3 a publicarse en 1967. \u201cPor primera vez en mi vida, sent\u00ed que un Papa me amaba, me comprend\u00eda y, lo m\u00e1s importante, me ve\u00eda y me aceptaba\u201d, contin\u00faa su texto. De hecho, en 2013 (tras la frase del Papa: \u201c\u00bfQui\u00e9n soy yo para juzgar?\u201d), la publicaci\u00f3n consider\u00f3 a Francisco persona del a\u00f1o: \u201c[Sus palabras] Fueron muy poderosas\u201d, afirma Casey.<\/p>\n<p class=\"\">Desde Crismhom tambi\u00e9n consideran que \u201cFrancisco ha dejado una huella imborrable en la historia de la Iglesia, particularmente en lo que respecta al acercamiento hacia nuestro colectivo LGTBI+\u201d. \u201cCon gestos valientes y palabras llenas de humanidad, supo abrir espacios de di\u00e1logo y tender puentes donde durante siglos solo hubo silencio, distancia o rechazo\u201d, resumen en un comunicado. A pesar de ello, remarcan que \u201ca\u00fan quedan muchos pasos por dar\u201d para una inclusi\u00f3n plena de las personas LGTBI+ en la Iglesia. \u201cSeguimos so\u00f1ando con una Iglesia donde la diversidad no solo se tolere, sino que se celebre como signo de la presencia multiforme de Dios en la humanidad\u201d.<\/p>\n<p class=\"\">Una idea que comparten en la Felgtbi+ que tambi\u00e9n lamenta que los gestos de Francisco no se tradujeran en garantizar la igualdad para las personas LGTBI+ en el \u00e1mbito religioso: \u201cSe nos sigue se\u00f1alando como personas no dignas. Confiamos en que su sucesor sea capaz de encontrar caminos para que las personas creyentes del colectivo podamos desarrollar nuestro derecho a la fe y la espiritualidad, no desde los m\u00e1rgenes, sino en unos espacios donde tambi\u00e9n deber\u00edamos ser bienvenidas y acogidas\u201d.<\/p>\n<div class=\"a_de\" data-dtm-region=\"articulo_sumarioenlaces-despiece\">\n<h3 class=\"a_de_t\">Gestos (y dardos) de Francisco hacia las personas LGTBI+<\/h3>\n<div class=\"a_de_txt\">\n<ul>\n<li>Francisco fue ungido el 13 de marzo de 2013. Cuatro meses despu\u00e9s, el 30 de julio, expres\u00f3 una idea que marc\u00f3 su relaci\u00f3n con el colectivo: \u201cSi una persona es gay y busca al Se\u00f1or y tiene buena voluntad, \u00bfqui\u00e9n soy yo para juzgar?\u201d. <\/li>\n<li>\u201cDios te hizo as\u00ed y te ama\u201d. Estas palabras se las dirigi\u00f3 Bergoglio a un hombre homosexual en mayo de 2018. Una idea abrazada por las personas creyentes LGTBI+. En agosto de ese a\u00f1o, el argentino coment\u00f3, durante una rueda de prensa, que los padres de hijos homosexuales podr\u00edan recurrir a la psiquiatr\u00eda. Despu\u00e9s, desde el Vaticano se elimin\u00f3 esa frase de su comunicado oficial.  <\/li>\n<li>En noviembre de 2020, el Vaticano confirm\u00f3 el apoyo del Papa a las protecciones legales para las parejas del mismo sexo.<\/li>\n<li>\u201cSer homosexual no es un delito\u201d, afirm\u00f3 el argentino el 24 de enero de 2023, durante una entrevista con AP. Cuatro d\u00edas despu\u00e9s, matiz\u00f3 que aunque no fuera un delito, s\u00ed que era pecado. \u201cMe refer\u00ed a la ense\u00f1anza de la moral cat\u00f3lica, que dice que todo acto sexual fuera del matrimonio es pecado\u201d, aclar\u00f3 el Pont\u00edfice.<\/li>\n<li>Durante la Jornada Mundial de la Juventud (JMJ, un encuentro de j\u00f3venes de todo el mundo con el Papa) de 2023, en Lisboa, Bergoglio se dirigi\u00f3 a medio mill\u00f3n de j\u00f3venes coreando: \u201cTodos, todos, todos\u2026 en la Iglesia hay espacio para todos\u201d. Se convirti\u00f3 en otro emblema para los creyentes del colectivo. En octubre de ese a\u00f1o, en una declaraci\u00f3n papal, dio su aprobaci\u00f3n a que las personas trans puedan recibir el bautismo y ejercer como madrinas o padrinos en sacramentos eclesi\u00e1sticos.<\/li>\n<li>Las bendiciones a las uniones de parejas homosexuales se anunciaron el 19 de diciembre de 2023, dejando claro que en ning\u00fan caso se podr\u00edan asemejar al matrimonio.<\/li>\n<li>En marzo de 2024, Francisco declar\u00f3 las operaciones de reasignaci\u00f3n como una violaci\u00f3n grave de la dignidad humana, una pr\u00e1ctica contraria al plan de Dios, como el aborto y la eutanasia.<\/li>\n<li>\u201cMariconer\u00edo en el seminario\u201d. En mayo del a\u00f1o pasado, el Papa, en una reuni\u00f3n privada con obispos italianos, dijo esta frase para reafirmar la prohibici\u00f3n de la Iglesia a que hubiera sacerdotes homosexuales. Despu\u00e9s, se disculp\u00f3.<\/li>\n<\/ul>\n<\/div>\n<\/div>\n<\/div>\n\n","protected":false},"excerpt":{"rendered":"<p>Reformador y revolucionario para unos. Demasiado continuista y comedido para otros. A lo largo de sus 12 a\u00f1os de pontificado, Francisco ha sido descrito como un \u201chereje, populista\u201d que ven\u00eda a poner todo patas arriba, por parte de los sectores eclesi\u00e1sticos m\u00e1s conservadores. A la vez, las voces m\u00e1s progresistas se han referido a su &hellip;<\/p>\n","protected":false},"author":1,"featured_media":24636,"comment_status":"open","ping_status":"open","sticky":false,"template":"","format":"standard","meta":{"fifu_image_url":"https:\/\/imagenes.elpais.com\/resizer\/v2\/ALV2WM7J55D7BDGNPIBHXLKZDM.jpg?auth=14f72a89351d6cda6dd9469a65dae6e4cfc0b015d3edc6699a5c9573b0ba9f47&width=1200","fifu_image_alt":"","footnotes":""},"categories":[11],"tags":[],"class_list":["post-24635","post","type-post","status-publish","format-standard","has-post-thumbnail","","category-viaje"],"_links":{"self":[{"href":"https:\/\/noticiasveraces.com\/index.php?rest_route=\/wp\/v2\/posts\/24635","targetHints":{"allow":["GET"]}}],"collection":[{"href":"https:\/\/noticiasveraces.com\/index.php?rest_route=\/wp\/v2\/posts"}],"about":[{"href":"https:\/\/noticiasveraces.com\/index.php?rest_route=\/wp\/v2\/types\/post"}],"author":[{"embeddable":true,"href":"https:\/\/noticiasveraces.com\/index.php?rest_route=\/wp\/v2\/users\/1"}],"replies":[{"embeddable":true,"href":"https:\/\/noticiasveraces.com\/index.php?rest_route=%2Fwp%2Fv2%2Fcomments&post=24635"}],"version-history":[{"count":0,"href":"https:\/\/noticiasveraces.com\/index.php?rest_route=\/wp\/v2\/posts\/24635\/revisions"}],"wp:featuredmedia":[{"embeddable":true,"href":"https:\/\/noticiasveraces.com\/index.php?rest_route=\/wp\/v2\/media\/24636"}],"wp:attachment":[{"href":"https:\/\/noticiasveraces.com\/index.php?rest_route=%2Fwp%2Fv2%2Fmedia&parent=24635"}],"wp:term":[{"taxonomy":"category","embeddable":true,"href":"https:\/\/noticiasveraces.com\/index.php?rest_route=%2Fwp%2Fv2%2Fcategories&post=24635"},{"taxonomy":"post_tag","embeddable":true,"href":"https:\/\/noticiasveraces.com\/index.php?rest_route=%2Fwp%2Fv2%2Ftags&post=24635"}],"curies":[{"name":"wp","href":"https:\/\/api.w.org\/{rel}","templated":true}]}}